{"id":3343,"date":"2026-03-10T12:04:27","date_gmt":"2026-03-10T11:04:27","guid":{"rendered":"https:\/\/llarscompartides.org\/carme-trilla-cruz-de-la-orden-del-merito-civil-por-la-labor-en-defensa-del-derecho-a-la-vivienda\/"},"modified":"2026-03-10T12:04:27","modified_gmt":"2026-03-10T11:04:27","slug":"carme-trilla-cruz-de-la-orden-del-merito-civil-por-la-labor-en-defensa-del-derecho-a-la-vivienda","status":"publish","type":"post","link":"https:\/\/llarscompartides.org\/es\/carme-trilla-cruz-de-la-orden-del-merito-civil-por-la-labor-en-defensa-del-derecho-a-la-vivienda\/","title":{"rendered":"Carme Trilla &#8211; Cruz de la Orden del M\u00e9rito Civil por la labor en defensa del derecho a la vivienda"},"content":{"rendered":"<p>El Gobierno del Estado le ha concedido un reconocimiento por su compromiso con la defensa del derecho a la vivienda, y la formulaci\u00f3n de pol\u00edticas p\u00fablicas.<\/p>\n<p>Carme Trilla es presidenta de H\u00e1bitat3 y de Cohabitac. Desde los a\u00f1os 80, ha sido una voz imprescindible en la configuraci\u00f3n de las estrategias de pol\u00edtica de vivienda en Espa\u00f1a. Tanto desde la Generalitat de Catalunya como desde instituciones como el Observatorio Metropolitano de la Vivienda de Barcelona, \u200b\u200bque actualmente preside.  <\/p>\n<p>El reconocimiento llega en un momento clave, en el que el acceso a una vivienda digna se mantiene como una de las principales preocupaciones sociales, y uno de los retos m\u00e1s urgentes del pa\u00eds.<\/p>\n<p><a href=\"https:\/\/www.habitat3.cat\/habitat3\/carme-trilla-rep-la-cruz-de-la-orden-del-merito-civil-un-reconeixement-al-compromis-amb-el-dret-a-lhabitatge\/\"><span style=\"color: #800000;\">Continuar leyendo<\/span><\/a><\/p>\n<p>&nbsp;<\/p>\n","protected":false},"excerpt":{"rendered":"<p>El Gobierno del Estado le ha concedido un reconocimiento por su compromiso con la defensa del derecho a la vivienda, y la formulaci\u00f3n de pol\u00edticas p\u00fablicas. Carme Trilla es presidenta de H\u00e1bitat3 y de Cohabitac. Desde los a\u00f1os 80, ha sido una voz imprescindible en&#8230;<\/p>\n","protected":false},"author":4,"featured_media":3342,"comment_status":"closed","ping_status":"closed","sticky":false,"template":"","format":"standard","meta":{"footnotes":""},"categories":[16],"tags":[],"class_list":["post-3343","post","type-post","status-publish","format-standard","has-post-thumbnail","hentry","category-sin-categorizar-es"],"yoast_head":"<!-- This site is optimized with the Yoast SEO plugin v27.5 - https:\/\/yoast.com\/product\/yoast-seo-wordpress\/ -->\n<title>Carme Trilla - Cruz de la Orden del M\u00e9rito Civil por la labor en defensa del derecho a la vivienda - FLLC<\/title>\n<meta name=\"description\" content=\"Desde los a\u00f1os 80, Carme Trilla ha sido una voz imprescindible en la configuraci\u00f3n de las estrategias de pol\u00edtica de vivienda en Espa\u00f1a. Tanto desde la Generalitat de Catalunya como desde instituciones como el Observatorio Metropolitano de la Vivienda de Barcelona, \u200b\u200bque actualmente preside.\" \/>\n<meta name=\"robots\" content=\"index, follow, max-snippet:-1, max-image-preview:large, max-video-preview:-1\" \/>\n<link rel=\"canonical\" href=\"https:\/\/llarscompartides.org\/es\/carme-trilla-cruz-de-la-orden-del-merito-civil-por-la-labor-en-defensa-del-derecho-a-la-vivienda\/\" \/>\n<meta property=\"og:locale\" content=\"es_ES\" \/>\n<meta property=\"og:type\" content=\"article\" \/>\n<meta property=\"og:title\" content=\"Carme Trilla - Cruz de la Orden del M\u00e9rito Civil por la labor en defensa del derecho a la vivienda - FLLC\" \/>\n<meta property=\"og:description\" content=\"Desde los a\u00f1os 80, Carme Trilla ha sido una voz imprescindible en la configuraci\u00f3n de las estrategias de pol\u00edtica de vivienda en Espa\u00f1a. Tanto desde la Generalitat de Catalunya como desde instituciones como el Observatorio Metropolitano de la Vivienda de Barcelona, \u200b\u200bque actualmente preside.\" \/>\n<meta property=\"og:url\" content=\"https:\/\/llarscompartides.org\/es\/carme-trilla-cruz-de-la-orden-del-merito-civil-por-la-labor-en-defensa-del-derecho-a-la-vivienda\/\" \/>\n<meta property=\"og:site_name\" content=\"FLLC\" \/>\n<meta property=\"article:published_time\" content=\"2026-03-10T11:04:27+00:00\" \/>\n<meta property=\"og:image\" content=\"https:\/\/llarscompartides.org\/wp-content\/uploads\/2026\/03\/Carme-Trilla_Casa-Bloc.jpg\" \/>\n\t<meta property=\"og:image:width\" content=\"915\" \/>\n\t<meta property=\"og:image:height\" content=\"819\" \/>\n\t<meta property=\"og:image:type\" content=\"image\/jpeg\" \/>\n<meta name=\"author\" content=\"Alicia\" \/>\n<meta name=\"twitter:card\" content=\"summary_large_image\" \/>\n<meta name=\"twitter:creator\" content=\"@LlarsCompartids\" \/>\n<meta name=\"twitter:site\" content=\"@LlarsCompartids\" \/>\n<meta name=\"twitter:label1\" content=\"Escrito por\" \/>\n\t<meta name=\"twitter:data1\" content=\"Alicia\" \/>\n\t<meta name=\"twitter:label2\" content=\"Tiempo de lectura\" \/>\n\t<meta name=\"twitter:data2\" content=\"1 minuto\" \/>\n<script type=\"application\/ld+json\" class=\"yoast-schema-graph\">{\"@context\":\"https:\\\/\\\/schema.org\",\"@graph\":[{\"@type\":\"Article\",\"@id\":\"https:\\\/\\\/llarscompartides.org\\\/es\\\/carme-trilla-cruz-de-la-orden-del-merito-civil-por-la-labor-en-defensa-del-derecho-a-la-vivienda\\\/#article\",\"isPartOf\":{\"@id\":\"https:\\\/\\\/llarscompartides.org\\\/es\\\/carme-trilla-cruz-de-la-orden-del-merito-civil-por-la-labor-en-defensa-del-derecho-a-la-vivienda\\\/\"},\"author\":{\"name\":\"Alicia\",\"@id\":\"https:\\\/\\\/llarscompartides.org\\\/es\\\/#\\\/schema\\\/person\\\/53f7ef669aa691003a8d419d39534274\"},\"headline\":\"Carme Trilla &#8211; Cruz de la Orden del M\u00e9rito Civil por la labor en defensa del derecho a la vivienda\",\"datePublished\":\"2026-03-10T11:04:27+00:00\",\"mainEntityOfPage\":{\"@id\":\"https:\\\/\\\/llarscompartides.org\\\/es\\\/carme-trilla-cruz-de-la-orden-del-merito-civil-por-la-labor-en-defensa-del-derecho-a-la-vivienda\\\/\"},\"wordCount\":144,\"publisher\":{\"@id\":\"https:\\\/\\\/llarscompartides.org\\\/es\\\/#organization\"},\"image\":{\"@id\":\"https:\\\/\\\/llarscompartides.org\\\/es\\\/carme-trilla-cruz-de-la-orden-del-merito-civil-por-la-labor-en-defensa-del-derecho-a-la-vivienda\\\/#primaryimage\"},\"thumbnailUrl\":\"https:\\\/\\\/llarscompartides.org\\\/wp-content\\\/uploads\\\/2026\\\/03\\\/Carme-Trilla_Casa-Bloc.jpg\",\"articleSection\":[\"Sin categorizar\"],\"inLanguage\":\"es\"},{\"@type\":\"WebPage\",\"@id\":\"https:\\\/\\\/llarscompartides.org\\\/es\\\/carme-trilla-cruz-de-la-orden-del-merito-civil-por-la-labor-en-defensa-del-derecho-a-la-vivienda\\\/\",\"url\":\"https:\\\/\\\/llarscompartides.org\\\/es\\\/carme-trilla-cruz-de-la-orden-del-merito-civil-por-la-labor-en-defensa-del-derecho-a-la-vivienda\\\/\",\"name\":\"Carme Trilla - Cruz de la Orden del M\u00e9rito Civil por la labor en defensa del derecho a la vivienda - FLLC\",\"isPartOf\":{\"@id\":\"https:\\\/\\\/llarscompartides.org\\\/es\\\/#website\"},\"primaryImageOfPage\":{\"@id\":\"https:\\\/\\\/llarscompartides.org\\\/es\\\/carme-trilla-cruz-de-la-orden-del-merito-civil-por-la-labor-en-defensa-del-derecho-a-la-vivienda\\\/#primaryimage\"},\"image\":{\"@id\":\"https:\\\/\\\/llarscompartides.org\\\/es\\\/carme-trilla-cruz-de-la-orden-del-merito-civil-por-la-labor-en-defensa-del-derecho-a-la-vivienda\\\/#primaryimage\"},\"thumbnailUrl\":\"https:\\\/\\\/llarscompartides.org\\\/wp-content\\\/uploads\\\/2026\\\/03\\\/Carme-Trilla_Casa-Bloc.jpg\",\"datePublished\":\"2026-03-10T11:04:27+00:00\",\"description\":\"Desde los a\u00f1os 80, Carme Trilla ha sido una voz imprescindible en la configuraci\u00f3n de las estrategias de pol\u00edtica de vivienda en Espa\u00f1a. Tanto desde la Generalitat de Catalunya como desde instituciones como el Observatorio Metropolitano de la Vivienda de Barcelona, \u200b\u200bque actualmente preside.\",\"breadcrumb\":{\"@id\":\"https:\\\/\\\/llarscompartides.org\\\/es\\\/carme-trilla-cruz-de-la-orden-del-merito-civil-por-la-labor-en-defensa-del-derecho-a-la-vivienda\\\/#breadcrumb\"},\"inLanguage\":\"es\",\"potentialAction\":[{\"@type\":\"ReadAction\",\"target\":[\"https:\\\/\\\/llarscompartides.org\\\/es\\\/carme-trilla-cruz-de-la-orden-del-merito-civil-por-la-labor-en-defensa-del-derecho-a-la-vivienda\\\/\"]}]},{\"@type\":\"ImageObject\",\"inLanguage\":\"es\",\"@id\":\"https:\\\/\\\/llarscompartides.org\\\/es\\\/carme-trilla-cruz-de-la-orden-del-merito-civil-por-la-labor-en-defensa-del-derecho-a-la-vivienda\\\/#primaryimage\",\"url\":\"https:\\\/\\\/llarscompartides.org\\\/wp-content\\\/uploads\\\/2026\\\/03\\\/Carme-Trilla_Casa-Bloc.jpg\",\"contentUrl\":\"https:\\\/\\\/llarscompartides.org\\\/wp-content\\\/uploads\\\/2026\\\/03\\\/Carme-Trilla_Casa-Bloc.jpg\",\"width\":915,\"height\":819},{\"@type\":\"BreadcrumbList\",\"@id\":\"https:\\\/\\\/llarscompartides.org\\\/es\\\/carme-trilla-cruz-de-la-orden-del-merito-civil-por-la-labor-en-defensa-del-derecho-a-la-vivienda\\\/#breadcrumb\",\"itemListElement\":[{\"@type\":\"ListItem\",\"position\":1,\"name\":\"Home\",\"item\":\"https:\\\/\\\/llarscompartides.org\\\/es\\\/inicio-nueva\\\/\"},{\"@type\":\"ListItem\",\"position\":2,\"name\":\"Carme Trilla &#8211; Cruz de la Orden del M\u00e9rito Civil por la labor en defensa del derecho a la vivienda\"}]},{\"@type\":\"WebSite\",\"@id\":\"https:\\\/\\\/llarscompartides.org\\\/es\\\/#website\",\"url\":\"https:\\\/\\\/llarscompartides.org\\\/es\\\/\",\"name\":\"llarscompartides.com\",\"description\":\"Fundaci\u00f3 llars compartides\",\"publisher\":{\"@id\":\"https:\\\/\\\/llarscompartides.org\\\/es\\\/#organization\"},\"potentialAction\":[{\"@type\":\"SearchAction\",\"target\":{\"@type\":\"EntryPoint\",\"urlTemplate\":\"https:\\\/\\\/llarscompartides.org\\\/es\\\/?s={search_term_string}\"},\"query-input\":{\"@type\":\"PropertyValueSpecification\",\"valueRequired\":true,\"valueName\":\"search_term_string\"}}],\"inLanguage\":\"es\"},{\"@type\":\"Organization\",\"@id\":\"https:\\\/\\\/llarscompartides.org\\\/es\\\/#organization\",\"name\":\"Fundaci\u00f3 Llars Compartides\",\"url\":\"https:\\\/\\\/llarscompartides.org\\\/es\\\/\",\"logo\":{\"@type\":\"ImageObject\",\"inLanguage\":\"es\",\"@id\":\"https:\\\/\\\/llarscompartides.org\\\/es\\\/#\\\/schema\\\/logo\\\/image\\\/\",\"url\":\"https:\\\/\\\/llarscompartides.org\\\/wp-content\\\/uploads\\\/2023\\\/06\\\/logo-llars-compartides-001.jpg\",\"contentUrl\":\"https:\\\/\\\/llarscompartides.org\\\/wp-content\\\/uploads\\\/2023\\\/06\\\/logo-llars-compartides-001.jpg\",\"width\":1684,\"height\":1191,\"caption\":\"Fundaci\u00f3 Llars Compartides\"},\"image\":{\"@id\":\"https:\\\/\\\/llarscompartides.org\\\/es\\\/#\\\/schema\\\/logo\\\/image\\\/\"},\"sameAs\":[\"https:\\\/\\\/x.com\\\/LlarsCompartids\",\"https:\\\/\\\/www.linkedin.com\\\/in\\\/fundaci-privada-llars-compartides-930216a6\\\/\"]},{\"@type\":\"Person\",\"@id\":\"https:\\\/\\\/llarscompartides.org\\\/es\\\/#\\\/schema\\\/person\\\/53f7ef669aa691003a8d419d39534274\",\"name\":\"Alicia\",\"url\":\"https:\\\/\\\/llarscompartides.org\\\/es\\\/author\\\/fundacio\\\/\"}]}<\/script>\n<!-- \/ Yoast SEO plugin. -->","yoast_head_json":{"title":"Carme Trilla - Cruz de la Orden del M\u00e9rito Civil por la labor en defensa del derecho a la vivienda - FLLC","description":"Desde los a\u00f1os 80, Carme Trilla ha sido una voz imprescindible en la configuraci\u00f3n de las estrategias de pol\u00edtica de vivienda en Espa\u00f1a. Tanto desde la Generalitat de Catalunya como desde instituciones como el Observatorio Metropolitano de la Vivienda de Barcelona, \u200b\u200bque actualmente preside.","robots":{"index":"index","follow":"follow","max-snippet":"max-snippet:-1","max-image-preview":"max-image-preview:large","max-video-preview":"max-video-preview:-1"},"canonical":"https:\/\/llarscompartides.org\/es\/carme-trilla-cruz-de-la-orden-del-merito-civil-por-la-labor-en-defensa-del-derecho-a-la-vivienda\/","og_locale":"es_ES","og_type":"article","og_title":"Carme Trilla - Cruz de la Orden del M\u00e9rito Civil por la labor en defensa del derecho a la vivienda - FLLC","og_description":"Desde los a\u00f1os 80, Carme Trilla ha sido una voz imprescindible en la configuraci\u00f3n de las estrategias de pol\u00edtica de vivienda en Espa\u00f1a. Tanto desde la Generalitat de Catalunya como desde instituciones como el Observatorio Metropolitano de la Vivienda de Barcelona, \u200b\u200bque actualmente preside.","og_url":"https:\/\/llarscompartides.org\/es\/carme-trilla-cruz-de-la-orden-del-merito-civil-por-la-labor-en-defensa-del-derecho-a-la-vivienda\/","og_site_name":"FLLC","article_published_time":"2026-03-10T11:04:27+00:00","og_image":[{"width":915,"height":819,"url":"https:\/\/llarscompartides.org\/wp-content\/uploads\/2026\/03\/Carme-Trilla_Casa-Bloc.jpg","type":"image\/jpeg"}],"author":"Alicia","twitter_card":"summary_large_image","twitter_creator":"@LlarsCompartids","twitter_site":"@LlarsCompartids","twitter_misc":{"Escrito por":"Alicia","Tiempo de lectura":"1 minuto"},"schema":{"@context":"https:\/\/schema.org","@graph":[{"@type":"Article","@id":"https:\/\/llarscompartides.org\/es\/carme-trilla-cruz-de-la-orden-del-merito-civil-por-la-labor-en-defensa-del-derecho-a-la-vivienda\/#article","isPartOf":{"@id":"https:\/\/llarscompartides.org\/es\/carme-trilla-cruz-de-la-orden-del-merito-civil-por-la-labor-en-defensa-del-derecho-a-la-vivienda\/"},"author":{"name":"Alicia","@id":"https:\/\/llarscompartides.org\/es\/#\/schema\/person\/53f7ef669aa691003a8d419d39534274"},"headline":"Carme Trilla &#8211; Cruz de la Orden del M\u00e9rito Civil por la labor en defensa del derecho a la vivienda","datePublished":"2026-03-10T11:04:27+00:00","mainEntityOfPage":{"@id":"https:\/\/llarscompartides.org\/es\/carme-trilla-cruz-de-la-orden-del-merito-civil-por-la-labor-en-defensa-del-derecho-a-la-vivienda\/"},"wordCount":144,"publisher":{"@id":"https:\/\/llarscompartides.org\/es\/#organization"},"image":{"@id":"https:\/\/llarscompartides.org\/es\/carme-trilla-cruz-de-la-orden-del-merito-civil-por-la-labor-en-defensa-del-derecho-a-la-vivienda\/#primaryimage"},"thumbnailUrl":"https:\/\/llarscompartides.org\/wp-content\/uploads\/2026\/03\/Carme-Trilla_Casa-Bloc.jpg","articleSection":["Sin categorizar"],"inLanguage":"es"},{"@type":"WebPage","@id":"https:\/\/llarscompartides.org\/es\/carme-trilla-cruz-de-la-orden-del-merito-civil-por-la-labor-en-defensa-del-derecho-a-la-vivienda\/","url":"https:\/\/llarscompartides.org\/es\/carme-trilla-cruz-de-la-orden-del-merito-civil-por-la-labor-en-defensa-del-derecho-a-la-vivienda\/","name":"Carme Trilla - Cruz de la Orden del M\u00e9rito Civil por la labor en defensa del derecho a la vivienda - FLLC","isPartOf":{"@id":"https:\/\/llarscompartides.org\/es\/#website"},"primaryImageOfPage":{"@id":"https:\/\/llarscompartides.org\/es\/carme-trilla-cruz-de-la-orden-del-merito-civil-por-la-labor-en-defensa-del-derecho-a-la-vivienda\/#primaryimage"},"image":{"@id":"https:\/\/llarscompartides.org\/es\/carme-trilla-cruz-de-la-orden-del-merito-civil-por-la-labor-en-defensa-del-derecho-a-la-vivienda\/#primaryimage"},"thumbnailUrl":"https:\/\/llarscompartides.org\/wp-content\/uploads\/2026\/03\/Carme-Trilla_Casa-Bloc.jpg","datePublished":"2026-03-10T11:04:27+00:00","description":"Desde los a\u00f1os 80, Carme Trilla ha sido una voz imprescindible en la configuraci\u00f3n de las estrategias de pol\u00edtica de vivienda en Espa\u00f1a. Tanto desde la Generalitat de Catalunya como desde instituciones como el Observatorio Metropolitano de la Vivienda de Barcelona, \u200b\u200bque actualmente preside.","breadcrumb":{"@id":"https:\/\/llarscompartides.org\/es\/carme-trilla-cruz-de-la-orden-del-merito-civil-por-la-labor-en-defensa-del-derecho-a-la-vivienda\/#breadcrumb"},"inLanguage":"es","potentialAction":[{"@type":"ReadAction","target":["https:\/\/llarscompartides.org\/es\/carme-trilla-cruz-de-la-orden-del-merito-civil-por-la-labor-en-defensa-del-derecho-a-la-vivienda\/"]}]},{"@type":"ImageObject","inLanguage":"es","@id":"https:\/\/llarscompartides.org\/es\/carme-trilla-cruz-de-la-orden-del-merito-civil-por-la-labor-en-defensa-del-derecho-a-la-vivienda\/#primaryimage","url":"https:\/\/llarscompartides.org\/wp-content\/uploads\/2026\/03\/Carme-Trilla_Casa-Bloc.jpg","contentUrl":"https:\/\/llarscompartides.org\/wp-content\/uploads\/2026\/03\/Carme-Trilla_Casa-Bloc.jpg","width":915,"height":819},{"@type":"BreadcrumbList","@id":"https:\/\/llarscompartides.org\/es\/carme-trilla-cruz-de-la-orden-del-merito-civil-por-la-labor-en-defensa-del-derecho-a-la-vivienda\/#breadcrumb","itemListElement":[{"@type":"ListItem","position":1,"name":"Home","item":"https:\/\/llarscompartides.org\/es\/inicio-nueva\/"},{"@type":"ListItem","position":2,"name":"Carme Trilla &#8211; Cruz de la Orden del M\u00e9rito Civil por la labor en defensa del derecho a la vivienda"}]},{"@type":"WebSite","@id":"https:\/\/llarscompartides.org\/es\/#website","url":"https:\/\/llarscompartides.org\/es\/","name":"llarscompartides.com","description":"Fundaci\u00f3 llars compartides","publisher":{"@id":"https:\/\/llarscompartides.org\/es\/#organization"},"potentialAction":[{"@type":"SearchAction","target":{"@type":"EntryPoint","urlTemplate":"https:\/\/llarscompartides.org\/es\/?s={search_term_string}"},"query-input":{"@type":"PropertyValueSpecification","valueRequired":true,"valueName":"search_term_string"}}],"inLanguage":"es"},{"@type":"Organization","@id":"https:\/\/llarscompartides.org\/es\/#organization","name":"Fundaci\u00f3 Llars Compartides","url":"https:\/\/llarscompartides.org\/es\/","logo":{"@type":"ImageObject","inLanguage":"es","@id":"https:\/\/llarscompartides.org\/es\/#\/schema\/logo\/image\/","url":"https:\/\/llarscompartides.org\/wp-content\/uploads\/2023\/06\/logo-llars-compartides-001.jpg","contentUrl":"https:\/\/llarscompartides.org\/wp-content\/uploads\/2023\/06\/logo-llars-compartides-001.jpg","width":1684,"height":1191,"caption":"Fundaci\u00f3 Llars Compartides"},"image":{"@id":"https:\/\/llarscompartides.org\/es\/#\/schema\/logo\/image\/"},"sameAs":["https:\/\/x.com\/LlarsCompartids","https:\/\/www.linkedin.com\/in\/fundaci-privada-llars-compartides-930216a6\/"]},{"@type":"Person","@id":"https:\/\/llarscompartides.org\/es\/#\/schema\/person\/53f7ef669aa691003a8d419d39534274","name":"Alicia","url":"https:\/\/llarscompartides.org\/es\/author\/fundacio\/"}]}},"_links":{"self":[{"href":"https:\/\/llarscompartides.org\/es\/wp-json\/wp\/v2\/posts\/3343","targetHints":{"allow":["GET"]}}],"collection":[{"href":"https:\/\/llarscompartides.org\/es\/wp-json\/wp\/v2\/posts"}],"about":[{"href":"https:\/\/llarscompartides.org\/es\/wp-json\/wp\/v2\/types\/post"}],"author":[{"embeddable":true,"href":"https:\/\/llarscompartides.org\/es\/wp-json\/wp\/v2\/users\/4"}],"replies":[{"embeddable":true,"href":"https:\/\/llarscompartides.org\/es\/wp-json\/wp\/v2\/comments?post=3343"}],"version-history":[{"count":0,"href":"https:\/\/llarscompartides.org\/es\/wp-json\/wp\/v2\/posts\/3343\/revisions"}],"wp:featuredmedia":[{"embeddable":true,"href":"https:\/\/llarscompartides.org\/es\/wp-json\/wp\/v2\/media\/3342"}],"wp:attachment":[{"href":"https:\/\/llarscompartides.org\/es\/wp-json\/wp\/v2\/media?parent=3343"}],"wp:term":[{"taxonomy":"category","embeddable":true,"href":"https:\/\/llarscompartides.org\/es\/wp-json\/wp\/v2\/categories?post=3343"},{"taxonomy":"post_tag","embeddable":true,"href":"https:\/\/llarscompartides.org\/es\/wp-json\/wp\/v2\/tags?post=3343"}],"curies":[{"name":"wp","href":"https:\/\/api.w.org\/{rel}","templated":true}]}}