{"id":3221,"date":"2026-04-23T15:00:23","date_gmt":"2026-04-23T13:00:23","guid":{"rendered":"https:\/\/llarscompartides.org\/ganadores-al-mejor-proyecto-de-vivienda-con-acompanamiento-social\/"},"modified":"2026-03-10T12:14:31","modified_gmt":"2026-03-10T11:14:31","slug":"ganadores-al-mejor-proyecto-de-vivienda-con-acompanamiento-social","status":"publish","type":"post","link":"https:\/\/llarscompartides.org\/es\/ganadores-al-mejor-proyecto-de-vivienda-con-acompanamiento-social\/","title":{"rendered":"\u00a1Ganadores al mejor proyecto de vivienda, con acompa\u00f1amiento social!"},"content":{"rendered":"<p>El 29 de octubre se celebr\u00f3 en el Ateneu Barcelon\u00e9s el 35 aniversario de la Fundaci\u00f3n Habitatge Social, con un acto muy especial, la 1\u00aa edici\u00f3n de los Premios Fundaci\u00f3n Habitatge Social. Unos galardones que nacen para reconocer proyectos y trayectorias, que hacen posible que la vivienda sea un derecho para todos. <\/p>\n<p>Llars Compartides ha ha sido ganadora al mejor proyecto de vivienda con acompa\u00f1amiento social.<\/p>\n<p>El premio a la trayectoria ha sido para Carme Trilla Bellart, economista y referente en pol\u00edticas de vivienda. Una vida dedicada a defender el derecho a un techo digno y asequible. <\/p>\n<p>Tal y como dijo la presidenta de la Fundaci\u00f3n, Maria Vendrell, \u00abel problema de la vivienda es un problema de pa\u00eds, y s\u00f3lo lo resolveremos sumando esfuerzos entre administraciones, empresas y tercer sector\u00bb.<\/p>\n<p><span style=\"color: #800000;\"><a style=\"color: #800000;\" href=\"https:\/\/www.linkedin.com\/feed\/update\/urn:li:activity:7389622957926662145\/\">Continuar leyendo<\/a><\/span><\/p>\n<p>&nbsp;<\/p>\n<p>&nbsp;<\/p>\n","protected":false},"excerpt":{"rendered":"<p>El 29 de octubre se celebr\u00f3 en el Ateneu Barcelon\u00e9s el 35 aniversario de la Fundaci\u00f3n Habitatge Social, con un acto muy especial, la 1\u00aa edici\u00f3n de los Premios Fundaci\u00f3n Habitatge Social. Unos galardones que nacen para reconocer proyectos y trayectorias, que hacen posible que&#8230;<\/p>\n","protected":false},"author":4,"featured_media":3216,"comment_status":"closed","ping_status":"closed","sticky":false,"template":"","format":"standard","meta":{"footnotes":""},"categories":[16],"tags":[],"class_list":["post-3221","post","type-post","status-publish","format-standard","has-post-thumbnail","hentry","category-sin-categorizar-es"],"yoast_head":"<!-- This site is optimized with the Yoast SEO plugin v27.5 - https:\/\/yoast.com\/product\/yoast-seo-wordpress\/ -->\n<title>\u00a1Ganadores al mejor proyecto de vivienda, con acompa\u00f1amiento social! - FLLC<\/title>\n<meta name=\"description\" content=\"Tal y como dijo la presidenta de la Fundaci\u00f3n, Maria Vendrell, &quot;el problema de la vivienda es un problema de pa\u00eds, y s\u00f3lo lo resolveremos sumando esfuerzos entre administraciones, empresas y tercer sector&quot;.\" \/>\n<meta name=\"robots\" content=\"index, follow, max-snippet:-1, max-image-preview:large, max-video-preview:-1\" \/>\n<link rel=\"canonical\" href=\"https:\/\/llarscompartides.org\/es\/ganadores-al-mejor-proyecto-de-vivienda-con-acompanamiento-social\/\" \/>\n<meta property=\"og:locale\" content=\"es_ES\" \/>\n<meta property=\"og:type\" content=\"article\" \/>\n<meta property=\"og:title\" content=\"\u00a1Ganadores al mejor proyecto de vivienda, con acompa\u00f1amiento social! - FLLC\" \/>\n<meta property=\"og:description\" content=\"Tal y como dijo la presidenta de la Fundaci\u00f3n, Maria Vendrell, &quot;el problema de la vivienda es un problema de pa\u00eds, y s\u00f3lo lo resolveremos sumando esfuerzos entre administraciones, empresas y tercer sector&quot;.\" \/>\n<meta property=\"og:url\" content=\"https:\/\/llarscompartides.org\/es\/ganadores-al-mejor-proyecto-de-vivienda-con-acompanamiento-social\/\" \/>\n<meta property=\"og:site_name\" content=\"FLLC\" \/>\n<meta property=\"article:published_time\" content=\"2026-04-23T13:00:23+00:00\" \/>\n<meta property=\"og:image\" content=\"https:\/\/llarscompartides.org\/wp-content\/uploads\/2025\/10\/1761142209168.jpg\" \/>\n\t<meta property=\"og:image:width\" content=\"800\" \/>\n\t<meta property=\"og:image:height\" content=\"751\" \/>\n\t<meta property=\"og:image:type\" content=\"image\/jpeg\" \/>\n<meta name=\"author\" content=\"Alicia\" \/>\n<meta name=\"twitter:card\" content=\"summary_large_image\" \/>\n<meta name=\"twitter:creator\" content=\"@LlarsCompartids\" \/>\n<meta name=\"twitter:site\" content=\"@LlarsCompartids\" \/>\n<meta name=\"twitter:label1\" content=\"Escrito por\" \/>\n\t<meta name=\"twitter:data1\" content=\"Alicia\" \/>\n\t<meta name=\"twitter:label2\" content=\"Tiempo de lectura\" \/>\n\t<meta name=\"twitter:data2\" content=\"1 minuto\" \/>\n<script type=\"application\/ld+json\" class=\"yoast-schema-graph\">{\"@context\":\"https:\\\/\\\/schema.org\",\"@graph\":[{\"@type\":\"Article\",\"@id\":\"https:\\\/\\\/llarscompartides.org\\\/es\\\/ganadores-al-mejor-proyecto-de-vivienda-con-acompanamiento-social\\\/#article\",\"isPartOf\":{\"@id\":\"https:\\\/\\\/llarscompartides.org\\\/es\\\/ganadores-al-mejor-proyecto-de-vivienda-con-acompanamiento-social\\\/\"},\"author\":{\"name\":\"Alicia\",\"@id\":\"https:\\\/\\\/llarscompartides.org\\\/es\\\/#\\\/schema\\\/person\\\/53f7ef669aa691003a8d419d39534274\"},\"headline\":\"\u00a1Ganadores al mejor proyecto de vivienda, con acompa\u00f1amiento social!\",\"datePublished\":\"2026-04-23T13:00:23+00:00\",\"mainEntityOfPage\":{\"@id\":\"https:\\\/\\\/llarscompartides.org\\\/es\\\/ganadores-al-mejor-proyecto-de-vivienda-con-acompanamiento-social\\\/\"},\"wordCount\":150,\"publisher\":{\"@id\":\"https:\\\/\\\/llarscompartides.org\\\/es\\\/#organization\"},\"image\":{\"@id\":\"https:\\\/\\\/llarscompartides.org\\\/es\\\/ganadores-al-mejor-proyecto-de-vivienda-con-acompanamiento-social\\\/#primaryimage\"},\"thumbnailUrl\":\"https:\\\/\\\/llarscompartides.org\\\/wp-content\\\/uploads\\\/2025\\\/10\\\/1761142209168.jpg\",\"articleSection\":[\"Sin categorizar\"],\"inLanguage\":\"es\"},{\"@type\":\"WebPage\",\"@id\":\"https:\\\/\\\/llarscompartides.org\\\/es\\\/ganadores-al-mejor-proyecto-de-vivienda-con-acompanamiento-social\\\/\",\"url\":\"https:\\\/\\\/llarscompartides.org\\\/es\\\/ganadores-al-mejor-proyecto-de-vivienda-con-acompanamiento-social\\\/\",\"name\":\"\u00a1Ganadores al mejor proyecto de vivienda, con acompa\u00f1amiento social! - FLLC\",\"isPartOf\":{\"@id\":\"https:\\\/\\\/llarscompartides.org\\\/es\\\/#website\"},\"primaryImageOfPage\":{\"@id\":\"https:\\\/\\\/llarscompartides.org\\\/es\\\/ganadores-al-mejor-proyecto-de-vivienda-con-acompanamiento-social\\\/#primaryimage\"},\"image\":{\"@id\":\"https:\\\/\\\/llarscompartides.org\\\/es\\\/ganadores-al-mejor-proyecto-de-vivienda-con-acompanamiento-social\\\/#primaryimage\"},\"thumbnailUrl\":\"https:\\\/\\\/llarscompartides.org\\\/wp-content\\\/uploads\\\/2025\\\/10\\\/1761142209168.jpg\",\"datePublished\":\"2026-04-23T13:00:23+00:00\",\"description\":\"Tal y como dijo la presidenta de la Fundaci\u00f3n, Maria Vendrell, \\\"el problema de la vivienda es un problema de pa\u00eds, y s\u00f3lo lo resolveremos sumando esfuerzos entre administraciones, empresas y tercer sector\\\".\",\"breadcrumb\":{\"@id\":\"https:\\\/\\\/llarscompartides.org\\\/es\\\/ganadores-al-mejor-proyecto-de-vivienda-con-acompanamiento-social\\\/#breadcrumb\"},\"inLanguage\":\"es\",\"potentialAction\":[{\"@type\":\"ReadAction\",\"target\":[\"https:\\\/\\\/llarscompartides.org\\\/es\\\/ganadores-al-mejor-proyecto-de-vivienda-con-acompanamiento-social\\\/\"]}]},{\"@type\":\"ImageObject\",\"inLanguage\":\"es\",\"@id\":\"https:\\\/\\\/llarscompartides.org\\\/es\\\/ganadores-al-mejor-proyecto-de-vivienda-con-acompanamiento-social\\\/#primaryimage\",\"url\":\"https:\\\/\\\/llarscompartides.org\\\/wp-content\\\/uploads\\\/2025\\\/10\\\/1761142209168.jpg\",\"contentUrl\":\"https:\\\/\\\/llarscompartides.org\\\/wp-content\\\/uploads\\\/2025\\\/10\\\/1761142209168.jpg\",\"width\":800,\"height\":751},{\"@type\":\"BreadcrumbList\",\"@id\":\"https:\\\/\\\/llarscompartides.org\\\/es\\\/ganadores-al-mejor-proyecto-de-vivienda-con-acompanamiento-social\\\/#breadcrumb\",\"itemListElement\":[{\"@type\":\"ListItem\",\"position\":1,\"name\":\"Home\",\"item\":\"https:\\\/\\\/llarscompartides.org\\\/es\\\/inicio-nueva\\\/\"},{\"@type\":\"ListItem\",\"position\":2,\"name\":\"\u00a1Ganadores al mejor proyecto de vivienda, con acompa\u00f1amiento social!\"}]},{\"@type\":\"WebSite\",\"@id\":\"https:\\\/\\\/llarscompartides.org\\\/es\\\/#website\",\"url\":\"https:\\\/\\\/llarscompartides.org\\\/es\\\/\",\"name\":\"llarscompartides.com\",\"description\":\"Fundaci\u00f3 llars compartides\",\"publisher\":{\"@id\":\"https:\\\/\\\/llarscompartides.org\\\/es\\\/#organization\"},\"potentialAction\":[{\"@type\":\"SearchAction\",\"target\":{\"@type\":\"EntryPoint\",\"urlTemplate\":\"https:\\\/\\\/llarscompartides.org\\\/es\\\/?s={search_term_string}\"},\"query-input\":{\"@type\":\"PropertyValueSpecification\",\"valueRequired\":true,\"valueName\":\"search_term_string\"}}],\"inLanguage\":\"es\"},{\"@type\":\"Organization\",\"@id\":\"https:\\\/\\\/llarscompartides.org\\\/es\\\/#organization\",\"name\":\"Fundaci\u00f3 Llars Compartides\",\"url\":\"https:\\\/\\\/llarscompartides.org\\\/es\\\/\",\"logo\":{\"@type\":\"ImageObject\",\"inLanguage\":\"es\",\"@id\":\"https:\\\/\\\/llarscompartides.org\\\/es\\\/#\\\/schema\\\/logo\\\/image\\\/\",\"url\":\"https:\\\/\\\/llarscompartides.org\\\/wp-content\\\/uploads\\\/2023\\\/06\\\/logo-llars-compartides-001.jpg\",\"contentUrl\":\"https:\\\/\\\/llarscompartides.org\\\/wp-content\\\/uploads\\\/2023\\\/06\\\/logo-llars-compartides-001.jpg\",\"width\":1684,\"height\":1191,\"caption\":\"Fundaci\u00f3 Llars Compartides\"},\"image\":{\"@id\":\"https:\\\/\\\/llarscompartides.org\\\/es\\\/#\\\/schema\\\/logo\\\/image\\\/\"},\"sameAs\":[\"https:\\\/\\\/x.com\\\/LlarsCompartids\",\"https:\\\/\\\/www.linkedin.com\\\/in\\\/fundaci-privada-llars-compartides-930216a6\\\/\"]},{\"@type\":\"Person\",\"@id\":\"https:\\\/\\\/llarscompartides.org\\\/es\\\/#\\\/schema\\\/person\\\/53f7ef669aa691003a8d419d39534274\",\"name\":\"Alicia\",\"url\":\"https:\\\/\\\/llarscompartides.org\\\/es\\\/author\\\/fundacio\\\/\"}]}<\/script>\n<!-- \/ Yoast SEO plugin. -->","yoast_head_json":{"title":"\u00a1Ganadores al mejor proyecto de vivienda, con acompa\u00f1amiento social! - FLLC","description":"Tal y como dijo la presidenta de la Fundaci\u00f3n, Maria Vendrell, \"el problema de la vivienda es un problema de pa\u00eds, y s\u00f3lo lo resolveremos sumando esfuerzos entre administraciones, empresas y tercer sector\".","robots":{"index":"index","follow":"follow","max-snippet":"max-snippet:-1","max-image-preview":"max-image-preview:large","max-video-preview":"max-video-preview:-1"},"canonical":"https:\/\/llarscompartides.org\/es\/ganadores-al-mejor-proyecto-de-vivienda-con-acompanamiento-social\/","og_locale":"es_ES","og_type":"article","og_title":"\u00a1Ganadores al mejor proyecto de vivienda, con acompa\u00f1amiento social! - FLLC","og_description":"Tal y como dijo la presidenta de la Fundaci\u00f3n, Maria Vendrell, \"el problema de la vivienda es un problema de pa\u00eds, y s\u00f3lo lo resolveremos sumando esfuerzos entre administraciones, empresas y tercer sector\".","og_url":"https:\/\/llarscompartides.org\/es\/ganadores-al-mejor-proyecto-de-vivienda-con-acompanamiento-social\/","og_site_name":"FLLC","article_published_time":"2026-04-23T13:00:23+00:00","og_image":[{"width":800,"height":751,"url":"https:\/\/llarscompartides.org\/wp-content\/uploads\/2025\/10\/1761142209168.jpg","type":"image\/jpeg"}],"author":"Alicia","twitter_card":"summary_large_image","twitter_creator":"@LlarsCompartids","twitter_site":"@LlarsCompartids","twitter_misc":{"Escrito por":"Alicia","Tiempo de lectura":"1 minuto"},"schema":{"@context":"https:\/\/schema.org","@graph":[{"@type":"Article","@id":"https:\/\/llarscompartides.org\/es\/ganadores-al-mejor-proyecto-de-vivienda-con-acompanamiento-social\/#article","isPartOf":{"@id":"https:\/\/llarscompartides.org\/es\/ganadores-al-mejor-proyecto-de-vivienda-con-acompanamiento-social\/"},"author":{"name":"Alicia","@id":"https:\/\/llarscompartides.org\/es\/#\/schema\/person\/53f7ef669aa691003a8d419d39534274"},"headline":"\u00a1Ganadores al mejor proyecto de vivienda, con acompa\u00f1amiento social!","datePublished":"2026-04-23T13:00:23+00:00","mainEntityOfPage":{"@id":"https:\/\/llarscompartides.org\/es\/ganadores-al-mejor-proyecto-de-vivienda-con-acompanamiento-social\/"},"wordCount":150,"publisher":{"@id":"https:\/\/llarscompartides.org\/es\/#organization"},"image":{"@id":"https:\/\/llarscompartides.org\/es\/ganadores-al-mejor-proyecto-de-vivienda-con-acompanamiento-social\/#primaryimage"},"thumbnailUrl":"https:\/\/llarscompartides.org\/wp-content\/uploads\/2025\/10\/1761142209168.jpg","articleSection":["Sin categorizar"],"inLanguage":"es"},{"@type":"WebPage","@id":"https:\/\/llarscompartides.org\/es\/ganadores-al-mejor-proyecto-de-vivienda-con-acompanamiento-social\/","url":"https:\/\/llarscompartides.org\/es\/ganadores-al-mejor-proyecto-de-vivienda-con-acompanamiento-social\/","name":"\u00a1Ganadores al mejor proyecto de vivienda, con acompa\u00f1amiento social! - FLLC","isPartOf":{"@id":"https:\/\/llarscompartides.org\/es\/#website"},"primaryImageOfPage":{"@id":"https:\/\/llarscompartides.org\/es\/ganadores-al-mejor-proyecto-de-vivienda-con-acompanamiento-social\/#primaryimage"},"image":{"@id":"https:\/\/llarscompartides.org\/es\/ganadores-al-mejor-proyecto-de-vivienda-con-acompanamiento-social\/#primaryimage"},"thumbnailUrl":"https:\/\/llarscompartides.org\/wp-content\/uploads\/2025\/10\/1761142209168.jpg","datePublished":"2026-04-23T13:00:23+00:00","description":"Tal y como dijo la presidenta de la Fundaci\u00f3n, Maria Vendrell, \"el problema de la vivienda es un problema de pa\u00eds, y s\u00f3lo lo resolveremos sumando esfuerzos entre administraciones, empresas y tercer sector\".","breadcrumb":{"@id":"https:\/\/llarscompartides.org\/es\/ganadores-al-mejor-proyecto-de-vivienda-con-acompanamiento-social\/#breadcrumb"},"inLanguage":"es","potentialAction":[{"@type":"ReadAction","target":["https:\/\/llarscompartides.org\/es\/ganadores-al-mejor-proyecto-de-vivienda-con-acompanamiento-social\/"]}]},{"@type":"ImageObject","inLanguage":"es","@id":"https:\/\/llarscompartides.org\/es\/ganadores-al-mejor-proyecto-de-vivienda-con-acompanamiento-social\/#primaryimage","url":"https:\/\/llarscompartides.org\/wp-content\/uploads\/2025\/10\/1761142209168.jpg","contentUrl":"https:\/\/llarscompartides.org\/wp-content\/uploads\/2025\/10\/1761142209168.jpg","width":800,"height":751},{"@type":"BreadcrumbList","@id":"https:\/\/llarscompartides.org\/es\/ganadores-al-mejor-proyecto-de-vivienda-con-acompanamiento-social\/#breadcrumb","itemListElement":[{"@type":"ListItem","position":1,"name":"Home","item":"https:\/\/llarscompartides.org\/es\/inicio-nueva\/"},{"@type":"ListItem","position":2,"name":"\u00a1Ganadores al mejor proyecto de vivienda, con acompa\u00f1amiento social!"}]},{"@type":"WebSite","@id":"https:\/\/llarscompartides.org\/es\/#website","url":"https:\/\/llarscompartides.org\/es\/","name":"llarscompartides.com","description":"Fundaci\u00f3 llars compartides","publisher":{"@id":"https:\/\/llarscompartides.org\/es\/#organization"},"potentialAction":[{"@type":"SearchAction","target":{"@type":"EntryPoint","urlTemplate":"https:\/\/llarscompartides.org\/es\/?s={search_term_string}"},"query-input":{"@type":"PropertyValueSpecification","valueRequired":true,"valueName":"search_term_string"}}],"inLanguage":"es"},{"@type":"Organization","@id":"https:\/\/llarscompartides.org\/es\/#organization","name":"Fundaci\u00f3 Llars Compartides","url":"https:\/\/llarscompartides.org\/es\/","logo":{"@type":"ImageObject","inLanguage":"es","@id":"https:\/\/llarscompartides.org\/es\/#\/schema\/logo\/image\/","url":"https:\/\/llarscompartides.org\/wp-content\/uploads\/2023\/06\/logo-llars-compartides-001.jpg","contentUrl":"https:\/\/llarscompartides.org\/wp-content\/uploads\/2023\/06\/logo-llars-compartides-001.jpg","width":1684,"height":1191,"caption":"Fundaci\u00f3 Llars Compartides"},"image":{"@id":"https:\/\/llarscompartides.org\/es\/#\/schema\/logo\/image\/"},"sameAs":["https:\/\/x.com\/LlarsCompartids","https:\/\/www.linkedin.com\/in\/fundaci-privada-llars-compartides-930216a6\/"]},{"@type":"Person","@id":"https:\/\/llarscompartides.org\/es\/#\/schema\/person\/53f7ef669aa691003a8d419d39534274","name":"Alicia","url":"https:\/\/llarscompartides.org\/es\/author\/fundacio\/"}]}},"_links":{"self":[{"href":"https:\/\/llarscompartides.org\/es\/wp-json\/wp\/v2\/posts\/3221","targetHints":{"allow":["GET"]}}],"collection":[{"href":"https:\/\/llarscompartides.org\/es\/wp-json\/wp\/v2\/posts"}],"about":[{"href":"https:\/\/llarscompartides.org\/es\/wp-json\/wp\/v2\/types\/post"}],"author":[{"embeddable":true,"href":"https:\/\/llarscompartides.org\/es\/wp-json\/wp\/v2\/users\/4"}],"replies":[{"embeddable":true,"href":"https:\/\/llarscompartides.org\/es\/wp-json\/wp\/v2\/comments?post=3221"}],"version-history":[{"count":2,"href":"https:\/\/llarscompartides.org\/es\/wp-json\/wp\/v2\/posts\/3221\/revisions"}],"predecessor-version":[{"id":3226,"href":"https:\/\/llarscompartides.org\/es\/wp-json\/wp\/v2\/posts\/3221\/revisions\/3226"}],"wp:featuredmedia":[{"embeddable":true,"href":"https:\/\/llarscompartides.org\/es\/wp-json\/wp\/v2\/media\/3216"}],"wp:attachment":[{"href":"https:\/\/llarscompartides.org\/es\/wp-json\/wp\/v2\/media?parent=3221"}],"wp:term":[{"taxonomy":"category","embeddable":true,"href":"https:\/\/llarscompartides.org\/es\/wp-json\/wp\/v2\/categories?post=3221"},{"taxonomy":"post_tag","embeddable":true,"href":"https:\/\/llarscompartides.org\/es\/wp-json\/wp\/v2\/tags?post=3221"}],"curies":[{"name":"wp","href":"https:\/\/api.w.org\/{rel}","templated":true}]}}