{"id":3157,"date":"2025-08-26T18:04:59","date_gmt":"2025-08-26T16:04:59","guid":{"rendered":"https:\/\/llarscompartides.org\/residentes-de-llars-horitzo-en-tv3\/"},"modified":"2025-08-26T18:16:08","modified_gmt":"2025-08-26T16:16:08","slug":"residentes-de-llars-horitzo-en-tv3","status":"publish","type":"post","link":"https:\/\/llarscompartides.org\/es\/residentes-de-llars-horitzo-en-tv3\/","title":{"rendered":"Residentes de Llars Horitz\u00f3 en TV3"},"content":{"rendered":"<p>Algunos residentes de Llars Horitz\u00f3 de Badalona, han sido entrevistados en el informativo de TV3.<\/p>\n<p><a href=\"https:\/\/www.3cat.cat\/3cat\/telenoticies-comarques-19082025\/video\/6354874\/?ext=SM_WP_F4_CE24_?ext=SM_WP_F4_CE24_\"><span style=\"color: #800000;\">Reportaje<\/span><\/a><\/p>\n<p>Minuto 7:58<\/p>\n<p>Llars Horitz\u00f3 es una antigua residencia de personas mayores, rehabilitada y convertida en un proyecto de covivienda en el a\u00f1o 2020. Resultado de un trabajo en red con la Fundaci\u00f3n Llegat Roca i Pi, como propietarios del edificio, con la colaboraci\u00f3n de C\u00e1ritas y nosotros como gestores, para dar respuesta a las necesidades de 17 personas mayores. <\/p>\n<p>&nbsp;<\/p>\n","protected":false},"excerpt":{"rendered":"<p>Algunos residentes de Llars Horitz\u00f3 de Badalona, han sido entrevistados en el informativo de TV3. Reportaje Minuto 7:58 Llars Horitz\u00f3 es una antigua residencia de personas mayores, rehabilitada y convertida en un proyecto de covivienda en el a\u00f1o 2020. Resultado de un trabajo en red&#8230;<\/p>\n","protected":false},"author":4,"featured_media":3155,"comment_status":"closed","ping_status":"closed","sticky":false,"template":"","format":"standard","meta":{"footnotes":""},"categories":[16],"tags":[],"class_list":["post-3157","post","type-post","status-publish","format-standard","has-post-thumbnail","hentry","category-sin-categorizar-es"],"yoast_head":"<!-- This site is optimized with the Yoast SEO plugin v27.5 - https:\/\/yoast.com\/product\/yoast-seo-wordpress\/ -->\n<title>Residentes de Llars Horitz\u00f3 en TV3 - FLLC<\/title>\n<meta name=\"description\" content=\"Llars Horitz\u00f3 es una antigua residencia de ancianos, rehabilitada y convertida en un proyecto de covivienda en 2020. Un proyecto en red con la Fundaci\u00f3n Llegat Roca i Pi, como propietarios del edificio, con la colaboraci\u00f3n de C\u00e1ritas y nosotros como gestores, para dar respuesta a las necesidades de 17 personas mayores.\" \/>\n<meta name=\"robots\" content=\"index, follow, max-snippet:-1, max-image-preview:large, max-video-preview:-1\" \/>\n<link rel=\"canonical\" href=\"https:\/\/llarscompartides.org\/es\/residentes-de-llars-horitzo-en-tv3\/\" \/>\n<meta property=\"og:locale\" content=\"es_ES\" \/>\n<meta property=\"og:type\" content=\"article\" \/>\n<meta property=\"og:title\" content=\"Residentes de Llars Horitz\u00f3 en TV3 - FLLC\" \/>\n<meta property=\"og:description\" content=\"Llars Horitz\u00f3 es una antigua residencia de ancianos, rehabilitada y convertida en un proyecto de covivienda en 2020. Un proyecto en red con la Fundaci\u00f3n Llegat Roca i Pi, como propietarios del edificio, con la colaboraci\u00f3n de C\u00e1ritas y nosotros como gestores, para dar respuesta a las necesidades de 17 personas mayores.\" \/>\n<meta property=\"og:url\" content=\"https:\/\/llarscompartides.org\/es\/residentes-de-llars-horitzo-en-tv3\/\" \/>\n<meta property=\"og:site_name\" content=\"FLLC\" \/>\n<meta property=\"article:published_time\" content=\"2025-08-26T16:04:59+00:00\" \/>\n<meta property=\"article:modified_time\" content=\"2025-08-26T16:16:08+00:00\" \/>\n<meta property=\"og:image\" content=\"https:\/\/llarscompartides.org\/wp-content\/uploads\/2025\/08\/images-1.jpg\" \/>\n\t<meta property=\"og:image:width\" content=\"290\" \/>\n\t<meta property=\"og:image:height\" content=\"174\" \/>\n\t<meta property=\"og:image:type\" content=\"image\/jpeg\" \/>\n<meta name=\"author\" content=\"Alicia\" \/>\n<meta name=\"twitter:card\" content=\"summary_large_image\" \/>\n<meta name=\"twitter:creator\" content=\"@LlarsCompartids\" \/>\n<meta name=\"twitter:site\" content=\"@LlarsCompartids\" \/>\n<meta name=\"twitter:label1\" content=\"Escrito por\" \/>\n\t<meta name=\"twitter:data1\" content=\"Alicia\" \/>\n<script type=\"application\/ld+json\" class=\"yoast-schema-graph\">{\"@context\":\"https:\\\/\\\/schema.org\",\"@graph\":[{\"@type\":\"Article\",\"@id\":\"https:\\\/\\\/llarscompartides.org\\\/es\\\/residentes-de-llars-horitzo-en-tv3\\\/#article\",\"isPartOf\":{\"@id\":\"https:\\\/\\\/llarscompartides.org\\\/es\\\/residentes-de-llars-horitzo-en-tv3\\\/\"},\"author\":{\"name\":\"Alicia\",\"@id\":\"https:\\\/\\\/llarscompartides.org\\\/es\\\/#\\\/schema\\\/person\\\/53f7ef669aa691003a8d419d39534274\"},\"headline\":\"Residentes de Llars Horitz\u00f3 en TV3\",\"datePublished\":\"2025-08-26T16:04:59+00:00\",\"dateModified\":\"2025-08-26T16:16:08+00:00\",\"mainEntityOfPage\":{\"@id\":\"https:\\\/\\\/llarscompartides.org\\\/es\\\/residentes-de-llars-horitzo-en-tv3\\\/\"},\"wordCount\":83,\"publisher\":{\"@id\":\"https:\\\/\\\/llarscompartides.org\\\/es\\\/#organization\"},\"image\":{\"@id\":\"https:\\\/\\\/llarscompartides.org\\\/es\\\/residentes-de-llars-horitzo-en-tv3\\\/#primaryimage\"},\"thumbnailUrl\":\"https:\\\/\\\/llarscompartides.org\\\/wp-content\\\/uploads\\\/2025\\\/08\\\/images-1.jpg\",\"articleSection\":[\"Sin categorizar\"],\"inLanguage\":\"es\"},{\"@type\":\"WebPage\",\"@id\":\"https:\\\/\\\/llarscompartides.org\\\/es\\\/residentes-de-llars-horitzo-en-tv3\\\/\",\"url\":\"https:\\\/\\\/llarscompartides.org\\\/es\\\/residentes-de-llars-horitzo-en-tv3\\\/\",\"name\":\"Residentes de Llars Horitz\u00f3 en TV3 - FLLC\",\"isPartOf\":{\"@id\":\"https:\\\/\\\/llarscompartides.org\\\/es\\\/#website\"},\"primaryImageOfPage\":{\"@id\":\"https:\\\/\\\/llarscompartides.org\\\/es\\\/residentes-de-llars-horitzo-en-tv3\\\/#primaryimage\"},\"image\":{\"@id\":\"https:\\\/\\\/llarscompartides.org\\\/es\\\/residentes-de-llars-horitzo-en-tv3\\\/#primaryimage\"},\"thumbnailUrl\":\"https:\\\/\\\/llarscompartides.org\\\/wp-content\\\/uploads\\\/2025\\\/08\\\/images-1.jpg\",\"datePublished\":\"2025-08-26T16:04:59+00:00\",\"dateModified\":\"2025-08-26T16:16:08+00:00\",\"description\":\"Llars Horitz\u00f3 es una antigua residencia de ancianos, rehabilitada y convertida en un proyecto de covivienda en 2020. Un proyecto en red con la Fundaci\u00f3n Llegat Roca i Pi, como propietarios del edificio, con la colaboraci\u00f3n de C\u00e1ritas y nosotros como gestores, para dar respuesta a las necesidades de 17 personas mayores.\",\"breadcrumb\":{\"@id\":\"https:\\\/\\\/llarscompartides.org\\\/es\\\/residentes-de-llars-horitzo-en-tv3\\\/#breadcrumb\"},\"inLanguage\":\"es\",\"potentialAction\":[{\"@type\":\"ReadAction\",\"target\":[\"https:\\\/\\\/llarscompartides.org\\\/es\\\/residentes-de-llars-horitzo-en-tv3\\\/\"]}]},{\"@type\":\"ImageObject\",\"inLanguage\":\"es\",\"@id\":\"https:\\\/\\\/llarscompartides.org\\\/es\\\/residentes-de-llars-horitzo-en-tv3\\\/#primaryimage\",\"url\":\"https:\\\/\\\/llarscompartides.org\\\/wp-content\\\/uploads\\\/2025\\\/08\\\/images-1.jpg\",\"contentUrl\":\"https:\\\/\\\/llarscompartides.org\\\/wp-content\\\/uploads\\\/2025\\\/08\\\/images-1.jpg\",\"width\":290,\"height\":174},{\"@type\":\"BreadcrumbList\",\"@id\":\"https:\\\/\\\/llarscompartides.org\\\/es\\\/residentes-de-llars-horitzo-en-tv3\\\/#breadcrumb\",\"itemListElement\":[{\"@type\":\"ListItem\",\"position\":1,\"name\":\"Home\",\"item\":\"https:\\\/\\\/llarscompartides.org\\\/es\\\/inicio-nueva\\\/\"},{\"@type\":\"ListItem\",\"position\":2,\"name\":\"Residentes de Llars Horitz\u00f3 en TV3\"}]},{\"@type\":\"WebSite\",\"@id\":\"https:\\\/\\\/llarscompartides.org\\\/es\\\/#website\",\"url\":\"https:\\\/\\\/llarscompartides.org\\\/es\\\/\",\"name\":\"llarscompartides.com\",\"description\":\"Fundaci\u00f3 llars compartides\",\"publisher\":{\"@id\":\"https:\\\/\\\/llarscompartides.org\\\/es\\\/#organization\"},\"potentialAction\":[{\"@type\":\"SearchAction\",\"target\":{\"@type\":\"EntryPoint\",\"urlTemplate\":\"https:\\\/\\\/llarscompartides.org\\\/es\\\/?s={search_term_string}\"},\"query-input\":{\"@type\":\"PropertyValueSpecification\",\"valueRequired\":true,\"valueName\":\"search_term_string\"}}],\"inLanguage\":\"es\"},{\"@type\":\"Organization\",\"@id\":\"https:\\\/\\\/llarscompartides.org\\\/es\\\/#organization\",\"name\":\"Fundaci\u00f3 Llars Compartides\",\"url\":\"https:\\\/\\\/llarscompartides.org\\\/es\\\/\",\"logo\":{\"@type\":\"ImageObject\",\"inLanguage\":\"es\",\"@id\":\"https:\\\/\\\/llarscompartides.org\\\/es\\\/#\\\/schema\\\/logo\\\/image\\\/\",\"url\":\"https:\\\/\\\/llarscompartides.org\\\/wp-content\\\/uploads\\\/2023\\\/06\\\/logo-llars-compartides-001.jpg\",\"contentUrl\":\"https:\\\/\\\/llarscompartides.org\\\/wp-content\\\/uploads\\\/2023\\\/06\\\/logo-llars-compartides-001.jpg\",\"width\":1684,\"height\":1191,\"caption\":\"Fundaci\u00f3 Llars Compartides\"},\"image\":{\"@id\":\"https:\\\/\\\/llarscompartides.org\\\/es\\\/#\\\/schema\\\/logo\\\/image\\\/\"},\"sameAs\":[\"https:\\\/\\\/x.com\\\/LlarsCompartids\",\"https:\\\/\\\/www.linkedin.com\\\/in\\\/fundaci-privada-llars-compartides-930216a6\\\/\"]},{\"@type\":\"Person\",\"@id\":\"https:\\\/\\\/llarscompartides.org\\\/es\\\/#\\\/schema\\\/person\\\/53f7ef669aa691003a8d419d39534274\",\"name\":\"Alicia\",\"url\":\"https:\\\/\\\/llarscompartides.org\\\/es\\\/author\\\/fundacio\\\/\"}]}<\/script>\n<!-- \/ Yoast SEO plugin. -->","yoast_head_json":{"title":"Residentes de Llars Horitz\u00f3 en TV3 - FLLC","description":"Llars Horitz\u00f3 es una antigua residencia de ancianos, rehabilitada y convertida en un proyecto de covivienda en 2020. Un proyecto en red con la Fundaci\u00f3n Llegat Roca i Pi, como propietarios del edificio, con la colaboraci\u00f3n de C\u00e1ritas y nosotros como gestores, para dar respuesta a las necesidades de 17 personas mayores.","robots":{"index":"index","follow":"follow","max-snippet":"max-snippet:-1","max-image-preview":"max-image-preview:large","max-video-preview":"max-video-preview:-1"},"canonical":"https:\/\/llarscompartides.org\/es\/residentes-de-llars-horitzo-en-tv3\/","og_locale":"es_ES","og_type":"article","og_title":"Residentes de Llars Horitz\u00f3 en TV3 - FLLC","og_description":"Llars Horitz\u00f3 es una antigua residencia de ancianos, rehabilitada y convertida en un proyecto de covivienda en 2020. Un proyecto en red con la Fundaci\u00f3n Llegat Roca i Pi, como propietarios del edificio, con la colaboraci\u00f3n de C\u00e1ritas y nosotros como gestores, para dar respuesta a las necesidades de 17 personas mayores.","og_url":"https:\/\/llarscompartides.org\/es\/residentes-de-llars-horitzo-en-tv3\/","og_site_name":"FLLC","article_published_time":"2025-08-26T16:04:59+00:00","article_modified_time":"2025-08-26T16:16:08+00:00","og_image":[{"width":290,"height":174,"url":"https:\/\/llarscompartides.org\/wp-content\/uploads\/2025\/08\/images-1.jpg","type":"image\/jpeg"}],"author":"Alicia","twitter_card":"summary_large_image","twitter_creator":"@LlarsCompartids","twitter_site":"@LlarsCompartids","twitter_misc":{"Escrito por":"Alicia"},"schema":{"@context":"https:\/\/schema.org","@graph":[{"@type":"Article","@id":"https:\/\/llarscompartides.org\/es\/residentes-de-llars-horitzo-en-tv3\/#article","isPartOf":{"@id":"https:\/\/llarscompartides.org\/es\/residentes-de-llars-horitzo-en-tv3\/"},"author":{"name":"Alicia","@id":"https:\/\/llarscompartides.org\/es\/#\/schema\/person\/53f7ef669aa691003a8d419d39534274"},"headline":"Residentes de Llars Horitz\u00f3 en TV3","datePublished":"2025-08-26T16:04:59+00:00","dateModified":"2025-08-26T16:16:08+00:00","mainEntityOfPage":{"@id":"https:\/\/llarscompartides.org\/es\/residentes-de-llars-horitzo-en-tv3\/"},"wordCount":83,"publisher":{"@id":"https:\/\/llarscompartides.org\/es\/#organization"},"image":{"@id":"https:\/\/llarscompartides.org\/es\/residentes-de-llars-horitzo-en-tv3\/#primaryimage"},"thumbnailUrl":"https:\/\/llarscompartides.org\/wp-content\/uploads\/2025\/08\/images-1.jpg","articleSection":["Sin categorizar"],"inLanguage":"es"},{"@type":"WebPage","@id":"https:\/\/llarscompartides.org\/es\/residentes-de-llars-horitzo-en-tv3\/","url":"https:\/\/llarscompartides.org\/es\/residentes-de-llars-horitzo-en-tv3\/","name":"Residentes de Llars Horitz\u00f3 en TV3 - FLLC","isPartOf":{"@id":"https:\/\/llarscompartides.org\/es\/#website"},"primaryImageOfPage":{"@id":"https:\/\/llarscompartides.org\/es\/residentes-de-llars-horitzo-en-tv3\/#primaryimage"},"image":{"@id":"https:\/\/llarscompartides.org\/es\/residentes-de-llars-horitzo-en-tv3\/#primaryimage"},"thumbnailUrl":"https:\/\/llarscompartides.org\/wp-content\/uploads\/2025\/08\/images-1.jpg","datePublished":"2025-08-26T16:04:59+00:00","dateModified":"2025-08-26T16:16:08+00:00","description":"Llars Horitz\u00f3 es una antigua residencia de ancianos, rehabilitada y convertida en un proyecto de covivienda en 2020. Un proyecto en red con la Fundaci\u00f3n Llegat Roca i Pi, como propietarios del edificio, con la colaboraci\u00f3n de C\u00e1ritas y nosotros como gestores, para dar respuesta a las necesidades de 17 personas mayores.","breadcrumb":{"@id":"https:\/\/llarscompartides.org\/es\/residentes-de-llars-horitzo-en-tv3\/#breadcrumb"},"inLanguage":"es","potentialAction":[{"@type":"ReadAction","target":["https:\/\/llarscompartides.org\/es\/residentes-de-llars-horitzo-en-tv3\/"]}]},{"@type":"ImageObject","inLanguage":"es","@id":"https:\/\/llarscompartides.org\/es\/residentes-de-llars-horitzo-en-tv3\/#primaryimage","url":"https:\/\/llarscompartides.org\/wp-content\/uploads\/2025\/08\/images-1.jpg","contentUrl":"https:\/\/llarscompartides.org\/wp-content\/uploads\/2025\/08\/images-1.jpg","width":290,"height":174},{"@type":"BreadcrumbList","@id":"https:\/\/llarscompartides.org\/es\/residentes-de-llars-horitzo-en-tv3\/#breadcrumb","itemListElement":[{"@type":"ListItem","position":1,"name":"Home","item":"https:\/\/llarscompartides.org\/es\/inicio-nueva\/"},{"@type":"ListItem","position":2,"name":"Residentes de Llars Horitz\u00f3 en TV3"}]},{"@type":"WebSite","@id":"https:\/\/llarscompartides.org\/es\/#website","url":"https:\/\/llarscompartides.org\/es\/","name":"llarscompartides.com","description":"Fundaci\u00f3 llars compartides","publisher":{"@id":"https:\/\/llarscompartides.org\/es\/#organization"},"potentialAction":[{"@type":"SearchAction","target":{"@type":"EntryPoint","urlTemplate":"https:\/\/llarscompartides.org\/es\/?s={search_term_string}"},"query-input":{"@type":"PropertyValueSpecification","valueRequired":true,"valueName":"search_term_string"}}],"inLanguage":"es"},{"@type":"Organization","@id":"https:\/\/llarscompartides.org\/es\/#organization","name":"Fundaci\u00f3 Llars Compartides","url":"https:\/\/llarscompartides.org\/es\/","logo":{"@type":"ImageObject","inLanguage":"es","@id":"https:\/\/llarscompartides.org\/es\/#\/schema\/logo\/image\/","url":"https:\/\/llarscompartides.org\/wp-content\/uploads\/2023\/06\/logo-llars-compartides-001.jpg","contentUrl":"https:\/\/llarscompartides.org\/wp-content\/uploads\/2023\/06\/logo-llars-compartides-001.jpg","width":1684,"height":1191,"caption":"Fundaci\u00f3 Llars Compartides"},"image":{"@id":"https:\/\/llarscompartides.org\/es\/#\/schema\/logo\/image\/"},"sameAs":["https:\/\/x.com\/LlarsCompartids","https:\/\/www.linkedin.com\/in\/fundaci-privada-llars-compartides-930216a6\/"]},{"@type":"Person","@id":"https:\/\/llarscompartides.org\/es\/#\/schema\/person\/53f7ef669aa691003a8d419d39534274","name":"Alicia","url":"https:\/\/llarscompartides.org\/es\/author\/fundacio\/"}]}},"_links":{"self":[{"href":"https:\/\/llarscompartides.org\/es\/wp-json\/wp\/v2\/posts\/3157","targetHints":{"allow":["GET"]}}],"collection":[{"href":"https:\/\/llarscompartides.org\/es\/wp-json\/wp\/v2\/posts"}],"about":[{"href":"https:\/\/llarscompartides.org\/es\/wp-json\/wp\/v2\/types\/post"}],"author":[{"embeddable":true,"href":"https:\/\/llarscompartides.org\/es\/wp-json\/wp\/v2\/users\/4"}],"replies":[{"embeddable":true,"href":"https:\/\/llarscompartides.org\/es\/wp-json\/wp\/v2\/comments?post=3157"}],"version-history":[{"count":2,"href":"https:\/\/llarscompartides.org\/es\/wp-json\/wp\/v2\/posts\/3157\/revisions"}],"predecessor-version":[{"id":3161,"href":"https:\/\/llarscompartides.org\/es\/wp-json\/wp\/v2\/posts\/3157\/revisions\/3161"}],"wp:featuredmedia":[{"embeddable":true,"href":"https:\/\/llarscompartides.org\/es\/wp-json\/wp\/v2\/media\/3155"}],"wp:attachment":[{"href":"https:\/\/llarscompartides.org\/es\/wp-json\/wp\/v2\/media?parent=3157"}],"wp:term":[{"taxonomy":"category","embeddable":true,"href":"https:\/\/llarscompartides.org\/es\/wp-json\/wp\/v2\/categories?post=3157"},{"taxonomy":"post_tag","embeddable":true,"href":"https:\/\/llarscompartides.org\/es\/wp-json\/wp\/v2\/tags?post=3157"}],"curies":[{"name":"wp","href":"https:\/\/api.w.org\/{rel}","templated":true}]}}