{"id":3108,"date":"2025-07-04T18:06:21","date_gmt":"2025-07-04T16:06:21","guid":{"rendered":"https:\/\/llarscompartides.org\/refugios-climaticos-contra-la-calor\/"},"modified":"2025-07-04T18:06:21","modified_gmt":"2025-07-04T16:06:21","slug":"refugios-climaticos-contra-la-calor","status":"publish","type":"post","link":"https:\/\/llarscompartides.org\/es\/refugios-climaticos-contra-la-calor\/","title":{"rendered":"Refugios clim\u00e1ticos contra la calor"},"content":{"rendered":"<p>El Ajuntament de Barcelona amplia la red de 400 refugios clim\u00e1ticos.<\/p>\n<p>Su objetivo es adaptar Barcelona a los efectos negativos del cambio clim\u00e1tico, especialmente en el per\u00edodo de ola de calor. El calor excesivo y sostenido aumenta la mortalidad y los problemas de salud, especialmente entre las personas mayores, los beb\u00e9s, las personas con enfermedades cr\u00f3nicas o con pocos recursos. <\/p>\n<p><a href=\"https:\/\/www.barcelona.cat\/barcelona-pel-clima\/ca\/accions-concretes\/xarxa-de-refugis-climatics?&amp;utm_content=C6483-I200&amp;utm_source=ecoms&amp;utm_medium=email&amp;utm_term=Not%c3%adcia%20destacada%20color%201-contingut#simbol\"><span style=\"color: #800000;\">Continuar leyendo<\/span><\/a><\/p>\n<p>&nbsp;<\/p>\n","protected":false},"excerpt":{"rendered":"<p>El Ajuntament de Barcelona amplia la red de 400 refugios clim\u00e1ticos. Su objetivo es adaptar Barcelona a los efectos negativos del cambio clim\u00e1tico, especialmente en el per\u00edodo de ola de calor. El calor excesivo y sostenido aumenta la mortalidad y los problemas de salud, especialmente&#8230;<\/p>\n","protected":false},"author":4,"featured_media":3106,"comment_status":"closed","ping_status":"closed","sticky":false,"template":"","format":"standard","meta":{"footnotes":""},"categories":[16],"tags":[],"class_list":["post-3108","post","type-post","status-publish","format-standard","has-post-thumbnail","hentry","category-sin-categorizar-es"],"yoast_head":"<!-- This site is optimized with the Yoast SEO plugin v27.5 - https:\/\/yoast.com\/product\/yoast-seo-wordpress\/ -->\n<title>Refugios clim\u00e1ticos contra la calor - FLLC<\/title>\n<meta name=\"description\" content=\"El Ajuntament de Barcelona amplia la red de 400 refugios clim\u00e1ticos.\" \/>\n<meta name=\"robots\" content=\"index, follow, max-snippet:-1, max-image-preview:large, max-video-preview:-1\" \/>\n<link rel=\"canonical\" href=\"https:\/\/llarscompartides.org\/es\/refugios-climaticos-contra-la-calor\/\" \/>\n<meta property=\"og:locale\" content=\"es_ES\" \/>\n<meta property=\"og:type\" content=\"article\" \/>\n<meta property=\"og:title\" content=\"Refugios clim\u00e1ticos contra la calor - FLLC\" \/>\n<meta property=\"og:description\" content=\"El Ajuntament de Barcelona amplia la red de 400 refugios clim\u00e1ticos.\" \/>\n<meta property=\"og:url\" content=\"https:\/\/llarscompartides.org\/es\/refugios-climaticos-contra-la-calor\/\" \/>\n<meta property=\"og:site_name\" content=\"FLLC\" \/>\n<meta property=\"article:published_time\" content=\"2025-07-04T16:06:21+00:00\" \/>\n<meta property=\"og:image\" content=\"https:\/\/llarscompartides.org\/wp-content\/uploads\/2025\/07\/descarga.jpg\" \/>\n\t<meta property=\"og:image:width\" content=\"275\" \/>\n\t<meta property=\"og:image:height\" content=\"183\" \/>\n\t<meta property=\"og:image:type\" content=\"image\/jpeg\" \/>\n<meta name=\"author\" content=\"Alicia\" \/>\n<meta name=\"twitter:card\" content=\"summary_large_image\" \/>\n<meta name=\"twitter:creator\" content=\"@LlarsCompartids\" \/>\n<meta name=\"twitter:site\" content=\"@LlarsCompartids\" \/>\n<meta name=\"twitter:label1\" content=\"Escrito por\" \/>\n\t<meta name=\"twitter:data1\" content=\"Alicia\" \/>\n<script type=\"application\/ld+json\" class=\"yoast-schema-graph\">{\"@context\":\"https:\\\/\\\/schema.org\",\"@graph\":[{\"@type\":\"Article\",\"@id\":\"https:\\\/\\\/llarscompartides.org\\\/es\\\/refugios-climaticos-contra-la-calor\\\/#article\",\"isPartOf\":{\"@id\":\"https:\\\/\\\/llarscompartides.org\\\/es\\\/refugios-climaticos-contra-la-calor\\\/\"},\"author\":{\"name\":\"Alicia\",\"@id\":\"https:\\\/\\\/llarscompartides.org\\\/es\\\/#\\\/schema\\\/person\\\/53f7ef669aa691003a8d419d39534274\"},\"headline\":\"Refugios clim\u00e1ticos contra la calor\",\"datePublished\":\"2025-07-04T16:06:21+00:00\",\"mainEntityOfPage\":{\"@id\":\"https:\\\/\\\/llarscompartides.org\\\/es\\\/refugios-climaticos-contra-la-calor\\\/\"},\"wordCount\":73,\"publisher\":{\"@id\":\"https:\\\/\\\/llarscompartides.org\\\/es\\\/#organization\"},\"image\":{\"@id\":\"https:\\\/\\\/llarscompartides.org\\\/es\\\/refugios-climaticos-contra-la-calor\\\/#primaryimage\"},\"thumbnailUrl\":\"https:\\\/\\\/llarscompartides.org\\\/wp-content\\\/uploads\\\/2025\\\/07\\\/descarga.jpg\",\"articleSection\":[\"Sin categorizar\"],\"inLanguage\":\"es\"},{\"@type\":\"WebPage\",\"@id\":\"https:\\\/\\\/llarscompartides.org\\\/es\\\/refugios-climaticos-contra-la-calor\\\/\",\"url\":\"https:\\\/\\\/llarscompartides.org\\\/es\\\/refugios-climaticos-contra-la-calor\\\/\",\"name\":\"Refugios clim\u00e1ticos contra la calor - FLLC\",\"isPartOf\":{\"@id\":\"https:\\\/\\\/llarscompartides.org\\\/es\\\/#website\"},\"primaryImageOfPage\":{\"@id\":\"https:\\\/\\\/llarscompartides.org\\\/es\\\/refugios-climaticos-contra-la-calor\\\/#primaryimage\"},\"image\":{\"@id\":\"https:\\\/\\\/llarscompartides.org\\\/es\\\/refugios-climaticos-contra-la-calor\\\/#primaryimage\"},\"thumbnailUrl\":\"https:\\\/\\\/llarscompartides.org\\\/wp-content\\\/uploads\\\/2025\\\/07\\\/descarga.jpg\",\"datePublished\":\"2025-07-04T16:06:21+00:00\",\"description\":\"El Ajuntament de Barcelona amplia la red de 400 refugios clim\u00e1ticos.\",\"breadcrumb\":{\"@id\":\"https:\\\/\\\/llarscompartides.org\\\/es\\\/refugios-climaticos-contra-la-calor\\\/#breadcrumb\"},\"inLanguage\":\"es\",\"potentialAction\":[{\"@type\":\"ReadAction\",\"target\":[\"https:\\\/\\\/llarscompartides.org\\\/es\\\/refugios-climaticos-contra-la-calor\\\/\"]}]},{\"@type\":\"ImageObject\",\"inLanguage\":\"es\",\"@id\":\"https:\\\/\\\/llarscompartides.org\\\/es\\\/refugios-climaticos-contra-la-calor\\\/#primaryimage\",\"url\":\"https:\\\/\\\/llarscompartides.org\\\/wp-content\\\/uploads\\\/2025\\\/07\\\/descarga.jpg\",\"contentUrl\":\"https:\\\/\\\/llarscompartides.org\\\/wp-content\\\/uploads\\\/2025\\\/07\\\/descarga.jpg\",\"width\":275,\"height\":183},{\"@type\":\"BreadcrumbList\",\"@id\":\"https:\\\/\\\/llarscompartides.org\\\/es\\\/refugios-climaticos-contra-la-calor\\\/#breadcrumb\",\"itemListElement\":[{\"@type\":\"ListItem\",\"position\":1,\"name\":\"Home\",\"item\":\"https:\\\/\\\/llarscompartides.org\\\/es\\\/inicio-nueva\\\/\"},{\"@type\":\"ListItem\",\"position\":2,\"name\":\"Refugios clim\u00e1ticos contra la calor\"}]},{\"@type\":\"WebSite\",\"@id\":\"https:\\\/\\\/llarscompartides.org\\\/es\\\/#website\",\"url\":\"https:\\\/\\\/llarscompartides.org\\\/es\\\/\",\"name\":\"llarscompartides.com\",\"description\":\"Fundaci\u00f3 llars compartides\",\"publisher\":{\"@id\":\"https:\\\/\\\/llarscompartides.org\\\/es\\\/#organization\"},\"potentialAction\":[{\"@type\":\"SearchAction\",\"target\":{\"@type\":\"EntryPoint\",\"urlTemplate\":\"https:\\\/\\\/llarscompartides.org\\\/es\\\/?s={search_term_string}\"},\"query-input\":{\"@type\":\"PropertyValueSpecification\",\"valueRequired\":true,\"valueName\":\"search_term_string\"}}],\"inLanguage\":\"es\"},{\"@type\":\"Organization\",\"@id\":\"https:\\\/\\\/llarscompartides.org\\\/es\\\/#organization\",\"name\":\"Fundaci\u00f3 Llars Compartides\",\"url\":\"https:\\\/\\\/llarscompartides.org\\\/es\\\/\",\"logo\":{\"@type\":\"ImageObject\",\"inLanguage\":\"es\",\"@id\":\"https:\\\/\\\/llarscompartides.org\\\/es\\\/#\\\/schema\\\/logo\\\/image\\\/\",\"url\":\"https:\\\/\\\/llarscompartides.org\\\/wp-content\\\/uploads\\\/2023\\\/06\\\/logo-llars-compartides-001.jpg\",\"contentUrl\":\"https:\\\/\\\/llarscompartides.org\\\/wp-content\\\/uploads\\\/2023\\\/06\\\/logo-llars-compartides-001.jpg\",\"width\":1684,\"height\":1191,\"caption\":\"Fundaci\u00f3 Llars Compartides\"},\"image\":{\"@id\":\"https:\\\/\\\/llarscompartides.org\\\/es\\\/#\\\/schema\\\/logo\\\/image\\\/\"},\"sameAs\":[\"https:\\\/\\\/x.com\\\/LlarsCompartids\",\"https:\\\/\\\/www.linkedin.com\\\/in\\\/fundaci-privada-llars-compartides-930216a6\\\/\"]},{\"@type\":\"Person\",\"@id\":\"https:\\\/\\\/llarscompartides.org\\\/es\\\/#\\\/schema\\\/person\\\/53f7ef669aa691003a8d419d39534274\",\"name\":\"Alicia\",\"url\":\"https:\\\/\\\/llarscompartides.org\\\/es\\\/author\\\/fundacio\\\/\"}]}<\/script>\n<!-- \/ Yoast SEO plugin. -->","yoast_head_json":{"title":"Refugios clim\u00e1ticos contra la calor - FLLC","description":"El Ajuntament de Barcelona amplia la red de 400 refugios clim\u00e1ticos.","robots":{"index":"index","follow":"follow","max-snippet":"max-snippet:-1","max-image-preview":"max-image-preview:large","max-video-preview":"max-video-preview:-1"},"canonical":"https:\/\/llarscompartides.org\/es\/refugios-climaticos-contra-la-calor\/","og_locale":"es_ES","og_type":"article","og_title":"Refugios clim\u00e1ticos contra la calor - FLLC","og_description":"El Ajuntament de Barcelona amplia la red de 400 refugios clim\u00e1ticos.","og_url":"https:\/\/llarscompartides.org\/es\/refugios-climaticos-contra-la-calor\/","og_site_name":"FLLC","article_published_time":"2025-07-04T16:06:21+00:00","og_image":[{"width":275,"height":183,"url":"https:\/\/llarscompartides.org\/wp-content\/uploads\/2025\/07\/descarga.jpg","type":"image\/jpeg"}],"author":"Alicia","twitter_card":"summary_large_image","twitter_creator":"@LlarsCompartids","twitter_site":"@LlarsCompartids","twitter_misc":{"Escrito por":"Alicia"},"schema":{"@context":"https:\/\/schema.org","@graph":[{"@type":"Article","@id":"https:\/\/llarscompartides.org\/es\/refugios-climaticos-contra-la-calor\/#article","isPartOf":{"@id":"https:\/\/llarscompartides.org\/es\/refugios-climaticos-contra-la-calor\/"},"author":{"name":"Alicia","@id":"https:\/\/llarscompartides.org\/es\/#\/schema\/person\/53f7ef669aa691003a8d419d39534274"},"headline":"Refugios clim\u00e1ticos contra la calor","datePublished":"2025-07-04T16:06:21+00:00","mainEntityOfPage":{"@id":"https:\/\/llarscompartides.org\/es\/refugios-climaticos-contra-la-calor\/"},"wordCount":73,"publisher":{"@id":"https:\/\/llarscompartides.org\/es\/#organization"},"image":{"@id":"https:\/\/llarscompartides.org\/es\/refugios-climaticos-contra-la-calor\/#primaryimage"},"thumbnailUrl":"https:\/\/llarscompartides.org\/wp-content\/uploads\/2025\/07\/descarga.jpg","articleSection":["Sin categorizar"],"inLanguage":"es"},{"@type":"WebPage","@id":"https:\/\/llarscompartides.org\/es\/refugios-climaticos-contra-la-calor\/","url":"https:\/\/llarscompartides.org\/es\/refugios-climaticos-contra-la-calor\/","name":"Refugios clim\u00e1ticos contra la calor - FLLC","isPartOf":{"@id":"https:\/\/llarscompartides.org\/es\/#website"},"primaryImageOfPage":{"@id":"https:\/\/llarscompartides.org\/es\/refugios-climaticos-contra-la-calor\/#primaryimage"},"image":{"@id":"https:\/\/llarscompartides.org\/es\/refugios-climaticos-contra-la-calor\/#primaryimage"},"thumbnailUrl":"https:\/\/llarscompartides.org\/wp-content\/uploads\/2025\/07\/descarga.jpg","datePublished":"2025-07-04T16:06:21+00:00","description":"El Ajuntament de Barcelona amplia la red de 400 refugios clim\u00e1ticos.","breadcrumb":{"@id":"https:\/\/llarscompartides.org\/es\/refugios-climaticos-contra-la-calor\/#breadcrumb"},"inLanguage":"es","potentialAction":[{"@type":"ReadAction","target":["https:\/\/llarscompartides.org\/es\/refugios-climaticos-contra-la-calor\/"]}]},{"@type":"ImageObject","inLanguage":"es","@id":"https:\/\/llarscompartides.org\/es\/refugios-climaticos-contra-la-calor\/#primaryimage","url":"https:\/\/llarscompartides.org\/wp-content\/uploads\/2025\/07\/descarga.jpg","contentUrl":"https:\/\/llarscompartides.org\/wp-content\/uploads\/2025\/07\/descarga.jpg","width":275,"height":183},{"@type":"BreadcrumbList","@id":"https:\/\/llarscompartides.org\/es\/refugios-climaticos-contra-la-calor\/#breadcrumb","itemListElement":[{"@type":"ListItem","position":1,"name":"Home","item":"https:\/\/llarscompartides.org\/es\/inicio-nueva\/"},{"@type":"ListItem","position":2,"name":"Refugios clim\u00e1ticos contra la calor"}]},{"@type":"WebSite","@id":"https:\/\/llarscompartides.org\/es\/#website","url":"https:\/\/llarscompartides.org\/es\/","name":"llarscompartides.com","description":"Fundaci\u00f3 llars compartides","publisher":{"@id":"https:\/\/llarscompartides.org\/es\/#organization"},"potentialAction":[{"@type":"SearchAction","target":{"@type":"EntryPoint","urlTemplate":"https:\/\/llarscompartides.org\/es\/?s={search_term_string}"},"query-input":{"@type":"PropertyValueSpecification","valueRequired":true,"valueName":"search_term_string"}}],"inLanguage":"es"},{"@type":"Organization","@id":"https:\/\/llarscompartides.org\/es\/#organization","name":"Fundaci\u00f3 Llars Compartides","url":"https:\/\/llarscompartides.org\/es\/","logo":{"@type":"ImageObject","inLanguage":"es","@id":"https:\/\/llarscompartides.org\/es\/#\/schema\/logo\/image\/","url":"https:\/\/llarscompartides.org\/wp-content\/uploads\/2023\/06\/logo-llars-compartides-001.jpg","contentUrl":"https:\/\/llarscompartides.org\/wp-content\/uploads\/2023\/06\/logo-llars-compartides-001.jpg","width":1684,"height":1191,"caption":"Fundaci\u00f3 Llars Compartides"},"image":{"@id":"https:\/\/llarscompartides.org\/es\/#\/schema\/logo\/image\/"},"sameAs":["https:\/\/x.com\/LlarsCompartids","https:\/\/www.linkedin.com\/in\/fundaci-privada-llars-compartides-930216a6\/"]},{"@type":"Person","@id":"https:\/\/llarscompartides.org\/es\/#\/schema\/person\/53f7ef669aa691003a8d419d39534274","name":"Alicia","url":"https:\/\/llarscompartides.org\/es\/author\/fundacio\/"}]}},"_links":{"self":[{"href":"https:\/\/llarscompartides.org\/es\/wp-json\/wp\/v2\/posts\/3108","targetHints":{"allow":["GET"]}}],"collection":[{"href":"https:\/\/llarscompartides.org\/es\/wp-json\/wp\/v2\/posts"}],"about":[{"href":"https:\/\/llarscompartides.org\/es\/wp-json\/wp\/v2\/types\/post"}],"author":[{"embeddable":true,"href":"https:\/\/llarscompartides.org\/es\/wp-json\/wp\/v2\/users\/4"}],"replies":[{"embeddable":true,"href":"https:\/\/llarscompartides.org\/es\/wp-json\/wp\/v2\/comments?post=3108"}],"version-history":[{"count":0,"href":"https:\/\/llarscompartides.org\/es\/wp-json\/wp\/v2\/posts\/3108\/revisions"}],"wp:featuredmedia":[{"embeddable":true,"href":"https:\/\/llarscompartides.org\/es\/wp-json\/wp\/v2\/media\/3106"}],"wp:attachment":[{"href":"https:\/\/llarscompartides.org\/es\/wp-json\/wp\/v2\/media?parent=3108"}],"wp:term":[{"taxonomy":"category","embeddable":true,"href":"https:\/\/llarscompartides.org\/es\/wp-json\/wp\/v2\/categories?post=3108"},{"taxonomy":"post_tag","embeddable":true,"href":"https:\/\/llarscompartides.org\/es\/wp-json\/wp\/v2\/tags?post=3108"}],"curies":[{"name":"wp","href":"https:\/\/api.w.org\/{rel}","templated":true}]}}