{"id":3101,"date":"2025-07-04T12:02:47","date_gmt":"2025-07-04T10:02:47","guid":{"rendered":"https:\/\/llarscompartides.org\/comienza-la-septima-edicion-de-la-gran-pantalla\/"},"modified":"2025-07-04T12:14:22","modified_gmt":"2025-07-04T10:14:22","slug":"comienza-la-septima-edicion-de-la-gran-pantalla","status":"publish","type":"post","link":"https:\/\/llarscompartides.org\/es\/comienza-la-septima-edicion-de-la-gran-pantalla\/","title":{"rendered":"Comienza la s\u00e9ptima edici\u00f3n de La GRAN pantalla"},"content":{"rendered":"<p>El Festival Internacional de Cine de las Personas Mayores, se celebra del 1 al 5 de julio en los Cines Girona de Barcelona. Un espacio dedicado al encuenro cinematogr\u00e1fico intergeneracional. <\/p>\n<p>Las entradas son gratuitas.<\/p>\n<p><a href=\"https:\/\/lagranpantallafestival.com\/ca\/\"><span style=\"color: #800000;\">Sigue leyendo<\/span><\/a> y conoce el programa.<\/p>\n<p>&nbsp;<\/p>\n<p>&nbsp;<\/p>\n<p>&nbsp;<\/p>\n","protected":false},"excerpt":{"rendered":"<p>El Festival Internacional de Cine de las Personas Mayores, se celebra del 1 al 5 de julio en los Cines Girona de Barcelona. Un espacio dedicado al encuenro cinematogr\u00e1fico intergeneracional. Las entradas son gratuitas. Sigue leyendo y conoce el programa. &nbsp; &nbsp; &nbsp;<\/p>\n","protected":false},"author":4,"featured_media":3099,"comment_status":"closed","ping_status":"closed","sticky":false,"template":"","format":"standard","meta":{"footnotes":""},"categories":[16],"tags":[],"class_list":["post-3101","post","type-post","status-publish","format-standard","has-post-thumbnail","hentry","category-sin-categorizar-es"],"yoast_head":"<!-- This site is optimized with the Yoast SEO plugin v27.5 - https:\/\/yoast.com\/product\/yoast-seo-wordpress\/ -->\n<title>Comienza la s\u00e9ptima edici\u00f3n de La GRAN pantalla - FLLC<\/title>\n<meta name=\"description\" content=\"Comienza la s\u00e9ptima edici\u00f3n de La GRAN pantalla\" \/>\n<meta name=\"robots\" content=\"index, follow, max-snippet:-1, max-image-preview:large, max-video-preview:-1\" \/>\n<link rel=\"canonical\" href=\"https:\/\/llarscompartides.org\/es\/comienza-la-septima-edicion-de-la-gran-pantalla\/\" \/>\n<meta property=\"og:locale\" content=\"es_ES\" \/>\n<meta property=\"og:type\" content=\"article\" \/>\n<meta property=\"og:title\" content=\"Comienza la s\u00e9ptima edici\u00f3n de La GRAN pantalla - FLLC\" \/>\n<meta property=\"og:description\" content=\"Comienza la s\u00e9ptima edici\u00f3n de La GRAN pantalla\" \/>\n<meta property=\"og:url\" content=\"https:\/\/llarscompartides.org\/es\/comienza-la-septima-edicion-de-la-gran-pantalla\/\" \/>\n<meta property=\"og:site_name\" content=\"FLLC\" \/>\n<meta property=\"article:published_time\" content=\"2025-07-04T10:02:47+00:00\" \/>\n<meta property=\"article:modified_time\" content=\"2025-07-04T10:14:22+00:00\" \/>\n<meta property=\"og:image\" content=\"https:\/\/llarscompartides.org\/wp-content\/uploads\/2025\/07\/LPG-2B-v4_web.jpg\" \/>\n\t<meta property=\"og:image:width\" content=\"800\" \/>\n\t<meta property=\"og:image:height\" content=\"1225\" \/>\n\t<meta property=\"og:image:type\" content=\"image\/jpeg\" \/>\n<meta name=\"author\" content=\"Alicia\" \/>\n<meta name=\"twitter:card\" content=\"summary_large_image\" \/>\n<meta name=\"twitter:creator\" content=\"@LlarsCompartids\" \/>\n<meta name=\"twitter:site\" content=\"@LlarsCompartids\" \/>\n<meta name=\"twitter:label1\" content=\"Escrito por\" \/>\n\t<meta name=\"twitter:data1\" content=\"Alicia\" \/>\n<script type=\"application\/ld+json\" class=\"yoast-schema-graph\">{\"@context\":\"https:\\\/\\\/schema.org\",\"@graph\":[{\"@type\":\"Article\",\"@id\":\"https:\\\/\\\/llarscompartides.org\\\/es\\\/comienza-la-septima-edicion-de-la-gran-pantalla\\\/#article\",\"isPartOf\":{\"@id\":\"https:\\\/\\\/llarscompartides.org\\\/es\\\/comienza-la-septima-edicion-de-la-gran-pantalla\\\/\"},\"author\":{\"name\":\"Alicia\",\"@id\":\"https:\\\/\\\/llarscompartides.org\\\/es\\\/#\\\/schema\\\/person\\\/53f7ef669aa691003a8d419d39534274\"},\"headline\":\"Comienza la s\u00e9ptima edici\u00f3n de La GRAN pantalla\",\"datePublished\":\"2025-07-04T10:02:47+00:00\",\"dateModified\":\"2025-07-04T10:14:22+00:00\",\"mainEntityOfPage\":{\"@id\":\"https:\\\/\\\/llarscompartides.org\\\/es\\\/comienza-la-septima-edicion-de-la-gran-pantalla\\\/\"},\"wordCount\":52,\"publisher\":{\"@id\":\"https:\\\/\\\/llarscompartides.org\\\/es\\\/#organization\"},\"image\":{\"@id\":\"https:\\\/\\\/llarscompartides.org\\\/es\\\/comienza-la-septima-edicion-de-la-gran-pantalla\\\/#primaryimage\"},\"thumbnailUrl\":\"https:\\\/\\\/llarscompartides.org\\\/wp-content\\\/uploads\\\/2025\\\/07\\\/LPG-2B-v4_web.jpg\",\"articleSection\":[\"Sin categorizar\"],\"inLanguage\":\"es\"},{\"@type\":\"WebPage\",\"@id\":\"https:\\\/\\\/llarscompartides.org\\\/es\\\/comienza-la-septima-edicion-de-la-gran-pantalla\\\/\",\"url\":\"https:\\\/\\\/llarscompartides.org\\\/es\\\/comienza-la-septima-edicion-de-la-gran-pantalla\\\/\",\"name\":\"Comienza la s\u00e9ptima edici\u00f3n de La GRAN pantalla - FLLC\",\"isPartOf\":{\"@id\":\"https:\\\/\\\/llarscompartides.org\\\/es\\\/#website\"},\"primaryImageOfPage\":{\"@id\":\"https:\\\/\\\/llarscompartides.org\\\/es\\\/comienza-la-septima-edicion-de-la-gran-pantalla\\\/#primaryimage\"},\"image\":{\"@id\":\"https:\\\/\\\/llarscompartides.org\\\/es\\\/comienza-la-septima-edicion-de-la-gran-pantalla\\\/#primaryimage\"},\"thumbnailUrl\":\"https:\\\/\\\/llarscompartides.org\\\/wp-content\\\/uploads\\\/2025\\\/07\\\/LPG-2B-v4_web.jpg\",\"datePublished\":\"2025-07-04T10:02:47+00:00\",\"dateModified\":\"2025-07-04T10:14:22+00:00\",\"description\":\"Comienza la s\u00e9ptima edici\u00f3n de La GRAN pantalla\",\"breadcrumb\":{\"@id\":\"https:\\\/\\\/llarscompartides.org\\\/es\\\/comienza-la-septima-edicion-de-la-gran-pantalla\\\/#breadcrumb\"},\"inLanguage\":\"es\",\"potentialAction\":[{\"@type\":\"ReadAction\",\"target\":[\"https:\\\/\\\/llarscompartides.org\\\/es\\\/comienza-la-septima-edicion-de-la-gran-pantalla\\\/\"]}]},{\"@type\":\"ImageObject\",\"inLanguage\":\"es\",\"@id\":\"https:\\\/\\\/llarscompartides.org\\\/es\\\/comienza-la-septima-edicion-de-la-gran-pantalla\\\/#primaryimage\",\"url\":\"https:\\\/\\\/llarscompartides.org\\\/wp-content\\\/uploads\\\/2025\\\/07\\\/LPG-2B-v4_web.jpg\",\"contentUrl\":\"https:\\\/\\\/llarscompartides.org\\\/wp-content\\\/uploads\\\/2025\\\/07\\\/LPG-2B-v4_web.jpg\",\"width\":800,\"height\":1225},{\"@type\":\"BreadcrumbList\",\"@id\":\"https:\\\/\\\/llarscompartides.org\\\/es\\\/comienza-la-septima-edicion-de-la-gran-pantalla\\\/#breadcrumb\",\"itemListElement\":[{\"@type\":\"ListItem\",\"position\":1,\"name\":\"Home\",\"item\":\"https:\\\/\\\/llarscompartides.org\\\/es\\\/inicio-nueva\\\/\"},{\"@type\":\"ListItem\",\"position\":2,\"name\":\"Comienza la s\u00e9ptima edici\u00f3n de La GRAN pantalla\"}]},{\"@type\":\"WebSite\",\"@id\":\"https:\\\/\\\/llarscompartides.org\\\/es\\\/#website\",\"url\":\"https:\\\/\\\/llarscompartides.org\\\/es\\\/\",\"name\":\"llarscompartides.com\",\"description\":\"Fundaci\u00f3 llars compartides\",\"publisher\":{\"@id\":\"https:\\\/\\\/llarscompartides.org\\\/es\\\/#organization\"},\"potentialAction\":[{\"@type\":\"SearchAction\",\"target\":{\"@type\":\"EntryPoint\",\"urlTemplate\":\"https:\\\/\\\/llarscompartides.org\\\/es\\\/?s={search_term_string}\"},\"query-input\":{\"@type\":\"PropertyValueSpecification\",\"valueRequired\":true,\"valueName\":\"search_term_string\"}}],\"inLanguage\":\"es\"},{\"@type\":\"Organization\",\"@id\":\"https:\\\/\\\/llarscompartides.org\\\/es\\\/#organization\",\"name\":\"Fundaci\u00f3 Llars Compartides\",\"url\":\"https:\\\/\\\/llarscompartides.org\\\/es\\\/\",\"logo\":{\"@type\":\"ImageObject\",\"inLanguage\":\"es\",\"@id\":\"https:\\\/\\\/llarscompartides.org\\\/es\\\/#\\\/schema\\\/logo\\\/image\\\/\",\"url\":\"https:\\\/\\\/llarscompartides.org\\\/wp-content\\\/uploads\\\/2023\\\/06\\\/logo-llars-compartides-001.jpg\",\"contentUrl\":\"https:\\\/\\\/llarscompartides.org\\\/wp-content\\\/uploads\\\/2023\\\/06\\\/logo-llars-compartides-001.jpg\",\"width\":1684,\"height\":1191,\"caption\":\"Fundaci\u00f3 Llars Compartides\"},\"image\":{\"@id\":\"https:\\\/\\\/llarscompartides.org\\\/es\\\/#\\\/schema\\\/logo\\\/image\\\/\"},\"sameAs\":[\"https:\\\/\\\/x.com\\\/LlarsCompartids\",\"https:\\\/\\\/www.linkedin.com\\\/in\\\/fundaci-privada-llars-compartides-930216a6\\\/\"]},{\"@type\":\"Person\",\"@id\":\"https:\\\/\\\/llarscompartides.org\\\/es\\\/#\\\/schema\\\/person\\\/53f7ef669aa691003a8d419d39534274\",\"name\":\"Alicia\",\"url\":\"https:\\\/\\\/llarscompartides.org\\\/es\\\/author\\\/fundacio\\\/\"}]}<\/script>\n<!-- \/ Yoast SEO plugin. -->","yoast_head_json":{"title":"Comienza la s\u00e9ptima edici\u00f3n de La GRAN pantalla - FLLC","description":"Comienza la s\u00e9ptima edici\u00f3n de La GRAN pantalla","robots":{"index":"index","follow":"follow","max-snippet":"max-snippet:-1","max-image-preview":"max-image-preview:large","max-video-preview":"max-video-preview:-1"},"canonical":"https:\/\/llarscompartides.org\/es\/comienza-la-septima-edicion-de-la-gran-pantalla\/","og_locale":"es_ES","og_type":"article","og_title":"Comienza la s\u00e9ptima edici\u00f3n de La GRAN pantalla - FLLC","og_description":"Comienza la s\u00e9ptima edici\u00f3n de La GRAN pantalla","og_url":"https:\/\/llarscompartides.org\/es\/comienza-la-septima-edicion-de-la-gran-pantalla\/","og_site_name":"FLLC","article_published_time":"2025-07-04T10:02:47+00:00","article_modified_time":"2025-07-04T10:14:22+00:00","og_image":[{"width":800,"height":1225,"url":"https:\/\/llarscompartides.org\/wp-content\/uploads\/2025\/07\/LPG-2B-v4_web.jpg","type":"image\/jpeg"}],"author":"Alicia","twitter_card":"summary_large_image","twitter_creator":"@LlarsCompartids","twitter_site":"@LlarsCompartids","twitter_misc":{"Escrito por":"Alicia"},"schema":{"@context":"https:\/\/schema.org","@graph":[{"@type":"Article","@id":"https:\/\/llarscompartides.org\/es\/comienza-la-septima-edicion-de-la-gran-pantalla\/#article","isPartOf":{"@id":"https:\/\/llarscompartides.org\/es\/comienza-la-septima-edicion-de-la-gran-pantalla\/"},"author":{"name":"Alicia","@id":"https:\/\/llarscompartides.org\/es\/#\/schema\/person\/53f7ef669aa691003a8d419d39534274"},"headline":"Comienza la s\u00e9ptima edici\u00f3n de La GRAN pantalla","datePublished":"2025-07-04T10:02:47+00:00","dateModified":"2025-07-04T10:14:22+00:00","mainEntityOfPage":{"@id":"https:\/\/llarscompartides.org\/es\/comienza-la-septima-edicion-de-la-gran-pantalla\/"},"wordCount":52,"publisher":{"@id":"https:\/\/llarscompartides.org\/es\/#organization"},"image":{"@id":"https:\/\/llarscompartides.org\/es\/comienza-la-septima-edicion-de-la-gran-pantalla\/#primaryimage"},"thumbnailUrl":"https:\/\/llarscompartides.org\/wp-content\/uploads\/2025\/07\/LPG-2B-v4_web.jpg","articleSection":["Sin categorizar"],"inLanguage":"es"},{"@type":"WebPage","@id":"https:\/\/llarscompartides.org\/es\/comienza-la-septima-edicion-de-la-gran-pantalla\/","url":"https:\/\/llarscompartides.org\/es\/comienza-la-septima-edicion-de-la-gran-pantalla\/","name":"Comienza la s\u00e9ptima edici\u00f3n de La GRAN pantalla - FLLC","isPartOf":{"@id":"https:\/\/llarscompartides.org\/es\/#website"},"primaryImageOfPage":{"@id":"https:\/\/llarscompartides.org\/es\/comienza-la-septima-edicion-de-la-gran-pantalla\/#primaryimage"},"image":{"@id":"https:\/\/llarscompartides.org\/es\/comienza-la-septima-edicion-de-la-gran-pantalla\/#primaryimage"},"thumbnailUrl":"https:\/\/llarscompartides.org\/wp-content\/uploads\/2025\/07\/LPG-2B-v4_web.jpg","datePublished":"2025-07-04T10:02:47+00:00","dateModified":"2025-07-04T10:14:22+00:00","description":"Comienza la s\u00e9ptima edici\u00f3n de La GRAN pantalla","breadcrumb":{"@id":"https:\/\/llarscompartides.org\/es\/comienza-la-septima-edicion-de-la-gran-pantalla\/#breadcrumb"},"inLanguage":"es","potentialAction":[{"@type":"ReadAction","target":["https:\/\/llarscompartides.org\/es\/comienza-la-septima-edicion-de-la-gran-pantalla\/"]}]},{"@type":"ImageObject","inLanguage":"es","@id":"https:\/\/llarscompartides.org\/es\/comienza-la-septima-edicion-de-la-gran-pantalla\/#primaryimage","url":"https:\/\/llarscompartides.org\/wp-content\/uploads\/2025\/07\/LPG-2B-v4_web.jpg","contentUrl":"https:\/\/llarscompartides.org\/wp-content\/uploads\/2025\/07\/LPG-2B-v4_web.jpg","width":800,"height":1225},{"@type":"BreadcrumbList","@id":"https:\/\/llarscompartides.org\/es\/comienza-la-septima-edicion-de-la-gran-pantalla\/#breadcrumb","itemListElement":[{"@type":"ListItem","position":1,"name":"Home","item":"https:\/\/llarscompartides.org\/es\/inicio-nueva\/"},{"@type":"ListItem","position":2,"name":"Comienza la s\u00e9ptima edici\u00f3n de La GRAN pantalla"}]},{"@type":"WebSite","@id":"https:\/\/llarscompartides.org\/es\/#website","url":"https:\/\/llarscompartides.org\/es\/","name":"llarscompartides.com","description":"Fundaci\u00f3 llars compartides","publisher":{"@id":"https:\/\/llarscompartides.org\/es\/#organization"},"potentialAction":[{"@type":"SearchAction","target":{"@type":"EntryPoint","urlTemplate":"https:\/\/llarscompartides.org\/es\/?s={search_term_string}"},"query-input":{"@type":"PropertyValueSpecification","valueRequired":true,"valueName":"search_term_string"}}],"inLanguage":"es"},{"@type":"Organization","@id":"https:\/\/llarscompartides.org\/es\/#organization","name":"Fundaci\u00f3 Llars Compartides","url":"https:\/\/llarscompartides.org\/es\/","logo":{"@type":"ImageObject","inLanguage":"es","@id":"https:\/\/llarscompartides.org\/es\/#\/schema\/logo\/image\/","url":"https:\/\/llarscompartides.org\/wp-content\/uploads\/2023\/06\/logo-llars-compartides-001.jpg","contentUrl":"https:\/\/llarscompartides.org\/wp-content\/uploads\/2023\/06\/logo-llars-compartides-001.jpg","width":1684,"height":1191,"caption":"Fundaci\u00f3 Llars Compartides"},"image":{"@id":"https:\/\/llarscompartides.org\/es\/#\/schema\/logo\/image\/"},"sameAs":["https:\/\/x.com\/LlarsCompartids","https:\/\/www.linkedin.com\/in\/fundaci-privada-llars-compartides-930216a6\/"]},{"@type":"Person","@id":"https:\/\/llarscompartides.org\/es\/#\/schema\/person\/53f7ef669aa691003a8d419d39534274","name":"Alicia","url":"https:\/\/llarscompartides.org\/es\/author\/fundacio\/"}]}},"_links":{"self":[{"href":"https:\/\/llarscompartides.org\/es\/wp-json\/wp\/v2\/posts\/3101","targetHints":{"allow":["GET"]}}],"collection":[{"href":"https:\/\/llarscompartides.org\/es\/wp-json\/wp\/v2\/posts"}],"about":[{"href":"https:\/\/llarscompartides.org\/es\/wp-json\/wp\/v2\/types\/post"}],"author":[{"embeddable":true,"href":"https:\/\/llarscompartides.org\/es\/wp-json\/wp\/v2\/users\/4"}],"replies":[{"embeddable":true,"href":"https:\/\/llarscompartides.org\/es\/wp-json\/wp\/v2\/comments?post=3101"}],"version-history":[{"count":1,"href":"https:\/\/llarscompartides.org\/es\/wp-json\/wp\/v2\/posts\/3101\/revisions"}],"predecessor-version":[{"id":3103,"href":"https:\/\/llarscompartides.org\/es\/wp-json\/wp\/v2\/posts\/3101\/revisions\/3103"}],"wp:featuredmedia":[{"embeddable":true,"href":"https:\/\/llarscompartides.org\/es\/wp-json\/wp\/v2\/media\/3099"}],"wp:attachment":[{"href":"https:\/\/llarscompartides.org\/es\/wp-json\/wp\/v2\/media?parent=3101"}],"wp:term":[{"taxonomy":"category","embeddable":true,"href":"https:\/\/llarscompartides.org\/es\/wp-json\/wp\/v2\/categories?post=3101"},{"taxonomy":"post_tag","embeddable":true,"href":"https:\/\/llarscompartides.org\/es\/wp-json\/wp\/v2\/tags?post=3101"}],"curies":[{"name":"wp","href":"https:\/\/api.w.org\/{rel}","templated":true}]}}