{"id":2995,"date":"2025-05-07T11:51:58","date_gmt":"2025-05-07T09:51:58","guid":{"rendered":"https:\/\/llarscompartides.org\/compartir-piso-en-edad-de-jubilacion\/"},"modified":"2025-05-21T08:59:55","modified_gmt":"2025-05-21T06:59:55","slug":"compartir-piso-en-edad-de-jubilacion","status":"publish","type":"post","link":"https:\/\/llarscompartides.org\/es\/compartir-piso-en-edad-de-jubilacion\/","title":{"rendered":"Compartir piso en edad de jubilaci\u00f3n"},"content":{"rendered":"<p>Entrevista en el programa La tarda de Catalunya R\u00e0dio, con tres residentes.<\/p>\n<p>Jaume, Joan y David tienen m\u00e1s de 70 a\u00f1os y, a pesar de haber trabajado toda su vida, su pensi\u00f3n de jubilaci\u00f3n no les permite pagar un alquiler en solitario.<\/p>\n<p><span style=\"color: #993300;\"><a style=\"color: #993300;\" href=\"https:\/\/www.3cat.cat\/3cat\/compartir-pis-en-edat-de-jubilacio\/audio\/1243475\/\">Entrevista<\/a><\/span><\/p>\n","protected":false},"excerpt":{"rendered":"<p>Entrevista en el programa La tarda de Catalunya R\u00e0dio, con tres residentes. Jaume, Joan y David tienen m\u00e1s de 70 a\u00f1os y, a pesar de haber trabajado toda su vida, su pensi\u00f3n de jubilaci\u00f3n no les permite pagar un alquiler en solitario. Entrevista<\/p>\n","protected":false},"author":4,"featured_media":2993,"comment_status":"closed","ping_status":"closed","sticky":false,"template":"","format":"standard","meta":{"footnotes":""},"categories":[16],"tags":[],"class_list":["post-2995","post","type-post","status-publish","format-standard","has-post-thumbnail","hentry","category-sin-categorizar-es"],"yoast_head":"<!-- This site is optimized with the Yoast SEO plugin v27.5 - https:\/\/yoast.com\/product\/yoast-seo-wordpress\/ -->\n<title>Compartir piso en edad de jubilaci\u00f3n - FLLC<\/title>\n<meta name=\"description\" content=\"Compartir piso en edad de jubilaci\u00f3n\" \/>\n<meta name=\"robots\" content=\"index, follow, max-snippet:-1, max-image-preview:large, max-video-preview:-1\" \/>\n<link rel=\"canonical\" href=\"https:\/\/llarscompartides.org\/es\/compartir-piso-en-edad-de-jubilacion\/\" \/>\n<meta property=\"og:locale\" content=\"es_ES\" \/>\n<meta property=\"og:type\" content=\"article\" \/>\n<meta property=\"og:title\" content=\"Compartir piso en edad de jubilaci\u00f3n - FLLC\" \/>\n<meta property=\"og:description\" content=\"Compartir piso en edad de jubilaci\u00f3n\" \/>\n<meta property=\"og:url\" content=\"https:\/\/llarscompartides.org\/es\/compartir-piso-en-edad-de-jubilacion\/\" \/>\n<meta property=\"og:site_name\" content=\"FLLC\" \/>\n<meta property=\"article:published_time\" content=\"2025-05-07T09:51:58+00:00\" \/>\n<meta property=\"article:modified_time\" content=\"2025-05-21T06:59:55+00:00\" \/>\n<meta property=\"og:image\" content=\"https:\/\/llarscompartides.org\/wp-content\/uploads\/2025\/05\/20250326_Agnes-Marques-Pujolar_Estudi1-CatRadio.jpg\" \/>\n\t<meta property=\"og:image:width\" content=\"250\" \/>\n\t<meta property=\"og:image:height\" content=\"254\" \/>\n\t<meta property=\"og:image:type\" content=\"image\/jpeg\" \/>\n<meta name=\"author\" content=\"Alicia\" \/>\n<meta name=\"twitter:card\" content=\"summary_large_image\" \/>\n<meta name=\"twitter:creator\" content=\"@LlarsCompartids\" \/>\n<meta name=\"twitter:site\" content=\"@LlarsCompartids\" \/>\n<meta name=\"twitter:label1\" content=\"Escrito por\" \/>\n\t<meta name=\"twitter:data1\" content=\"Alicia\" \/>\n<script type=\"application\/ld+json\" class=\"yoast-schema-graph\">{\"@context\":\"https:\\\/\\\/schema.org\",\"@graph\":[{\"@type\":\"Article\",\"@id\":\"https:\\\/\\\/llarscompartides.org\\\/es\\\/compartir-piso-en-edad-de-jubilacion\\\/#article\",\"isPartOf\":{\"@id\":\"https:\\\/\\\/llarscompartides.org\\\/es\\\/compartir-piso-en-edad-de-jubilacion\\\/\"},\"author\":{\"name\":\"Alicia\",\"@id\":\"https:\\\/\\\/llarscompartides.org\\\/es\\\/#\\\/schema\\\/person\\\/53f7ef669aa691003a8d419d39534274\"},\"headline\":\"Compartir piso en edad de jubilaci\u00f3n\",\"datePublished\":\"2025-05-07T09:51:58+00:00\",\"dateModified\":\"2025-05-21T06:59:55+00:00\",\"mainEntityOfPage\":{\"@id\":\"https:\\\/\\\/llarscompartides.org\\\/es\\\/compartir-piso-en-edad-de-jubilacion\\\/\"},\"wordCount\":54,\"publisher\":{\"@id\":\"https:\\\/\\\/llarscompartides.org\\\/es\\\/#organization\"},\"image\":{\"@id\":\"https:\\\/\\\/llarscompartides.org\\\/es\\\/compartir-piso-en-edad-de-jubilacion\\\/#primaryimage\"},\"thumbnailUrl\":\"https:\\\/\\\/llarscompartides.org\\\/wp-content\\\/uploads\\\/2025\\\/05\\\/20250326_Agnes-Marques-Pujolar_Estudi1-CatRadio.jpg\",\"articleSection\":[\"Sin categorizar\"],\"inLanguage\":\"es\"},{\"@type\":\"WebPage\",\"@id\":\"https:\\\/\\\/llarscompartides.org\\\/es\\\/compartir-piso-en-edad-de-jubilacion\\\/\",\"url\":\"https:\\\/\\\/llarscompartides.org\\\/es\\\/compartir-piso-en-edad-de-jubilacion\\\/\",\"name\":\"Compartir piso en edad de jubilaci\u00f3n - FLLC\",\"isPartOf\":{\"@id\":\"https:\\\/\\\/llarscompartides.org\\\/es\\\/#website\"},\"primaryImageOfPage\":{\"@id\":\"https:\\\/\\\/llarscompartides.org\\\/es\\\/compartir-piso-en-edad-de-jubilacion\\\/#primaryimage\"},\"image\":{\"@id\":\"https:\\\/\\\/llarscompartides.org\\\/es\\\/compartir-piso-en-edad-de-jubilacion\\\/#primaryimage\"},\"thumbnailUrl\":\"https:\\\/\\\/llarscompartides.org\\\/wp-content\\\/uploads\\\/2025\\\/05\\\/20250326_Agnes-Marques-Pujolar_Estudi1-CatRadio.jpg\",\"datePublished\":\"2025-05-07T09:51:58+00:00\",\"dateModified\":\"2025-05-21T06:59:55+00:00\",\"description\":\"Compartir piso en edad de jubilaci\u00f3n\",\"breadcrumb\":{\"@id\":\"https:\\\/\\\/llarscompartides.org\\\/es\\\/compartir-piso-en-edad-de-jubilacion\\\/#breadcrumb\"},\"inLanguage\":\"es\",\"potentialAction\":[{\"@type\":\"ReadAction\",\"target\":[\"https:\\\/\\\/llarscompartides.org\\\/es\\\/compartir-piso-en-edad-de-jubilacion\\\/\"]}]},{\"@type\":\"ImageObject\",\"inLanguage\":\"es\",\"@id\":\"https:\\\/\\\/llarscompartides.org\\\/es\\\/compartir-piso-en-edad-de-jubilacion\\\/#primaryimage\",\"url\":\"https:\\\/\\\/llarscompartides.org\\\/wp-content\\\/uploads\\\/2025\\\/05\\\/20250326_Agnes-Marques-Pujolar_Estudi1-CatRadio.jpg\",\"contentUrl\":\"https:\\\/\\\/llarscompartides.org\\\/wp-content\\\/uploads\\\/2025\\\/05\\\/20250326_Agnes-Marques-Pujolar_Estudi1-CatRadio.jpg\",\"width\":250,\"height\":254},{\"@type\":\"BreadcrumbList\",\"@id\":\"https:\\\/\\\/llarscompartides.org\\\/es\\\/compartir-piso-en-edad-de-jubilacion\\\/#breadcrumb\",\"itemListElement\":[{\"@type\":\"ListItem\",\"position\":1,\"name\":\"Home\",\"item\":\"https:\\\/\\\/llarscompartides.org\\\/es\\\/inicio-nueva\\\/\"},{\"@type\":\"ListItem\",\"position\":2,\"name\":\"Compartir piso en edad de jubilaci\u00f3n\"}]},{\"@type\":\"WebSite\",\"@id\":\"https:\\\/\\\/llarscompartides.org\\\/es\\\/#website\",\"url\":\"https:\\\/\\\/llarscompartides.org\\\/es\\\/\",\"name\":\"llarscompartides.com\",\"description\":\"Fundaci\u00f3 llars compartides\",\"publisher\":{\"@id\":\"https:\\\/\\\/llarscompartides.org\\\/es\\\/#organization\"},\"potentialAction\":[{\"@type\":\"SearchAction\",\"target\":{\"@type\":\"EntryPoint\",\"urlTemplate\":\"https:\\\/\\\/llarscompartides.org\\\/es\\\/?s={search_term_string}\"},\"query-input\":{\"@type\":\"PropertyValueSpecification\",\"valueRequired\":true,\"valueName\":\"search_term_string\"}}],\"inLanguage\":\"es\"},{\"@type\":\"Organization\",\"@id\":\"https:\\\/\\\/llarscompartides.org\\\/es\\\/#organization\",\"name\":\"Fundaci\u00f3 Llars Compartides\",\"url\":\"https:\\\/\\\/llarscompartides.org\\\/es\\\/\",\"logo\":{\"@type\":\"ImageObject\",\"inLanguage\":\"es\",\"@id\":\"https:\\\/\\\/llarscompartides.org\\\/es\\\/#\\\/schema\\\/logo\\\/image\\\/\",\"url\":\"https:\\\/\\\/llarscompartides.org\\\/wp-content\\\/uploads\\\/2023\\\/06\\\/logo-llars-compartides-001.jpg\",\"contentUrl\":\"https:\\\/\\\/llarscompartides.org\\\/wp-content\\\/uploads\\\/2023\\\/06\\\/logo-llars-compartides-001.jpg\",\"width\":1684,\"height\":1191,\"caption\":\"Fundaci\u00f3 Llars Compartides\"},\"image\":{\"@id\":\"https:\\\/\\\/llarscompartides.org\\\/es\\\/#\\\/schema\\\/logo\\\/image\\\/\"},\"sameAs\":[\"https:\\\/\\\/x.com\\\/LlarsCompartids\",\"https:\\\/\\\/www.linkedin.com\\\/in\\\/fundaci-privada-llars-compartides-930216a6\\\/\"]},{\"@type\":\"Person\",\"@id\":\"https:\\\/\\\/llarscompartides.org\\\/es\\\/#\\\/schema\\\/person\\\/53f7ef669aa691003a8d419d39534274\",\"name\":\"Alicia\",\"url\":\"https:\\\/\\\/llarscompartides.org\\\/es\\\/author\\\/fundacio\\\/\"}]}<\/script>\n<!-- \/ Yoast SEO plugin. -->","yoast_head_json":{"title":"Compartir piso en edad de jubilaci\u00f3n - FLLC","description":"Compartir piso en edad de jubilaci\u00f3n","robots":{"index":"index","follow":"follow","max-snippet":"max-snippet:-1","max-image-preview":"max-image-preview:large","max-video-preview":"max-video-preview:-1"},"canonical":"https:\/\/llarscompartides.org\/es\/compartir-piso-en-edad-de-jubilacion\/","og_locale":"es_ES","og_type":"article","og_title":"Compartir piso en edad de jubilaci\u00f3n - FLLC","og_description":"Compartir piso en edad de jubilaci\u00f3n","og_url":"https:\/\/llarscompartides.org\/es\/compartir-piso-en-edad-de-jubilacion\/","og_site_name":"FLLC","article_published_time":"2025-05-07T09:51:58+00:00","article_modified_time":"2025-05-21T06:59:55+00:00","og_image":[{"width":250,"height":254,"url":"https:\/\/llarscompartides.org\/wp-content\/uploads\/2025\/05\/20250326_Agnes-Marques-Pujolar_Estudi1-CatRadio.jpg","type":"image\/jpeg"}],"author":"Alicia","twitter_card":"summary_large_image","twitter_creator":"@LlarsCompartids","twitter_site":"@LlarsCompartids","twitter_misc":{"Escrito por":"Alicia"},"schema":{"@context":"https:\/\/schema.org","@graph":[{"@type":"Article","@id":"https:\/\/llarscompartides.org\/es\/compartir-piso-en-edad-de-jubilacion\/#article","isPartOf":{"@id":"https:\/\/llarscompartides.org\/es\/compartir-piso-en-edad-de-jubilacion\/"},"author":{"name":"Alicia","@id":"https:\/\/llarscompartides.org\/es\/#\/schema\/person\/53f7ef669aa691003a8d419d39534274"},"headline":"Compartir piso en edad de jubilaci\u00f3n","datePublished":"2025-05-07T09:51:58+00:00","dateModified":"2025-05-21T06:59:55+00:00","mainEntityOfPage":{"@id":"https:\/\/llarscompartides.org\/es\/compartir-piso-en-edad-de-jubilacion\/"},"wordCount":54,"publisher":{"@id":"https:\/\/llarscompartides.org\/es\/#organization"},"image":{"@id":"https:\/\/llarscompartides.org\/es\/compartir-piso-en-edad-de-jubilacion\/#primaryimage"},"thumbnailUrl":"https:\/\/llarscompartides.org\/wp-content\/uploads\/2025\/05\/20250326_Agnes-Marques-Pujolar_Estudi1-CatRadio.jpg","articleSection":["Sin categorizar"],"inLanguage":"es"},{"@type":"WebPage","@id":"https:\/\/llarscompartides.org\/es\/compartir-piso-en-edad-de-jubilacion\/","url":"https:\/\/llarscompartides.org\/es\/compartir-piso-en-edad-de-jubilacion\/","name":"Compartir piso en edad de jubilaci\u00f3n - FLLC","isPartOf":{"@id":"https:\/\/llarscompartides.org\/es\/#website"},"primaryImageOfPage":{"@id":"https:\/\/llarscompartides.org\/es\/compartir-piso-en-edad-de-jubilacion\/#primaryimage"},"image":{"@id":"https:\/\/llarscompartides.org\/es\/compartir-piso-en-edad-de-jubilacion\/#primaryimage"},"thumbnailUrl":"https:\/\/llarscompartides.org\/wp-content\/uploads\/2025\/05\/20250326_Agnes-Marques-Pujolar_Estudi1-CatRadio.jpg","datePublished":"2025-05-07T09:51:58+00:00","dateModified":"2025-05-21T06:59:55+00:00","description":"Compartir piso en edad de jubilaci\u00f3n","breadcrumb":{"@id":"https:\/\/llarscompartides.org\/es\/compartir-piso-en-edad-de-jubilacion\/#breadcrumb"},"inLanguage":"es","potentialAction":[{"@type":"ReadAction","target":["https:\/\/llarscompartides.org\/es\/compartir-piso-en-edad-de-jubilacion\/"]}]},{"@type":"ImageObject","inLanguage":"es","@id":"https:\/\/llarscompartides.org\/es\/compartir-piso-en-edad-de-jubilacion\/#primaryimage","url":"https:\/\/llarscompartides.org\/wp-content\/uploads\/2025\/05\/20250326_Agnes-Marques-Pujolar_Estudi1-CatRadio.jpg","contentUrl":"https:\/\/llarscompartides.org\/wp-content\/uploads\/2025\/05\/20250326_Agnes-Marques-Pujolar_Estudi1-CatRadio.jpg","width":250,"height":254},{"@type":"BreadcrumbList","@id":"https:\/\/llarscompartides.org\/es\/compartir-piso-en-edad-de-jubilacion\/#breadcrumb","itemListElement":[{"@type":"ListItem","position":1,"name":"Home","item":"https:\/\/llarscompartides.org\/es\/inicio-nueva\/"},{"@type":"ListItem","position":2,"name":"Compartir piso en edad de jubilaci\u00f3n"}]},{"@type":"WebSite","@id":"https:\/\/llarscompartides.org\/es\/#website","url":"https:\/\/llarscompartides.org\/es\/","name":"llarscompartides.com","description":"Fundaci\u00f3 llars compartides","publisher":{"@id":"https:\/\/llarscompartides.org\/es\/#organization"},"potentialAction":[{"@type":"SearchAction","target":{"@type":"EntryPoint","urlTemplate":"https:\/\/llarscompartides.org\/es\/?s={search_term_string}"},"query-input":{"@type":"PropertyValueSpecification","valueRequired":true,"valueName":"search_term_string"}}],"inLanguage":"es"},{"@type":"Organization","@id":"https:\/\/llarscompartides.org\/es\/#organization","name":"Fundaci\u00f3 Llars Compartides","url":"https:\/\/llarscompartides.org\/es\/","logo":{"@type":"ImageObject","inLanguage":"es","@id":"https:\/\/llarscompartides.org\/es\/#\/schema\/logo\/image\/","url":"https:\/\/llarscompartides.org\/wp-content\/uploads\/2023\/06\/logo-llars-compartides-001.jpg","contentUrl":"https:\/\/llarscompartides.org\/wp-content\/uploads\/2023\/06\/logo-llars-compartides-001.jpg","width":1684,"height":1191,"caption":"Fundaci\u00f3 Llars Compartides"},"image":{"@id":"https:\/\/llarscompartides.org\/es\/#\/schema\/logo\/image\/"},"sameAs":["https:\/\/x.com\/LlarsCompartids","https:\/\/www.linkedin.com\/in\/fundaci-privada-llars-compartides-930216a6\/"]},{"@type":"Person","@id":"https:\/\/llarscompartides.org\/es\/#\/schema\/person\/53f7ef669aa691003a8d419d39534274","name":"Alicia","url":"https:\/\/llarscompartides.org\/es\/author\/fundacio\/"}]}},"_links":{"self":[{"href":"https:\/\/llarscompartides.org\/es\/wp-json\/wp\/v2\/posts\/2995","targetHints":{"allow":["GET"]}}],"collection":[{"href":"https:\/\/llarscompartides.org\/es\/wp-json\/wp\/v2\/posts"}],"about":[{"href":"https:\/\/llarscompartides.org\/es\/wp-json\/wp\/v2\/types\/post"}],"author":[{"embeddable":true,"href":"https:\/\/llarscompartides.org\/es\/wp-json\/wp\/v2\/users\/4"}],"replies":[{"embeddable":true,"href":"https:\/\/llarscompartides.org\/es\/wp-json\/wp\/v2\/comments?post=2995"}],"version-history":[{"count":2,"href":"https:\/\/llarscompartides.org\/es\/wp-json\/wp\/v2\/posts\/2995\/revisions"}],"predecessor-version":[{"id":3008,"href":"https:\/\/llarscompartides.org\/es\/wp-json\/wp\/v2\/posts\/2995\/revisions\/3008"}],"wp:featuredmedia":[{"embeddable":true,"href":"https:\/\/llarscompartides.org\/es\/wp-json\/wp\/v2\/media\/2993"}],"wp:attachment":[{"href":"https:\/\/llarscompartides.org\/es\/wp-json\/wp\/v2\/media?parent=2995"}],"wp:term":[{"taxonomy":"category","embeddable":true,"href":"https:\/\/llarscompartides.org\/es\/wp-json\/wp\/v2\/categories?post=2995"},{"taxonomy":"post_tag","embeddable":true,"href":"https:\/\/llarscompartides.org\/es\/wp-json\/wp\/v2\/tags?post=2995"}],"curies":[{"name":"wp","href":"https:\/\/api.w.org\/{rel}","templated":true}]}}