{"id":2983,"date":"2025-05-05T17:10:09","date_gmt":"2025-05-05T15:10:09","guid":{"rendered":"https:\/\/llarscompartides.org\/26a-edicion-del-salon-de-las-personas-mayores-de-cataluna-fira-gran\/"},"modified":"2025-05-05T17:30:56","modified_gmt":"2025-05-05T15:30:56","slug":"26a-edicion-del-salon-de-las-personas-mayores-de-cataluna-fira-gran","status":"publish","type":"post","link":"https:\/\/llarscompartides.org\/es\/26a-edicion-del-salon-de-las-personas-mayores-de-cataluna-fira-gran\/","title":{"rendered":"26a edici\u00f3n del Sal\u00f3n de las Personas Mayores de Catalu\u00f1a &#8211; Fira Gran."},"content":{"rendered":"<p>La Fira Gran se celebrar\u00e1 del 7 al 9 de mayo en La Farga de L&#8217;Hospitalet.<\/p>\n<p>FiraGran es el Sal\u00f3n de las Personas Mayores de Catalu\u00f1a donde se muestran los servicios, productos y tecnolog\u00edas dirigidos a mejorar su calidad de vida.<\/p>\n<p>Bajo el lema &#8216;Mu\u00e9vete, la vida contin\u00faa a cada paso&#8217;, se ofrece un amplio abanico de actividades gratuitas dirigidas a las personas mayores<\/p>\n<p><span style=\"color: #993300;\">Continuar llegint +<\/span><\/p>\n","protected":false},"excerpt":{"rendered":"<p>La Fira Gran se celebrar\u00e1 del 7 al 9 de mayo en La Farga de L&#8217;Hospitalet. FiraGran es el Sal\u00f3n de las Personas Mayores de Catalu\u00f1a donde se muestran los servicios, productos y tecnolog\u00edas dirigidos a mejorar su calidad de vida. Bajo el lema &#8216;Mu\u00e9vete,&#8230;<\/p>\n","protected":false},"author":4,"featured_media":2978,"comment_status":"closed","ping_status":"closed","sticky":false,"template":"","format":"standard","meta":{"footnotes":""},"categories":[16],"tags":[],"class_list":["post-2983","post","type-post","status-publish","format-standard","has-post-thumbnail","hentry","category-sin-categorizar-es"],"yoast_head":"<!-- This site is optimized with the Yoast SEO plugin v27.5 - https:\/\/yoast.com\/product\/yoast-seo-wordpress\/ -->\n<title>26a edici\u00f3n del Sal\u00f3n de las Personas Mayores de Catalu\u00f1a - Fira Gran. - FLLC<\/title>\n<meta name=\"description\" content=\"26a edici\u00f3n del Sal\u00f3n de las Personas Mayores de Catalu\u00f1a - Fira Gran.\" \/>\n<meta name=\"robots\" content=\"index, follow, max-snippet:-1, max-image-preview:large, max-video-preview:-1\" \/>\n<link rel=\"canonical\" href=\"https:\/\/llarscompartides.org\/es\/26a-edicion-del-salon-de-las-personas-mayores-de-cataluna-fira-gran\/\" \/>\n<meta property=\"og:locale\" content=\"es_ES\" \/>\n<meta property=\"og:type\" content=\"article\" \/>\n<meta property=\"og:title\" content=\"26a edici\u00f3n del Sal\u00f3n de las Personas Mayores de Catalu\u00f1a - Fira Gran. - FLLC\" \/>\n<meta property=\"og:description\" content=\"26a edici\u00f3n del Sal\u00f3n de las Personas Mayores de Catalu\u00f1a - Fira Gran.\" \/>\n<meta property=\"og:url\" content=\"https:\/\/llarscompartides.org\/es\/26a-edicion-del-salon-de-las-personas-mayores-de-cataluna-fira-gran\/\" \/>\n<meta property=\"og:site_name\" content=\"FLLC\" \/>\n<meta property=\"article:published_time\" content=\"2025-05-05T15:10:09+00:00\" \/>\n<meta property=\"article:modified_time\" content=\"2025-05-05T15:30:56+00:00\" \/>\n<meta property=\"og:image\" content=\"https:\/\/llarscompartides.org\/wp-content\/uploads\/2025\/05\/slides_web_fg_2025_cat.jpg\" \/>\n\t<meta property=\"og:image:width\" content=\"1200\" \/>\n\t<meta property=\"og:image:height\" content=\"500\" \/>\n\t<meta property=\"og:image:type\" content=\"image\/jpeg\" \/>\n<meta name=\"author\" content=\"Alicia\" \/>\n<meta name=\"twitter:card\" content=\"summary_large_image\" \/>\n<meta name=\"twitter:creator\" content=\"@LlarsCompartids\" \/>\n<meta name=\"twitter:site\" content=\"@LlarsCompartids\" \/>\n<meta name=\"twitter:label1\" content=\"Escrito por\" \/>\n\t<meta name=\"twitter:data1\" content=\"Alicia\" \/>\n<script type=\"application\/ld+json\" class=\"yoast-schema-graph\">{\"@context\":\"https:\\\/\\\/schema.org\",\"@graph\":[{\"@type\":\"Article\",\"@id\":\"https:\\\/\\\/llarscompartides.org\\\/es\\\/26a-edicion-del-salon-de-las-personas-mayores-de-cataluna-fira-gran\\\/#article\",\"isPartOf\":{\"@id\":\"https:\\\/\\\/llarscompartides.org\\\/es\\\/26a-edicion-del-salon-de-las-personas-mayores-de-cataluna-fira-gran\\\/\"},\"author\":{\"name\":\"Alicia\",\"@id\":\"https:\\\/\\\/llarscompartides.org\\\/es\\\/#\\\/schema\\\/person\\\/53f7ef669aa691003a8d419d39534274\"},\"headline\":\"26a edici\u00f3n del Sal\u00f3n de las Personas Mayores de Catalu\u00f1a &#8211; Fira Gran.\",\"datePublished\":\"2025-05-05T15:10:09+00:00\",\"dateModified\":\"2025-05-05T15:30:56+00:00\",\"mainEntityOfPage\":{\"@id\":\"https:\\\/\\\/llarscompartides.org\\\/es\\\/26a-edicion-del-salon-de-las-personas-mayores-de-cataluna-fira-gran\\\/\"},\"wordCount\":86,\"publisher\":{\"@id\":\"https:\\\/\\\/llarscompartides.org\\\/es\\\/#organization\"},\"image\":{\"@id\":\"https:\\\/\\\/llarscompartides.org\\\/es\\\/26a-edicion-del-salon-de-las-personas-mayores-de-cataluna-fira-gran\\\/#primaryimage\"},\"thumbnailUrl\":\"https:\\\/\\\/llarscompartides.org\\\/wp-content\\\/uploads\\\/2025\\\/05\\\/slides_web_fg_2025_cat.jpg\",\"articleSection\":[\"Sin categorizar\"],\"inLanguage\":\"es\"},{\"@type\":\"WebPage\",\"@id\":\"https:\\\/\\\/llarscompartides.org\\\/es\\\/26a-edicion-del-salon-de-las-personas-mayores-de-cataluna-fira-gran\\\/\",\"url\":\"https:\\\/\\\/llarscompartides.org\\\/es\\\/26a-edicion-del-salon-de-las-personas-mayores-de-cataluna-fira-gran\\\/\",\"name\":\"26a edici\u00f3n del Sal\u00f3n de las Personas Mayores de Catalu\u00f1a - Fira Gran. - FLLC\",\"isPartOf\":{\"@id\":\"https:\\\/\\\/llarscompartides.org\\\/es\\\/#website\"},\"primaryImageOfPage\":{\"@id\":\"https:\\\/\\\/llarscompartides.org\\\/es\\\/26a-edicion-del-salon-de-las-personas-mayores-de-cataluna-fira-gran\\\/#primaryimage\"},\"image\":{\"@id\":\"https:\\\/\\\/llarscompartides.org\\\/es\\\/26a-edicion-del-salon-de-las-personas-mayores-de-cataluna-fira-gran\\\/#primaryimage\"},\"thumbnailUrl\":\"https:\\\/\\\/llarscompartides.org\\\/wp-content\\\/uploads\\\/2025\\\/05\\\/slides_web_fg_2025_cat.jpg\",\"datePublished\":\"2025-05-05T15:10:09+00:00\",\"dateModified\":\"2025-05-05T15:30:56+00:00\",\"description\":\"26a edici\u00f3n del Sal\u00f3n de las Personas Mayores de Catalu\u00f1a - Fira Gran.\",\"breadcrumb\":{\"@id\":\"https:\\\/\\\/llarscompartides.org\\\/es\\\/26a-edicion-del-salon-de-las-personas-mayores-de-cataluna-fira-gran\\\/#breadcrumb\"},\"inLanguage\":\"es\",\"potentialAction\":[{\"@type\":\"ReadAction\",\"target\":[\"https:\\\/\\\/llarscompartides.org\\\/es\\\/26a-edicion-del-salon-de-las-personas-mayores-de-cataluna-fira-gran\\\/\"]}]},{\"@type\":\"ImageObject\",\"inLanguage\":\"es\",\"@id\":\"https:\\\/\\\/llarscompartides.org\\\/es\\\/26a-edicion-del-salon-de-las-personas-mayores-de-cataluna-fira-gran\\\/#primaryimage\",\"url\":\"https:\\\/\\\/llarscompartides.org\\\/wp-content\\\/uploads\\\/2025\\\/05\\\/slides_web_fg_2025_cat.jpg\",\"contentUrl\":\"https:\\\/\\\/llarscompartides.org\\\/wp-content\\\/uploads\\\/2025\\\/05\\\/slides_web_fg_2025_cat.jpg\",\"width\":1200,\"height\":500},{\"@type\":\"BreadcrumbList\",\"@id\":\"https:\\\/\\\/llarscompartides.org\\\/es\\\/26a-edicion-del-salon-de-las-personas-mayores-de-cataluna-fira-gran\\\/#breadcrumb\",\"itemListElement\":[{\"@type\":\"ListItem\",\"position\":1,\"name\":\"Home\",\"item\":\"https:\\\/\\\/llarscompartides.org\\\/es\\\/inicio-nueva\\\/\"},{\"@type\":\"ListItem\",\"position\":2,\"name\":\"26a edici\u00f3n del Sal\u00f3n de las Personas Mayores de Catalu\u00f1a &#8211; Fira Gran.\"}]},{\"@type\":\"WebSite\",\"@id\":\"https:\\\/\\\/llarscompartides.org\\\/es\\\/#website\",\"url\":\"https:\\\/\\\/llarscompartides.org\\\/es\\\/\",\"name\":\"llarscompartides.com\",\"description\":\"Fundaci\u00f3 llars compartides\",\"publisher\":{\"@id\":\"https:\\\/\\\/llarscompartides.org\\\/es\\\/#organization\"},\"potentialAction\":[{\"@type\":\"SearchAction\",\"target\":{\"@type\":\"EntryPoint\",\"urlTemplate\":\"https:\\\/\\\/llarscompartides.org\\\/es\\\/?s={search_term_string}\"},\"query-input\":{\"@type\":\"PropertyValueSpecification\",\"valueRequired\":true,\"valueName\":\"search_term_string\"}}],\"inLanguage\":\"es\"},{\"@type\":\"Organization\",\"@id\":\"https:\\\/\\\/llarscompartides.org\\\/es\\\/#organization\",\"name\":\"Fundaci\u00f3 Llars Compartides\",\"url\":\"https:\\\/\\\/llarscompartides.org\\\/es\\\/\",\"logo\":{\"@type\":\"ImageObject\",\"inLanguage\":\"es\",\"@id\":\"https:\\\/\\\/llarscompartides.org\\\/es\\\/#\\\/schema\\\/logo\\\/image\\\/\",\"url\":\"https:\\\/\\\/llarscompartides.org\\\/wp-content\\\/uploads\\\/2023\\\/06\\\/logo-llars-compartides-001.jpg\",\"contentUrl\":\"https:\\\/\\\/llarscompartides.org\\\/wp-content\\\/uploads\\\/2023\\\/06\\\/logo-llars-compartides-001.jpg\",\"width\":1684,\"height\":1191,\"caption\":\"Fundaci\u00f3 Llars Compartides\"},\"image\":{\"@id\":\"https:\\\/\\\/llarscompartides.org\\\/es\\\/#\\\/schema\\\/logo\\\/image\\\/\"},\"sameAs\":[\"https:\\\/\\\/x.com\\\/LlarsCompartids\",\"https:\\\/\\\/www.linkedin.com\\\/in\\\/fundaci-privada-llars-compartides-930216a6\\\/\"]},{\"@type\":\"Person\",\"@id\":\"https:\\\/\\\/llarscompartides.org\\\/es\\\/#\\\/schema\\\/person\\\/53f7ef669aa691003a8d419d39534274\",\"name\":\"Alicia\",\"url\":\"https:\\\/\\\/llarscompartides.org\\\/es\\\/author\\\/fundacio\\\/\"}]}<\/script>\n<!-- \/ Yoast SEO plugin. -->","yoast_head_json":{"title":"26a edici\u00f3n del Sal\u00f3n de las Personas Mayores de Catalu\u00f1a - Fira Gran. - FLLC","description":"26a edici\u00f3n del Sal\u00f3n de las Personas Mayores de Catalu\u00f1a - Fira Gran.","robots":{"index":"index","follow":"follow","max-snippet":"max-snippet:-1","max-image-preview":"max-image-preview:large","max-video-preview":"max-video-preview:-1"},"canonical":"https:\/\/llarscompartides.org\/es\/26a-edicion-del-salon-de-las-personas-mayores-de-cataluna-fira-gran\/","og_locale":"es_ES","og_type":"article","og_title":"26a edici\u00f3n del Sal\u00f3n de las Personas Mayores de Catalu\u00f1a - Fira Gran. - FLLC","og_description":"26a edici\u00f3n del Sal\u00f3n de las Personas Mayores de Catalu\u00f1a - Fira Gran.","og_url":"https:\/\/llarscompartides.org\/es\/26a-edicion-del-salon-de-las-personas-mayores-de-cataluna-fira-gran\/","og_site_name":"FLLC","article_published_time":"2025-05-05T15:10:09+00:00","article_modified_time":"2025-05-05T15:30:56+00:00","og_image":[{"width":1200,"height":500,"url":"https:\/\/llarscompartides.org\/wp-content\/uploads\/2025\/05\/slides_web_fg_2025_cat.jpg","type":"image\/jpeg"}],"author":"Alicia","twitter_card":"summary_large_image","twitter_creator":"@LlarsCompartids","twitter_site":"@LlarsCompartids","twitter_misc":{"Escrito por":"Alicia"},"schema":{"@context":"https:\/\/schema.org","@graph":[{"@type":"Article","@id":"https:\/\/llarscompartides.org\/es\/26a-edicion-del-salon-de-las-personas-mayores-de-cataluna-fira-gran\/#article","isPartOf":{"@id":"https:\/\/llarscompartides.org\/es\/26a-edicion-del-salon-de-las-personas-mayores-de-cataluna-fira-gran\/"},"author":{"name":"Alicia","@id":"https:\/\/llarscompartides.org\/es\/#\/schema\/person\/53f7ef669aa691003a8d419d39534274"},"headline":"26a edici\u00f3n del Sal\u00f3n de las Personas Mayores de Catalu\u00f1a &#8211; Fira Gran.","datePublished":"2025-05-05T15:10:09+00:00","dateModified":"2025-05-05T15:30:56+00:00","mainEntityOfPage":{"@id":"https:\/\/llarscompartides.org\/es\/26a-edicion-del-salon-de-las-personas-mayores-de-cataluna-fira-gran\/"},"wordCount":86,"publisher":{"@id":"https:\/\/llarscompartides.org\/es\/#organization"},"image":{"@id":"https:\/\/llarscompartides.org\/es\/26a-edicion-del-salon-de-las-personas-mayores-de-cataluna-fira-gran\/#primaryimage"},"thumbnailUrl":"https:\/\/llarscompartides.org\/wp-content\/uploads\/2025\/05\/slides_web_fg_2025_cat.jpg","articleSection":["Sin categorizar"],"inLanguage":"es"},{"@type":"WebPage","@id":"https:\/\/llarscompartides.org\/es\/26a-edicion-del-salon-de-las-personas-mayores-de-cataluna-fira-gran\/","url":"https:\/\/llarscompartides.org\/es\/26a-edicion-del-salon-de-las-personas-mayores-de-cataluna-fira-gran\/","name":"26a edici\u00f3n del Sal\u00f3n de las Personas Mayores de Catalu\u00f1a - Fira Gran. - FLLC","isPartOf":{"@id":"https:\/\/llarscompartides.org\/es\/#website"},"primaryImageOfPage":{"@id":"https:\/\/llarscompartides.org\/es\/26a-edicion-del-salon-de-las-personas-mayores-de-cataluna-fira-gran\/#primaryimage"},"image":{"@id":"https:\/\/llarscompartides.org\/es\/26a-edicion-del-salon-de-las-personas-mayores-de-cataluna-fira-gran\/#primaryimage"},"thumbnailUrl":"https:\/\/llarscompartides.org\/wp-content\/uploads\/2025\/05\/slides_web_fg_2025_cat.jpg","datePublished":"2025-05-05T15:10:09+00:00","dateModified":"2025-05-05T15:30:56+00:00","description":"26a edici\u00f3n del Sal\u00f3n de las Personas Mayores de Catalu\u00f1a - Fira Gran.","breadcrumb":{"@id":"https:\/\/llarscompartides.org\/es\/26a-edicion-del-salon-de-las-personas-mayores-de-cataluna-fira-gran\/#breadcrumb"},"inLanguage":"es","potentialAction":[{"@type":"ReadAction","target":["https:\/\/llarscompartides.org\/es\/26a-edicion-del-salon-de-las-personas-mayores-de-cataluna-fira-gran\/"]}]},{"@type":"ImageObject","inLanguage":"es","@id":"https:\/\/llarscompartides.org\/es\/26a-edicion-del-salon-de-las-personas-mayores-de-cataluna-fira-gran\/#primaryimage","url":"https:\/\/llarscompartides.org\/wp-content\/uploads\/2025\/05\/slides_web_fg_2025_cat.jpg","contentUrl":"https:\/\/llarscompartides.org\/wp-content\/uploads\/2025\/05\/slides_web_fg_2025_cat.jpg","width":1200,"height":500},{"@type":"BreadcrumbList","@id":"https:\/\/llarscompartides.org\/es\/26a-edicion-del-salon-de-las-personas-mayores-de-cataluna-fira-gran\/#breadcrumb","itemListElement":[{"@type":"ListItem","position":1,"name":"Home","item":"https:\/\/llarscompartides.org\/es\/inicio-nueva\/"},{"@type":"ListItem","position":2,"name":"26a edici\u00f3n del Sal\u00f3n de las Personas Mayores de Catalu\u00f1a &#8211; Fira Gran."}]},{"@type":"WebSite","@id":"https:\/\/llarscompartides.org\/es\/#website","url":"https:\/\/llarscompartides.org\/es\/","name":"llarscompartides.com","description":"Fundaci\u00f3 llars compartides","publisher":{"@id":"https:\/\/llarscompartides.org\/es\/#organization"},"potentialAction":[{"@type":"SearchAction","target":{"@type":"EntryPoint","urlTemplate":"https:\/\/llarscompartides.org\/es\/?s={search_term_string}"},"query-input":{"@type":"PropertyValueSpecification","valueRequired":true,"valueName":"search_term_string"}}],"inLanguage":"es"},{"@type":"Organization","@id":"https:\/\/llarscompartides.org\/es\/#organization","name":"Fundaci\u00f3 Llars Compartides","url":"https:\/\/llarscompartides.org\/es\/","logo":{"@type":"ImageObject","inLanguage":"es","@id":"https:\/\/llarscompartides.org\/es\/#\/schema\/logo\/image\/","url":"https:\/\/llarscompartides.org\/wp-content\/uploads\/2023\/06\/logo-llars-compartides-001.jpg","contentUrl":"https:\/\/llarscompartides.org\/wp-content\/uploads\/2023\/06\/logo-llars-compartides-001.jpg","width":1684,"height":1191,"caption":"Fundaci\u00f3 Llars Compartides"},"image":{"@id":"https:\/\/llarscompartides.org\/es\/#\/schema\/logo\/image\/"},"sameAs":["https:\/\/x.com\/LlarsCompartids","https:\/\/www.linkedin.com\/in\/fundaci-privada-llars-compartides-930216a6\/"]},{"@type":"Person","@id":"https:\/\/llarscompartides.org\/es\/#\/schema\/person\/53f7ef669aa691003a8d419d39534274","name":"Alicia","url":"https:\/\/llarscompartides.org\/es\/author\/fundacio\/"}]}},"_links":{"self":[{"href":"https:\/\/llarscompartides.org\/es\/wp-json\/wp\/v2\/posts\/2983","targetHints":{"allow":["GET"]}}],"collection":[{"href":"https:\/\/llarscompartides.org\/es\/wp-json\/wp\/v2\/posts"}],"about":[{"href":"https:\/\/llarscompartides.org\/es\/wp-json\/wp\/v2\/types\/post"}],"author":[{"embeddable":true,"href":"https:\/\/llarscompartides.org\/es\/wp-json\/wp\/v2\/users\/4"}],"replies":[{"embeddable":true,"href":"https:\/\/llarscompartides.org\/es\/wp-json\/wp\/v2\/comments?post=2983"}],"version-history":[{"count":1,"href":"https:\/\/llarscompartides.org\/es\/wp-json\/wp\/v2\/posts\/2983\/revisions"}],"predecessor-version":[{"id":2985,"href":"https:\/\/llarscompartides.org\/es\/wp-json\/wp\/v2\/posts\/2983\/revisions\/2985"}],"wp:featuredmedia":[{"embeddable":true,"href":"https:\/\/llarscompartides.org\/es\/wp-json\/wp\/v2\/media\/2978"}],"wp:attachment":[{"href":"https:\/\/llarscompartides.org\/es\/wp-json\/wp\/v2\/media?parent=2983"}],"wp:term":[{"taxonomy":"category","embeddable":true,"href":"https:\/\/llarscompartides.org\/es\/wp-json\/wp\/v2\/categories?post=2983"},{"taxonomy":"post_tag","embeddable":true,"href":"https:\/\/llarscompartides.org\/es\/wp-json\/wp\/v2\/tags?post=2983"}],"curies":[{"name":"wp","href":"https:\/\/api.w.org\/{rel}","templated":true}]}}