{"id":2946,"date":"2025-03-13T18:53:16","date_gmt":"2025-03-13T17:53:16","guid":{"rendered":"https:\/\/llarscompartides.org\/orgullo-vieja\/"},"modified":"2025-03-13T18:53:16","modified_gmt":"2025-03-13T17:53:16","slug":"orgullo-vieja","status":"publish","type":"post","link":"https:\/\/llarscompartides.org\/es\/orgullo-vieja\/","title":{"rendered":"Orgullo Vieja"},"content":{"rendered":"<p>Orgullo Vieja, es el nombre del proyecto que ha unido a ocho mujeres mayores para demostrar que la edad no es el obst\u00e1culo para triunfar sobre los escenarios.<\/p>\n<p>Gracias a esta iniciativa, estas mujeres mayores recorren Espa\u00f1a mostrando c\u00f3mo nunca es tarde para perseguir e incluso alcanzar un sue\u00f1o. Mujeres cuyas edades oscilan entre los 68 y los 97 a\u00f1os que han subido a los escenarios, para explicar c\u00f3mo se sienten y qu\u00e9 es lo de ser vieja. <\/p>\n<p><a href=\"https:\/\/www.senior50.com\/ocho-mujeres-muestran-el-orgullo-de-ser-viejas\/\"><span style=\"color: #993300;\">Continua leyendo +<\/span><\/a><\/p>\n<p>&nbsp;<\/p>\n","protected":false},"excerpt":{"rendered":"<p>Orgullo Vieja, es el nombre del proyecto que ha unido a ocho mujeres mayores para demostrar que la edad no es el obst\u00e1culo para triunfar sobre los escenarios. Gracias a esta iniciativa, estas mujeres mayores recorren Espa\u00f1a mostrando c\u00f3mo nunca es tarde para perseguir e&#8230;<\/p>\n","protected":false},"author":4,"featured_media":2944,"comment_status":"closed","ping_status":"closed","sticky":false,"template":"","format":"standard","meta":{"footnotes":""},"categories":[16],"tags":[],"class_list":["post-2946","post","type-post","status-publish","format-standard","has-post-thumbnail","hentry","category-sin-categorizar-es"],"yoast_head":"<!-- This site is optimized with the Yoast SEO plugin v27.5 - https:\/\/yoast.com\/product\/yoast-seo-wordpress\/ -->\n<title>Orgullo Vieja - FLLC<\/title>\n<meta name=\"description\" content=\"Orgullo Vieja, es el nombre del proyecto que ha unido a ocho mujeres mayores para demostrar que la edad no es el obst\u00e1culo para triunfar sobre los escenarios.\" \/>\n<meta name=\"robots\" content=\"index, follow, max-snippet:-1, max-image-preview:large, max-video-preview:-1\" \/>\n<link rel=\"canonical\" href=\"https:\/\/llarscompartides.org\/es\/orgullo-vieja\/\" \/>\n<meta property=\"og:locale\" content=\"es_ES\" \/>\n<meta property=\"og:type\" content=\"article\" \/>\n<meta property=\"og:title\" content=\"Orgullo Vieja - FLLC\" \/>\n<meta property=\"og:description\" content=\"Orgullo Vieja, es el nombre del proyecto que ha unido a ocho mujeres mayores para demostrar que la edad no es el obst\u00e1culo para triunfar sobre los escenarios.\" \/>\n<meta property=\"og:url\" content=\"https:\/\/llarscompartides.org\/es\/orgullo-vieja\/\" \/>\n<meta property=\"og:site_name\" content=\"FLLC\" \/>\n<meta property=\"article:published_time\" content=\"2025-03-13T17:53:16+00:00\" \/>\n<meta property=\"og:image\" content=\"https:\/\/llarscompartides.org\/wp-content\/uploads\/2025\/03\/CARTEL_ORGULLO_VIEJA_GOYA_ok_resulucion-320x457-1.jpg\" \/>\n\t<meta property=\"og:image:width\" content=\"320\" \/>\n\t<meta property=\"og:image:height\" content=\"457\" \/>\n\t<meta property=\"og:image:type\" content=\"image\/jpeg\" \/>\n<meta name=\"author\" content=\"Alicia\" \/>\n<meta name=\"twitter:card\" content=\"summary_large_image\" \/>\n<meta name=\"twitter:creator\" content=\"@LlarsCompartids\" \/>\n<meta name=\"twitter:site\" content=\"@LlarsCompartids\" \/>\n<meta name=\"twitter:label1\" content=\"Escrito por\" \/>\n\t<meta name=\"twitter:data1\" content=\"Alicia\" \/>\n<script type=\"application\/ld+json\" class=\"yoast-schema-graph\">{\"@context\":\"https:\\\/\\\/schema.org\",\"@graph\":[{\"@type\":\"Article\",\"@id\":\"https:\\\/\\\/llarscompartides.org\\\/es\\\/orgullo-vieja\\\/#article\",\"isPartOf\":{\"@id\":\"https:\\\/\\\/llarscompartides.org\\\/es\\\/orgullo-vieja\\\/\"},\"author\":{\"name\":\"Alicia\",\"@id\":\"https:\\\/\\\/llarscompartides.org\\\/es\\\/#\\\/schema\\\/person\\\/53f7ef669aa691003a8d419d39534274\"},\"headline\":\"Orgullo Vieja\",\"datePublished\":\"2025-03-13T17:53:16+00:00\",\"mainEntityOfPage\":{\"@id\":\"https:\\\/\\\/llarscompartides.org\\\/es\\\/orgullo-vieja\\\/\"},\"wordCount\":87,\"publisher\":{\"@id\":\"https:\\\/\\\/llarscompartides.org\\\/es\\\/#organization\"},\"image\":{\"@id\":\"https:\\\/\\\/llarscompartides.org\\\/es\\\/orgullo-vieja\\\/#primaryimage\"},\"thumbnailUrl\":\"https:\\\/\\\/llarscompartides.org\\\/wp-content\\\/uploads\\\/2025\\\/03\\\/CARTEL_ORGULLO_VIEJA_GOYA_ok_resulucion-320x457-1.jpg\",\"articleSection\":[\"Sin categorizar\"],\"inLanguage\":\"es\"},{\"@type\":\"WebPage\",\"@id\":\"https:\\\/\\\/llarscompartides.org\\\/es\\\/orgullo-vieja\\\/\",\"url\":\"https:\\\/\\\/llarscompartides.org\\\/es\\\/orgullo-vieja\\\/\",\"name\":\"Orgullo Vieja - FLLC\",\"isPartOf\":{\"@id\":\"https:\\\/\\\/llarscompartides.org\\\/es\\\/#website\"},\"primaryImageOfPage\":{\"@id\":\"https:\\\/\\\/llarscompartides.org\\\/es\\\/orgullo-vieja\\\/#primaryimage\"},\"image\":{\"@id\":\"https:\\\/\\\/llarscompartides.org\\\/es\\\/orgullo-vieja\\\/#primaryimage\"},\"thumbnailUrl\":\"https:\\\/\\\/llarscompartides.org\\\/wp-content\\\/uploads\\\/2025\\\/03\\\/CARTEL_ORGULLO_VIEJA_GOYA_ok_resulucion-320x457-1.jpg\",\"datePublished\":\"2025-03-13T17:53:16+00:00\",\"description\":\"Orgullo Vieja, es el nombre del proyecto que ha unido a ocho mujeres mayores para demostrar que la edad no es el obst\u00e1culo para triunfar sobre los escenarios.\",\"breadcrumb\":{\"@id\":\"https:\\\/\\\/llarscompartides.org\\\/es\\\/orgullo-vieja\\\/#breadcrumb\"},\"inLanguage\":\"es\",\"potentialAction\":[{\"@type\":\"ReadAction\",\"target\":[\"https:\\\/\\\/llarscompartides.org\\\/es\\\/orgullo-vieja\\\/\"]}]},{\"@type\":\"ImageObject\",\"inLanguage\":\"es\",\"@id\":\"https:\\\/\\\/llarscompartides.org\\\/es\\\/orgullo-vieja\\\/#primaryimage\",\"url\":\"https:\\\/\\\/llarscompartides.org\\\/wp-content\\\/uploads\\\/2025\\\/03\\\/CARTEL_ORGULLO_VIEJA_GOYA_ok_resulucion-320x457-1.jpg\",\"contentUrl\":\"https:\\\/\\\/llarscompartides.org\\\/wp-content\\\/uploads\\\/2025\\\/03\\\/CARTEL_ORGULLO_VIEJA_GOYA_ok_resulucion-320x457-1.jpg\",\"width\":320,\"height\":457},{\"@type\":\"BreadcrumbList\",\"@id\":\"https:\\\/\\\/llarscompartides.org\\\/es\\\/orgullo-vieja\\\/#breadcrumb\",\"itemListElement\":[{\"@type\":\"ListItem\",\"position\":1,\"name\":\"Home\",\"item\":\"https:\\\/\\\/llarscompartides.org\\\/es\\\/inicio-nueva\\\/\"},{\"@type\":\"ListItem\",\"position\":2,\"name\":\"Orgullo Vieja\"}]},{\"@type\":\"WebSite\",\"@id\":\"https:\\\/\\\/llarscompartides.org\\\/es\\\/#website\",\"url\":\"https:\\\/\\\/llarscompartides.org\\\/es\\\/\",\"name\":\"llarscompartides.com\",\"description\":\"Fundaci\u00f3 llars compartides\",\"publisher\":{\"@id\":\"https:\\\/\\\/llarscompartides.org\\\/es\\\/#organization\"},\"potentialAction\":[{\"@type\":\"SearchAction\",\"target\":{\"@type\":\"EntryPoint\",\"urlTemplate\":\"https:\\\/\\\/llarscompartides.org\\\/es\\\/?s={search_term_string}\"},\"query-input\":{\"@type\":\"PropertyValueSpecification\",\"valueRequired\":true,\"valueName\":\"search_term_string\"}}],\"inLanguage\":\"es\"},{\"@type\":\"Organization\",\"@id\":\"https:\\\/\\\/llarscompartides.org\\\/es\\\/#organization\",\"name\":\"Fundaci\u00f3 Llars Compartides\",\"url\":\"https:\\\/\\\/llarscompartides.org\\\/es\\\/\",\"logo\":{\"@type\":\"ImageObject\",\"inLanguage\":\"es\",\"@id\":\"https:\\\/\\\/llarscompartides.org\\\/es\\\/#\\\/schema\\\/logo\\\/image\\\/\",\"url\":\"https:\\\/\\\/llarscompartides.org\\\/wp-content\\\/uploads\\\/2023\\\/06\\\/logo-llars-compartides-001.jpg\",\"contentUrl\":\"https:\\\/\\\/llarscompartides.org\\\/wp-content\\\/uploads\\\/2023\\\/06\\\/logo-llars-compartides-001.jpg\",\"width\":1684,\"height\":1191,\"caption\":\"Fundaci\u00f3 Llars Compartides\"},\"image\":{\"@id\":\"https:\\\/\\\/llarscompartides.org\\\/es\\\/#\\\/schema\\\/logo\\\/image\\\/\"},\"sameAs\":[\"https:\\\/\\\/x.com\\\/LlarsCompartids\",\"https:\\\/\\\/www.linkedin.com\\\/in\\\/fundaci-privada-llars-compartides-930216a6\\\/\"]},{\"@type\":\"Person\",\"@id\":\"https:\\\/\\\/llarscompartides.org\\\/es\\\/#\\\/schema\\\/person\\\/53f7ef669aa691003a8d419d39534274\",\"name\":\"Alicia\",\"url\":\"https:\\\/\\\/llarscompartides.org\\\/es\\\/author\\\/fundacio\\\/\"}]}<\/script>\n<!-- \/ Yoast SEO plugin. -->","yoast_head_json":{"title":"Orgullo Vieja - FLLC","description":"Orgullo Vieja, es el nombre del proyecto que ha unido a ocho mujeres mayores para demostrar que la edad no es el obst\u00e1culo para triunfar sobre los escenarios.","robots":{"index":"index","follow":"follow","max-snippet":"max-snippet:-1","max-image-preview":"max-image-preview:large","max-video-preview":"max-video-preview:-1"},"canonical":"https:\/\/llarscompartides.org\/es\/orgullo-vieja\/","og_locale":"es_ES","og_type":"article","og_title":"Orgullo Vieja - FLLC","og_description":"Orgullo Vieja, es el nombre del proyecto que ha unido a ocho mujeres mayores para demostrar que la edad no es el obst\u00e1culo para triunfar sobre los escenarios.","og_url":"https:\/\/llarscompartides.org\/es\/orgullo-vieja\/","og_site_name":"FLLC","article_published_time":"2025-03-13T17:53:16+00:00","og_image":[{"width":320,"height":457,"url":"https:\/\/llarscompartides.org\/wp-content\/uploads\/2025\/03\/CARTEL_ORGULLO_VIEJA_GOYA_ok_resulucion-320x457-1.jpg","type":"image\/jpeg"}],"author":"Alicia","twitter_card":"summary_large_image","twitter_creator":"@LlarsCompartids","twitter_site":"@LlarsCompartids","twitter_misc":{"Escrito por":"Alicia"},"schema":{"@context":"https:\/\/schema.org","@graph":[{"@type":"Article","@id":"https:\/\/llarscompartides.org\/es\/orgullo-vieja\/#article","isPartOf":{"@id":"https:\/\/llarscompartides.org\/es\/orgullo-vieja\/"},"author":{"name":"Alicia","@id":"https:\/\/llarscompartides.org\/es\/#\/schema\/person\/53f7ef669aa691003a8d419d39534274"},"headline":"Orgullo Vieja","datePublished":"2025-03-13T17:53:16+00:00","mainEntityOfPage":{"@id":"https:\/\/llarscompartides.org\/es\/orgullo-vieja\/"},"wordCount":87,"publisher":{"@id":"https:\/\/llarscompartides.org\/es\/#organization"},"image":{"@id":"https:\/\/llarscompartides.org\/es\/orgullo-vieja\/#primaryimage"},"thumbnailUrl":"https:\/\/llarscompartides.org\/wp-content\/uploads\/2025\/03\/CARTEL_ORGULLO_VIEJA_GOYA_ok_resulucion-320x457-1.jpg","articleSection":["Sin categorizar"],"inLanguage":"es"},{"@type":"WebPage","@id":"https:\/\/llarscompartides.org\/es\/orgullo-vieja\/","url":"https:\/\/llarscompartides.org\/es\/orgullo-vieja\/","name":"Orgullo Vieja - FLLC","isPartOf":{"@id":"https:\/\/llarscompartides.org\/es\/#website"},"primaryImageOfPage":{"@id":"https:\/\/llarscompartides.org\/es\/orgullo-vieja\/#primaryimage"},"image":{"@id":"https:\/\/llarscompartides.org\/es\/orgullo-vieja\/#primaryimage"},"thumbnailUrl":"https:\/\/llarscompartides.org\/wp-content\/uploads\/2025\/03\/CARTEL_ORGULLO_VIEJA_GOYA_ok_resulucion-320x457-1.jpg","datePublished":"2025-03-13T17:53:16+00:00","description":"Orgullo Vieja, es el nombre del proyecto que ha unido a ocho mujeres mayores para demostrar que la edad no es el obst\u00e1culo para triunfar sobre los escenarios.","breadcrumb":{"@id":"https:\/\/llarscompartides.org\/es\/orgullo-vieja\/#breadcrumb"},"inLanguage":"es","potentialAction":[{"@type":"ReadAction","target":["https:\/\/llarscompartides.org\/es\/orgullo-vieja\/"]}]},{"@type":"ImageObject","inLanguage":"es","@id":"https:\/\/llarscompartides.org\/es\/orgullo-vieja\/#primaryimage","url":"https:\/\/llarscompartides.org\/wp-content\/uploads\/2025\/03\/CARTEL_ORGULLO_VIEJA_GOYA_ok_resulucion-320x457-1.jpg","contentUrl":"https:\/\/llarscompartides.org\/wp-content\/uploads\/2025\/03\/CARTEL_ORGULLO_VIEJA_GOYA_ok_resulucion-320x457-1.jpg","width":320,"height":457},{"@type":"BreadcrumbList","@id":"https:\/\/llarscompartides.org\/es\/orgullo-vieja\/#breadcrumb","itemListElement":[{"@type":"ListItem","position":1,"name":"Home","item":"https:\/\/llarscompartides.org\/es\/inicio-nueva\/"},{"@type":"ListItem","position":2,"name":"Orgullo Vieja"}]},{"@type":"WebSite","@id":"https:\/\/llarscompartides.org\/es\/#website","url":"https:\/\/llarscompartides.org\/es\/","name":"llarscompartides.com","description":"Fundaci\u00f3 llars compartides","publisher":{"@id":"https:\/\/llarscompartides.org\/es\/#organization"},"potentialAction":[{"@type":"SearchAction","target":{"@type":"EntryPoint","urlTemplate":"https:\/\/llarscompartides.org\/es\/?s={search_term_string}"},"query-input":{"@type":"PropertyValueSpecification","valueRequired":true,"valueName":"search_term_string"}}],"inLanguage":"es"},{"@type":"Organization","@id":"https:\/\/llarscompartides.org\/es\/#organization","name":"Fundaci\u00f3 Llars Compartides","url":"https:\/\/llarscompartides.org\/es\/","logo":{"@type":"ImageObject","inLanguage":"es","@id":"https:\/\/llarscompartides.org\/es\/#\/schema\/logo\/image\/","url":"https:\/\/llarscompartides.org\/wp-content\/uploads\/2023\/06\/logo-llars-compartides-001.jpg","contentUrl":"https:\/\/llarscompartides.org\/wp-content\/uploads\/2023\/06\/logo-llars-compartides-001.jpg","width":1684,"height":1191,"caption":"Fundaci\u00f3 Llars Compartides"},"image":{"@id":"https:\/\/llarscompartides.org\/es\/#\/schema\/logo\/image\/"},"sameAs":["https:\/\/x.com\/LlarsCompartids","https:\/\/www.linkedin.com\/in\/fundaci-privada-llars-compartides-930216a6\/"]},{"@type":"Person","@id":"https:\/\/llarscompartides.org\/es\/#\/schema\/person\/53f7ef669aa691003a8d419d39534274","name":"Alicia","url":"https:\/\/llarscompartides.org\/es\/author\/fundacio\/"}]}},"_links":{"self":[{"href":"https:\/\/llarscompartides.org\/es\/wp-json\/wp\/v2\/posts\/2946","targetHints":{"allow":["GET"]}}],"collection":[{"href":"https:\/\/llarscompartides.org\/es\/wp-json\/wp\/v2\/posts"}],"about":[{"href":"https:\/\/llarscompartides.org\/es\/wp-json\/wp\/v2\/types\/post"}],"author":[{"embeddable":true,"href":"https:\/\/llarscompartides.org\/es\/wp-json\/wp\/v2\/users\/4"}],"replies":[{"embeddable":true,"href":"https:\/\/llarscompartides.org\/es\/wp-json\/wp\/v2\/comments?post=2946"}],"version-history":[{"count":0,"href":"https:\/\/llarscompartides.org\/es\/wp-json\/wp\/v2\/posts\/2946\/revisions"}],"wp:featuredmedia":[{"embeddable":true,"href":"https:\/\/llarscompartides.org\/es\/wp-json\/wp\/v2\/media\/2944"}],"wp:attachment":[{"href":"https:\/\/llarscompartides.org\/es\/wp-json\/wp\/v2\/media?parent=2946"}],"wp:term":[{"taxonomy":"category","embeddable":true,"href":"https:\/\/llarscompartides.org\/es\/wp-json\/wp\/v2\/categories?post=2946"},{"taxonomy":"post_tag","embeddable":true,"href":"https:\/\/llarscompartides.org\/es\/wp-json\/wp\/v2\/tags?post=2946"}],"curies":[{"name":"wp","href":"https:\/\/api.w.org\/{rel}","templated":true}]}}