{"id":2725,"date":"2024-07-25T10:47:27","date_gmt":"2024-07-25T08:47:27","guid":{"rendered":"https:\/\/llarscompartides.org\/sant-feliu-de-guixols-comienza-las-obras-de-la-primera-co-vivienda-cooperativa-para-personas-mayores-de-cataluna\/"},"modified":"2024-07-25T10:47:27","modified_gmt":"2024-07-25T08:47:27","slug":"sant-feliu-de-guixols-comienza-las-obras-de-la-primera-co-vivienda-cooperativa-para-personas-mayores-de-cataluna","status":"publish","type":"post","link":"https:\/\/llarscompartides.org\/es\/sant-feliu-de-guixols-comienza-las-obras-de-la-primera-co-vivienda-cooperativa-para-personas-mayores-de-cataluna\/","title":{"rendered":"Sant Feliu de Gu\u00edxols comienza las obras de la primera co-vivienda cooperativa para personas mayores de Catalu\u00f1a"},"content":{"rendered":"<p>En Sant Feliu de Gu\u00edxols en el Baix Empord\u00e0, han comenzado las obras de la primera co-vivienda cooperativa para gente mayor de Catalu\u00f1a. Se trata del proyecto Walden XXI, en virtud del cual se transformar\u00e1 el antiguo hotel Jecsalis, en carretera de Girona, en 31 apartamentos dise\u00f1ados para promover la convivencia y la autogesti\u00f3n. \u00abEnvejecer con los amigos y buenos vecinos de forma activa y comunitaria es una alternativa mejor\u00bb, afirma la carta que han le\u00eddo los socios del edificio. Situado entre la compra y el alquiler, la cooperativa es la propietaria de los inmuebles y los socios gozan de un derecho de uso indefinido a precio de coste y, por tanto, asequible. Esto, afirman desde la cooperativa, garantiza estabilidad a los residentes y evita la especulaci\u00f3n inmobiliaria. <a href=\"https:\/\/www.lavanguardia.com\/vida\/20240719\/9817192\/sant-feliu-guixols-comenca-les-obres-primer-cohabitatge-cooperatiu-per-gent-gran-catalunya-agenciaslv20240719.html\">Continua leyendo+<\/a>    <\/p>\n","protected":false},"excerpt":{"rendered":"<p>En Sant Feliu de Gu\u00edxols en el Baix Empord\u00e0, han comenzado las obras de la primera co-vivienda cooperativa para gente mayor de Catalu\u00f1a. Se trata del proyecto Walden XXI, en virtud del cual se transformar\u00e1 el antiguo hotel Jecsalis, en carretera de Girona, en 31&#8230;<\/p>\n","protected":false},"author":4,"featured_media":2723,"comment_status":"closed","ping_status":"closed","sticky":false,"template":"","format":"standard","meta":{"footnotes":""},"categories":[16],"tags":[],"class_list":["post-2725","post","type-post","status-publish","format-standard","has-post-thumbnail","hentry","category-sin-categorizar-es"],"yoast_head":"<!-- This site is optimized with the Yoast SEO plugin v27.5 - https:\/\/yoast.com\/product\/yoast-seo-wordpress\/ -->\n<title>Sant Feliu de Gu\u00edxols comienza las obras de la primera co-vivienda cooperativa para personas mayores de Catalu\u00f1a - FLLC<\/title>\n<meta name=\"robots\" content=\"index, follow, max-snippet:-1, max-image-preview:large, max-video-preview:-1\" \/>\n<link rel=\"canonical\" href=\"https:\/\/llarscompartides.org\/es\/sant-feliu-de-guixols-comienza-las-obras-de-la-primera-co-vivienda-cooperativa-para-personas-mayores-de-cataluna\/\" \/>\n<meta property=\"og:locale\" content=\"es_ES\" \/>\n<meta property=\"og:type\" content=\"article\" \/>\n<meta property=\"og:title\" content=\"Sant Feliu de Gu\u00edxols comienza las obras de la primera co-vivienda cooperativa para personas mayores de Catalu\u00f1a - FLLC\" \/>\n<meta property=\"og:description\" content=\"En Sant Feliu de Gu\u00edxols en el Baix Empord\u00e0, han comenzado las obras de la primera co-vivienda cooperativa para gente mayor de Catalu\u00f1a. Se trata del proyecto Walden XXI, en virtud del cual se transformar\u00e1 el antiguo hotel Jecsalis, en carretera de Girona, en 31...\" \/>\n<meta property=\"og:url\" content=\"https:\/\/llarscompartides.org\/es\/sant-feliu-de-guixols-comienza-las-obras-de-la-primera-co-vivienda-cooperativa-para-personas-mayores-de-cataluna\/\" \/>\n<meta property=\"og:site_name\" content=\"FLLC\" \/>\n<meta property=\"article:published_time\" content=\"2024-07-25T08:47:27+00:00\" \/>\n<meta property=\"og:image\" content=\"https:\/\/llarscompartides.org\/wp-content\/uploads\/2024\/07\/Pancarta-Walden-XXI-en-facana-1.jpeg\" \/>\n\t<meta property=\"og:image:width\" content=\"937\" \/>\n\t<meta property=\"og:image:height\" content=\"691\" \/>\n\t<meta property=\"og:image:type\" content=\"image\/jpeg\" \/>\n<meta name=\"author\" content=\"Alicia\" \/>\n<meta name=\"twitter:card\" content=\"summary_large_image\" \/>\n<meta name=\"twitter:creator\" content=\"@LlarsCompartids\" \/>\n<meta name=\"twitter:site\" content=\"@LlarsCompartids\" \/>\n<meta name=\"twitter:label1\" content=\"Escrito por\" \/>\n\t<meta name=\"twitter:data1\" content=\"Alicia\" \/>\n\t<meta name=\"twitter:label2\" content=\"Tiempo de lectura\" \/>\n\t<meta name=\"twitter:data2\" content=\"1 minuto\" \/>\n<script type=\"application\/ld+json\" class=\"yoast-schema-graph\">{\"@context\":\"https:\\\/\\\/schema.org\",\"@graph\":[{\"@type\":\"Article\",\"@id\":\"https:\\\/\\\/llarscompartides.org\\\/es\\\/sant-feliu-de-guixols-comienza-las-obras-de-la-primera-co-vivienda-cooperativa-para-personas-mayores-de-cataluna\\\/#article\",\"isPartOf\":{\"@id\":\"https:\\\/\\\/llarscompartides.org\\\/es\\\/sant-feliu-de-guixols-comienza-las-obras-de-la-primera-co-vivienda-cooperativa-para-personas-mayores-de-cataluna\\\/\"},\"author\":{\"name\":\"Alicia\",\"@id\":\"https:\\\/\\\/llarscompartides.org\\\/es\\\/#\\\/schema\\\/person\\\/53f7ef669aa691003a8d419d39534274\"},\"headline\":\"Sant Feliu de Gu\u00edxols comienza las obras de la primera co-vivienda cooperativa para personas mayores de Catalu\u00f1a\",\"datePublished\":\"2024-07-25T08:47:27+00:00\",\"mainEntityOfPage\":{\"@id\":\"https:\\\/\\\/llarscompartides.org\\\/es\\\/sant-feliu-de-guixols-comienza-las-obras-de-la-primera-co-vivienda-cooperativa-para-personas-mayores-de-cataluna\\\/\"},\"wordCount\":154,\"publisher\":{\"@id\":\"https:\\\/\\\/llarscompartides.org\\\/es\\\/#organization\"},\"image\":{\"@id\":\"https:\\\/\\\/llarscompartides.org\\\/es\\\/sant-feliu-de-guixols-comienza-las-obras-de-la-primera-co-vivienda-cooperativa-para-personas-mayores-de-cataluna\\\/#primaryimage\"},\"thumbnailUrl\":\"https:\\\/\\\/llarscompartides.org\\\/wp-content\\\/uploads\\\/2024\\\/07\\\/Pancarta-Walden-XXI-en-facana-1.jpeg\",\"articleSection\":[\"Sin categorizar\"],\"inLanguage\":\"es\"},{\"@type\":\"WebPage\",\"@id\":\"https:\\\/\\\/llarscompartides.org\\\/es\\\/sant-feliu-de-guixols-comienza-las-obras-de-la-primera-co-vivienda-cooperativa-para-personas-mayores-de-cataluna\\\/\",\"url\":\"https:\\\/\\\/llarscompartides.org\\\/es\\\/sant-feliu-de-guixols-comienza-las-obras-de-la-primera-co-vivienda-cooperativa-para-personas-mayores-de-cataluna\\\/\",\"name\":\"Sant Feliu de Gu\u00edxols comienza las obras de la primera co-vivienda cooperativa para personas mayores de Catalu\u00f1a - FLLC\",\"isPartOf\":{\"@id\":\"https:\\\/\\\/llarscompartides.org\\\/es\\\/#website\"},\"primaryImageOfPage\":{\"@id\":\"https:\\\/\\\/llarscompartides.org\\\/es\\\/sant-feliu-de-guixols-comienza-las-obras-de-la-primera-co-vivienda-cooperativa-para-personas-mayores-de-cataluna\\\/#primaryimage\"},\"image\":{\"@id\":\"https:\\\/\\\/llarscompartides.org\\\/es\\\/sant-feliu-de-guixols-comienza-las-obras-de-la-primera-co-vivienda-cooperativa-para-personas-mayores-de-cataluna\\\/#primaryimage\"},\"thumbnailUrl\":\"https:\\\/\\\/llarscompartides.org\\\/wp-content\\\/uploads\\\/2024\\\/07\\\/Pancarta-Walden-XXI-en-facana-1.jpeg\",\"datePublished\":\"2024-07-25T08:47:27+00:00\",\"breadcrumb\":{\"@id\":\"https:\\\/\\\/llarscompartides.org\\\/es\\\/sant-feliu-de-guixols-comienza-las-obras-de-la-primera-co-vivienda-cooperativa-para-personas-mayores-de-cataluna\\\/#breadcrumb\"},\"inLanguage\":\"es\",\"potentialAction\":[{\"@type\":\"ReadAction\",\"target\":[\"https:\\\/\\\/llarscompartides.org\\\/es\\\/sant-feliu-de-guixols-comienza-las-obras-de-la-primera-co-vivienda-cooperativa-para-personas-mayores-de-cataluna\\\/\"]}]},{\"@type\":\"ImageObject\",\"inLanguage\":\"es\",\"@id\":\"https:\\\/\\\/llarscompartides.org\\\/es\\\/sant-feliu-de-guixols-comienza-las-obras-de-la-primera-co-vivienda-cooperativa-para-personas-mayores-de-cataluna\\\/#primaryimage\",\"url\":\"https:\\\/\\\/llarscompartides.org\\\/wp-content\\\/uploads\\\/2024\\\/07\\\/Pancarta-Walden-XXI-en-facana-1.jpeg\",\"contentUrl\":\"https:\\\/\\\/llarscompartides.org\\\/wp-content\\\/uploads\\\/2024\\\/07\\\/Pancarta-Walden-XXI-en-facana-1.jpeg\",\"width\":937,\"height\":691},{\"@type\":\"BreadcrumbList\",\"@id\":\"https:\\\/\\\/llarscompartides.org\\\/es\\\/sant-feliu-de-guixols-comienza-las-obras-de-la-primera-co-vivienda-cooperativa-para-personas-mayores-de-cataluna\\\/#breadcrumb\",\"itemListElement\":[{\"@type\":\"ListItem\",\"position\":1,\"name\":\"Home\",\"item\":\"https:\\\/\\\/llarscompartides.org\\\/es\\\/inicio-nueva\\\/\"},{\"@type\":\"ListItem\",\"position\":2,\"name\":\"Sant Feliu de Gu\u00edxols comienza las obras de la primera co-vivienda cooperativa para personas mayores de Catalu\u00f1a\"}]},{\"@type\":\"WebSite\",\"@id\":\"https:\\\/\\\/llarscompartides.org\\\/es\\\/#website\",\"url\":\"https:\\\/\\\/llarscompartides.org\\\/es\\\/\",\"name\":\"llarscompartides.com\",\"description\":\"Fundaci\u00f3 llars compartides\",\"publisher\":{\"@id\":\"https:\\\/\\\/llarscompartides.org\\\/es\\\/#organization\"},\"potentialAction\":[{\"@type\":\"SearchAction\",\"target\":{\"@type\":\"EntryPoint\",\"urlTemplate\":\"https:\\\/\\\/llarscompartides.org\\\/es\\\/?s={search_term_string}\"},\"query-input\":{\"@type\":\"PropertyValueSpecification\",\"valueRequired\":true,\"valueName\":\"search_term_string\"}}],\"inLanguage\":\"es\"},{\"@type\":\"Organization\",\"@id\":\"https:\\\/\\\/llarscompartides.org\\\/es\\\/#organization\",\"name\":\"Fundaci\u00f3 Llars Compartides\",\"url\":\"https:\\\/\\\/llarscompartides.org\\\/es\\\/\",\"logo\":{\"@type\":\"ImageObject\",\"inLanguage\":\"es\",\"@id\":\"https:\\\/\\\/llarscompartides.org\\\/es\\\/#\\\/schema\\\/logo\\\/image\\\/\",\"url\":\"https:\\\/\\\/llarscompartides.org\\\/wp-content\\\/uploads\\\/2023\\\/06\\\/logo-llars-compartides-001.jpg\",\"contentUrl\":\"https:\\\/\\\/llarscompartides.org\\\/wp-content\\\/uploads\\\/2023\\\/06\\\/logo-llars-compartides-001.jpg\",\"width\":1684,\"height\":1191,\"caption\":\"Fundaci\u00f3 Llars Compartides\"},\"image\":{\"@id\":\"https:\\\/\\\/llarscompartides.org\\\/es\\\/#\\\/schema\\\/logo\\\/image\\\/\"},\"sameAs\":[\"https:\\\/\\\/x.com\\\/LlarsCompartids\",\"https:\\\/\\\/www.linkedin.com\\\/in\\\/fundaci-privada-llars-compartides-930216a6\\\/\"]},{\"@type\":\"Person\",\"@id\":\"https:\\\/\\\/llarscompartides.org\\\/es\\\/#\\\/schema\\\/person\\\/53f7ef669aa691003a8d419d39534274\",\"name\":\"Alicia\",\"url\":\"https:\\\/\\\/llarscompartides.org\\\/es\\\/author\\\/fundacio\\\/\"}]}<\/script>\n<!-- \/ Yoast SEO plugin. -->","yoast_head_json":{"title":"Sant Feliu de Gu\u00edxols comienza las obras de la primera co-vivienda cooperativa para personas mayores de Catalu\u00f1a - FLLC","robots":{"index":"index","follow":"follow","max-snippet":"max-snippet:-1","max-image-preview":"max-image-preview:large","max-video-preview":"max-video-preview:-1"},"canonical":"https:\/\/llarscompartides.org\/es\/sant-feliu-de-guixols-comienza-las-obras-de-la-primera-co-vivienda-cooperativa-para-personas-mayores-de-cataluna\/","og_locale":"es_ES","og_type":"article","og_title":"Sant Feliu de Gu\u00edxols comienza las obras de la primera co-vivienda cooperativa para personas mayores de Catalu\u00f1a - FLLC","og_description":"En Sant Feliu de Gu\u00edxols en el Baix Empord\u00e0, han comenzado las obras de la primera co-vivienda cooperativa para gente mayor de Catalu\u00f1a. Se trata del proyecto Walden XXI, en virtud del cual se transformar\u00e1 el antiguo hotel Jecsalis, en carretera de Girona, en 31...","og_url":"https:\/\/llarscompartides.org\/es\/sant-feliu-de-guixols-comienza-las-obras-de-la-primera-co-vivienda-cooperativa-para-personas-mayores-de-cataluna\/","og_site_name":"FLLC","article_published_time":"2024-07-25T08:47:27+00:00","og_image":[{"width":937,"height":691,"url":"https:\/\/llarscompartides.org\/wp-content\/uploads\/2024\/07\/Pancarta-Walden-XXI-en-facana-1.jpeg","type":"image\/jpeg"}],"author":"Alicia","twitter_card":"summary_large_image","twitter_creator":"@LlarsCompartids","twitter_site":"@LlarsCompartids","twitter_misc":{"Escrito por":"Alicia","Tiempo de lectura":"1 minuto"},"schema":{"@context":"https:\/\/schema.org","@graph":[{"@type":"Article","@id":"https:\/\/llarscompartides.org\/es\/sant-feliu-de-guixols-comienza-las-obras-de-la-primera-co-vivienda-cooperativa-para-personas-mayores-de-cataluna\/#article","isPartOf":{"@id":"https:\/\/llarscompartides.org\/es\/sant-feliu-de-guixols-comienza-las-obras-de-la-primera-co-vivienda-cooperativa-para-personas-mayores-de-cataluna\/"},"author":{"name":"Alicia","@id":"https:\/\/llarscompartides.org\/es\/#\/schema\/person\/53f7ef669aa691003a8d419d39534274"},"headline":"Sant Feliu de Gu\u00edxols comienza las obras de la primera co-vivienda cooperativa para personas mayores de Catalu\u00f1a","datePublished":"2024-07-25T08:47:27+00:00","mainEntityOfPage":{"@id":"https:\/\/llarscompartides.org\/es\/sant-feliu-de-guixols-comienza-las-obras-de-la-primera-co-vivienda-cooperativa-para-personas-mayores-de-cataluna\/"},"wordCount":154,"publisher":{"@id":"https:\/\/llarscompartides.org\/es\/#organization"},"image":{"@id":"https:\/\/llarscompartides.org\/es\/sant-feliu-de-guixols-comienza-las-obras-de-la-primera-co-vivienda-cooperativa-para-personas-mayores-de-cataluna\/#primaryimage"},"thumbnailUrl":"https:\/\/llarscompartides.org\/wp-content\/uploads\/2024\/07\/Pancarta-Walden-XXI-en-facana-1.jpeg","articleSection":["Sin categorizar"],"inLanguage":"es"},{"@type":"WebPage","@id":"https:\/\/llarscompartides.org\/es\/sant-feliu-de-guixols-comienza-las-obras-de-la-primera-co-vivienda-cooperativa-para-personas-mayores-de-cataluna\/","url":"https:\/\/llarscompartides.org\/es\/sant-feliu-de-guixols-comienza-las-obras-de-la-primera-co-vivienda-cooperativa-para-personas-mayores-de-cataluna\/","name":"Sant Feliu de Gu\u00edxols comienza las obras de la primera co-vivienda cooperativa para personas mayores de Catalu\u00f1a - FLLC","isPartOf":{"@id":"https:\/\/llarscompartides.org\/es\/#website"},"primaryImageOfPage":{"@id":"https:\/\/llarscompartides.org\/es\/sant-feliu-de-guixols-comienza-las-obras-de-la-primera-co-vivienda-cooperativa-para-personas-mayores-de-cataluna\/#primaryimage"},"image":{"@id":"https:\/\/llarscompartides.org\/es\/sant-feliu-de-guixols-comienza-las-obras-de-la-primera-co-vivienda-cooperativa-para-personas-mayores-de-cataluna\/#primaryimage"},"thumbnailUrl":"https:\/\/llarscompartides.org\/wp-content\/uploads\/2024\/07\/Pancarta-Walden-XXI-en-facana-1.jpeg","datePublished":"2024-07-25T08:47:27+00:00","breadcrumb":{"@id":"https:\/\/llarscompartides.org\/es\/sant-feliu-de-guixols-comienza-las-obras-de-la-primera-co-vivienda-cooperativa-para-personas-mayores-de-cataluna\/#breadcrumb"},"inLanguage":"es","potentialAction":[{"@type":"ReadAction","target":["https:\/\/llarscompartides.org\/es\/sant-feliu-de-guixols-comienza-las-obras-de-la-primera-co-vivienda-cooperativa-para-personas-mayores-de-cataluna\/"]}]},{"@type":"ImageObject","inLanguage":"es","@id":"https:\/\/llarscompartides.org\/es\/sant-feliu-de-guixols-comienza-las-obras-de-la-primera-co-vivienda-cooperativa-para-personas-mayores-de-cataluna\/#primaryimage","url":"https:\/\/llarscompartides.org\/wp-content\/uploads\/2024\/07\/Pancarta-Walden-XXI-en-facana-1.jpeg","contentUrl":"https:\/\/llarscompartides.org\/wp-content\/uploads\/2024\/07\/Pancarta-Walden-XXI-en-facana-1.jpeg","width":937,"height":691},{"@type":"BreadcrumbList","@id":"https:\/\/llarscompartides.org\/es\/sant-feliu-de-guixols-comienza-las-obras-de-la-primera-co-vivienda-cooperativa-para-personas-mayores-de-cataluna\/#breadcrumb","itemListElement":[{"@type":"ListItem","position":1,"name":"Home","item":"https:\/\/llarscompartides.org\/es\/inicio-nueva\/"},{"@type":"ListItem","position":2,"name":"Sant Feliu de Gu\u00edxols comienza las obras de la primera co-vivienda cooperativa para personas mayores de Catalu\u00f1a"}]},{"@type":"WebSite","@id":"https:\/\/llarscompartides.org\/es\/#website","url":"https:\/\/llarscompartides.org\/es\/","name":"llarscompartides.com","description":"Fundaci\u00f3 llars compartides","publisher":{"@id":"https:\/\/llarscompartides.org\/es\/#organization"},"potentialAction":[{"@type":"SearchAction","target":{"@type":"EntryPoint","urlTemplate":"https:\/\/llarscompartides.org\/es\/?s={search_term_string}"},"query-input":{"@type":"PropertyValueSpecification","valueRequired":true,"valueName":"search_term_string"}}],"inLanguage":"es"},{"@type":"Organization","@id":"https:\/\/llarscompartides.org\/es\/#organization","name":"Fundaci\u00f3 Llars Compartides","url":"https:\/\/llarscompartides.org\/es\/","logo":{"@type":"ImageObject","inLanguage":"es","@id":"https:\/\/llarscompartides.org\/es\/#\/schema\/logo\/image\/","url":"https:\/\/llarscompartides.org\/wp-content\/uploads\/2023\/06\/logo-llars-compartides-001.jpg","contentUrl":"https:\/\/llarscompartides.org\/wp-content\/uploads\/2023\/06\/logo-llars-compartides-001.jpg","width":1684,"height":1191,"caption":"Fundaci\u00f3 Llars Compartides"},"image":{"@id":"https:\/\/llarscompartides.org\/es\/#\/schema\/logo\/image\/"},"sameAs":["https:\/\/x.com\/LlarsCompartids","https:\/\/www.linkedin.com\/in\/fundaci-privada-llars-compartides-930216a6\/"]},{"@type":"Person","@id":"https:\/\/llarscompartides.org\/es\/#\/schema\/person\/53f7ef669aa691003a8d419d39534274","name":"Alicia","url":"https:\/\/llarscompartides.org\/es\/author\/fundacio\/"}]}},"_links":{"self":[{"href":"https:\/\/llarscompartides.org\/es\/wp-json\/wp\/v2\/posts\/2725","targetHints":{"allow":["GET"]}}],"collection":[{"href":"https:\/\/llarscompartides.org\/es\/wp-json\/wp\/v2\/posts"}],"about":[{"href":"https:\/\/llarscompartides.org\/es\/wp-json\/wp\/v2\/types\/post"}],"author":[{"embeddable":true,"href":"https:\/\/llarscompartides.org\/es\/wp-json\/wp\/v2\/users\/4"}],"replies":[{"embeddable":true,"href":"https:\/\/llarscompartides.org\/es\/wp-json\/wp\/v2\/comments?post=2725"}],"version-history":[{"count":0,"href":"https:\/\/llarscompartides.org\/es\/wp-json\/wp\/v2\/posts\/2725\/revisions"}],"wp:featuredmedia":[{"embeddable":true,"href":"https:\/\/llarscompartides.org\/es\/wp-json\/wp\/v2\/media\/2723"}],"wp:attachment":[{"href":"https:\/\/llarscompartides.org\/es\/wp-json\/wp\/v2\/media?parent=2725"}],"wp:term":[{"taxonomy":"category","embeddable":true,"href":"https:\/\/llarscompartides.org\/es\/wp-json\/wp\/v2\/categories?post=2725"},{"taxonomy":"post_tag","embeddable":true,"href":"https:\/\/llarscompartides.org\/es\/wp-json\/wp\/v2\/tags?post=2725"}],"curies":[{"name":"wp","href":"https:\/\/api.w.org\/{rel}","templated":true}]}}