{"id":2715,"date":"2024-07-10T12:43:59","date_gmt":"2024-07-10T10:43:59","guid":{"rendered":"https:\/\/llarscompartides.org\/llars-compartides-comunidades-de-sentido\/"},"modified":"2024-07-10T13:22:03","modified_gmt":"2024-07-10T11:22:03","slug":"llars-compartides-comunidades-de-sentido","status":"publish","type":"post","link":"https:\/\/llarscompartides.org\/es\/llars-compartides-comunidades-de-sentido\/","title":{"rendered":"Llars Compartides, comunidades de sentido"},"content":{"rendered":"<p>Iniciamos un ciclo de reflexiones de la mano de Llu\u00eds Font, Presidente de la Fundaci\u00f3n, sobre las comunidades de sentido, los hogares compartidos y c\u00f3mo la relaci\u00f3n interpersonal crea v\u00ednculos que dan sentido a la propia existencia.<\/p>\n<p>Catalu\u00f1a tiene una larga tradici\u00f3n de iniciativa social. A lo largo de los tiempos, los ciudadanos se han organizado para atender sus necesidades, defender el bienestar colectivo y cultivar unos determinados valores. El fruto del empoderamiento de las personas es una sociedad civil bien arraigada, s\u00f3lida y plural, emprendedora y solidaria. En nuestro pa\u00eds, el estado del bienestar cuenta con la colaboraci\u00f3n de muchas entidades, instituciones, cooperativas y fundaciones en la prestaci\u00f3n de servicios de inter\u00e9s p\u00fablico. \u00c9ste es un activo a preservar, una se\u00f1al de identidad que nos caracteriza como naci\u00f3n y nos distingue de un caracter estatista, propio de otros lugares. En efecto, la colaboraci\u00f3n p\u00fablico-privado, tan en boga \u00faltimamente en los discursos pol\u00edticos, est\u00e1 fuertemente arraigada en la historia de nuestro pueblo. Vicens Vives habla ampliament en <em>Not\u00edcia de Catalunya. <\/em><\/p>\n<p><strong>Llars Compartides es una modesta expresi\u00f3n de este <em>ethos.<\/em><\/strong> Un grupo de voluntarios, conscientes del problema de la vivienda, especialmente entre personas mayores, crean una fundaci\u00f3n y dise\u00f1an un modelo muy eficiente para proporcionar un hogar a personas que, de lo contrario, vivir\u00edan en la calle o dependientes de la asistencia p\u00fablica. Se alquilan pisos en el mercado inmobiliario, se adecuan para su uso y se constituyen peque\u00f1as comunidades de personas aut\u00f3nomas, que contribuyen con unos 250 euros mensuales a pagar los gastos de alquiler y suministros. En caso de que alguien no pueda abonar esa cantidad, recibe una ayuda adicional. Unos profesionales de la educaci\u00f3n social y la integraci\u00f3n, apoyan y unen a los miembros de cada vivienda, y de todos en conjunto, implementando programas culturales y de voluntariado.<\/p>\n<p>Los soci\u00f3logos Berger y Luckmann, en su obra <em>Modernidad, pluralismo y crisis de sentido,<\/em> reflexionan sobre el pluralismo y la construcci\u00f3n de la identidad personal. En un contexto de creciente individualismo y de un cierto <em>darwinismo<\/em>social, sobre todo en las grandes ciudades, donde vivimos f\u00edsicamente cerca, pero muy alejados unos de otros, surgen las comunidades de sentido. S\u00f3n <strong>agrupaciones de todo tipo, que se convierten en relevantes en la vida de sus miembros m\u00e1s all\u00e1 del objetivo originario que les hab\u00eda congregado.. <\/strong> Los participantes se dan cuenta de que practicar un deporte en equipo, cantar en una coral, trabajar en un proyecto, o vivir en una misma vivienda tiene un valor a\u00f1adido. Entre un yo y un t\u00fa, la relaci\u00f3n interpersonal crea v\u00ednculos que dan sentido a la propia existencia. Los hogares compartidos pueden acabar siendo una comunidad de sentido, por la implicaci\u00f3n de cada uno de sus habitantes en la vida de los dem\u00e1s, si sabemos cultivar el clima propicio para hacerlo posible.<\/p>\n<p>&nbsp;<\/p>\n<p>&nbsp;<\/p>\n","protected":false},"excerpt":{"rendered":"<p>Iniciamos un ciclo de reflexiones de la mano de Llu\u00eds Font, Presidente de la Fundaci\u00f3n, sobre las comunidades de sentido, los hogares compartidos y c\u00f3mo la relaci\u00f3n interpersonal crea v\u00ednculos que dan sentido a la propia existencia. Catalu\u00f1a tiene una larga tradici\u00f3n de iniciativa social&#8230;.<\/p>\n","protected":false},"author":4,"featured_media":2711,"comment_status":"closed","ping_status":"closed","sticky":false,"template":"","format":"standard","meta":{"footnotes":""},"categories":[16],"tags":[],"class_list":["post-2715","post","type-post","status-publish","format-standard","has-post-thumbnail","hentry","category-sin-categorizar-es"],"yoast_head":"<!-- This site is optimized with the Yoast SEO plugin v27.5 - https:\/\/yoast.com\/product\/yoast-seo-wordpress\/ -->\n<title>Llars Compartides, comunidades de sentido - FLLC<\/title>\n<meta name=\"robots\" content=\"index, follow, max-snippet:-1, max-image-preview:large, max-video-preview:-1\" \/>\n<link rel=\"canonical\" href=\"https:\/\/llarscompartides.org\/es\/llars-compartides-comunidades-de-sentido\/\" \/>\n<meta property=\"og:locale\" content=\"es_ES\" \/>\n<meta property=\"og:type\" content=\"article\" \/>\n<meta property=\"og:title\" content=\"Llars Compartides, comunidades de sentido - FLLC\" \/>\n<meta property=\"og:description\" content=\"Iniciamos un ciclo de reflexiones de la mano de Llu\u00eds Font, Presidente de la Fundaci\u00f3n, sobre las comunidades de sentido, los hogares compartidos y c\u00f3mo la relaci\u00f3n interpersonal crea v\u00ednculos que dan sentido a la propia existencia. Catalu\u00f1a tiene una larga tradici\u00f3n de iniciativa social....\" \/>\n<meta property=\"og:url\" content=\"https:\/\/llarscompartides.org\/es\/llars-compartides-comunidades-de-sentido\/\" \/>\n<meta property=\"og:site_name\" content=\"FLLC\" \/>\n<meta property=\"article:published_time\" content=\"2024-07-10T10:43:59+00:00\" \/>\n<meta property=\"article:modified_time\" content=\"2024-07-10T11:22:03+00:00\" \/>\n<meta property=\"og:image\" content=\"https:\/\/llarscompartides.org\/wp-content\/uploads\/2024\/07\/Font-e1720608122859.jpg\" \/>\n\t<meta property=\"og:image:width\" content=\"1024\" \/>\n\t<meta property=\"og:image:height\" content=\"682\" \/>\n\t<meta property=\"og:image:type\" content=\"image\/jpeg\" \/>\n<meta name=\"author\" content=\"Alicia\" \/>\n<meta name=\"twitter:card\" content=\"summary_large_image\" \/>\n<meta name=\"twitter:creator\" content=\"@LlarsCompartids\" \/>\n<meta name=\"twitter:site\" content=\"@LlarsCompartids\" \/>\n<meta name=\"twitter:label1\" content=\"Escrito por\" \/>\n\t<meta name=\"twitter:data1\" content=\"Alicia\" \/>\n\t<meta name=\"twitter:label2\" content=\"Tiempo de lectura\" \/>\n\t<meta name=\"twitter:data2\" content=\"3 minutos\" \/>\n<script type=\"application\/ld+json\" class=\"yoast-schema-graph\">{\"@context\":\"https:\\\/\\\/schema.org\",\"@graph\":[{\"@type\":\"Article\",\"@id\":\"https:\\\/\\\/llarscompartides.org\\\/es\\\/llars-compartides-comunidades-de-sentido\\\/#article\",\"isPartOf\":{\"@id\":\"https:\\\/\\\/llarscompartides.org\\\/es\\\/llars-compartides-comunidades-de-sentido\\\/\"},\"author\":{\"name\":\"Alicia\",\"@id\":\"https:\\\/\\\/llarscompartides.org\\\/es\\\/#\\\/schema\\\/person\\\/53f7ef669aa691003a8d419d39534274\"},\"headline\":\"Llars Compartides, comunidades de sentido\",\"datePublished\":\"2024-07-10T10:43:59+00:00\",\"dateModified\":\"2024-07-10T11:22:03+00:00\",\"mainEntityOfPage\":{\"@id\":\"https:\\\/\\\/llarscompartides.org\\\/es\\\/llars-compartides-comunidades-de-sentido\\\/\"},\"wordCount\":509,\"publisher\":{\"@id\":\"https:\\\/\\\/llarscompartides.org\\\/es\\\/#organization\"},\"image\":{\"@id\":\"https:\\\/\\\/llarscompartides.org\\\/es\\\/llars-compartides-comunidades-de-sentido\\\/#primaryimage\"},\"thumbnailUrl\":\"https:\\\/\\\/llarscompartides.org\\\/wp-content\\\/uploads\\\/2024\\\/07\\\/Font-e1720608122859.jpg\",\"articleSection\":[\"Sin categorizar\"],\"inLanguage\":\"es\"},{\"@type\":\"WebPage\",\"@id\":\"https:\\\/\\\/llarscompartides.org\\\/es\\\/llars-compartides-comunidades-de-sentido\\\/\",\"url\":\"https:\\\/\\\/llarscompartides.org\\\/es\\\/llars-compartides-comunidades-de-sentido\\\/\",\"name\":\"Llars Compartides, comunidades de sentido - FLLC\",\"isPartOf\":{\"@id\":\"https:\\\/\\\/llarscompartides.org\\\/es\\\/#website\"},\"primaryImageOfPage\":{\"@id\":\"https:\\\/\\\/llarscompartides.org\\\/es\\\/llars-compartides-comunidades-de-sentido\\\/#primaryimage\"},\"image\":{\"@id\":\"https:\\\/\\\/llarscompartides.org\\\/es\\\/llars-compartides-comunidades-de-sentido\\\/#primaryimage\"},\"thumbnailUrl\":\"https:\\\/\\\/llarscompartides.org\\\/wp-content\\\/uploads\\\/2024\\\/07\\\/Font-e1720608122859.jpg\",\"datePublished\":\"2024-07-10T10:43:59+00:00\",\"dateModified\":\"2024-07-10T11:22:03+00:00\",\"breadcrumb\":{\"@id\":\"https:\\\/\\\/llarscompartides.org\\\/es\\\/llars-compartides-comunidades-de-sentido\\\/#breadcrumb\"},\"inLanguage\":\"es\",\"potentialAction\":[{\"@type\":\"ReadAction\",\"target\":[\"https:\\\/\\\/llarscompartides.org\\\/es\\\/llars-compartides-comunidades-de-sentido\\\/\"]}]},{\"@type\":\"ImageObject\",\"inLanguage\":\"es\",\"@id\":\"https:\\\/\\\/llarscompartides.org\\\/es\\\/llars-compartides-comunidades-de-sentido\\\/#primaryimage\",\"url\":\"https:\\\/\\\/llarscompartides.org\\\/wp-content\\\/uploads\\\/2024\\\/07\\\/Font-e1720608122859.jpg\",\"contentUrl\":\"https:\\\/\\\/llarscompartides.org\\\/wp-content\\\/uploads\\\/2024\\\/07\\\/Font-e1720608122859.jpg\",\"width\":1024,\"height\":682},{\"@type\":\"BreadcrumbList\",\"@id\":\"https:\\\/\\\/llarscompartides.org\\\/es\\\/llars-compartides-comunidades-de-sentido\\\/#breadcrumb\",\"itemListElement\":[{\"@type\":\"ListItem\",\"position\":1,\"name\":\"Home\",\"item\":\"https:\\\/\\\/llarscompartides.org\\\/es\\\/inicio-nueva\\\/\"},{\"@type\":\"ListItem\",\"position\":2,\"name\":\"Llars Compartides, comunidades de sentido\"}]},{\"@type\":\"WebSite\",\"@id\":\"https:\\\/\\\/llarscompartides.org\\\/es\\\/#website\",\"url\":\"https:\\\/\\\/llarscompartides.org\\\/es\\\/\",\"name\":\"llarscompartides.com\",\"description\":\"Fundaci\u00f3 llars compartides\",\"publisher\":{\"@id\":\"https:\\\/\\\/llarscompartides.org\\\/es\\\/#organization\"},\"potentialAction\":[{\"@type\":\"SearchAction\",\"target\":{\"@type\":\"EntryPoint\",\"urlTemplate\":\"https:\\\/\\\/llarscompartides.org\\\/es\\\/?s={search_term_string}\"},\"query-input\":{\"@type\":\"PropertyValueSpecification\",\"valueRequired\":true,\"valueName\":\"search_term_string\"}}],\"inLanguage\":\"es\"},{\"@type\":\"Organization\",\"@id\":\"https:\\\/\\\/llarscompartides.org\\\/es\\\/#organization\",\"name\":\"Fundaci\u00f3 Llars Compartides\",\"url\":\"https:\\\/\\\/llarscompartides.org\\\/es\\\/\",\"logo\":{\"@type\":\"ImageObject\",\"inLanguage\":\"es\",\"@id\":\"https:\\\/\\\/llarscompartides.org\\\/es\\\/#\\\/schema\\\/logo\\\/image\\\/\",\"url\":\"https:\\\/\\\/llarscompartides.org\\\/wp-content\\\/uploads\\\/2023\\\/06\\\/logo-llars-compartides-001.jpg\",\"contentUrl\":\"https:\\\/\\\/llarscompartides.org\\\/wp-content\\\/uploads\\\/2023\\\/06\\\/logo-llars-compartides-001.jpg\",\"width\":1684,\"height\":1191,\"caption\":\"Fundaci\u00f3 Llars Compartides\"},\"image\":{\"@id\":\"https:\\\/\\\/llarscompartides.org\\\/es\\\/#\\\/schema\\\/logo\\\/image\\\/\"},\"sameAs\":[\"https:\\\/\\\/x.com\\\/LlarsCompartids\",\"https:\\\/\\\/www.linkedin.com\\\/in\\\/fundaci-privada-llars-compartides-930216a6\\\/\"]},{\"@type\":\"Person\",\"@id\":\"https:\\\/\\\/llarscompartides.org\\\/es\\\/#\\\/schema\\\/person\\\/53f7ef669aa691003a8d419d39534274\",\"name\":\"Alicia\",\"url\":\"https:\\\/\\\/llarscompartides.org\\\/es\\\/author\\\/fundacio\\\/\"}]}<\/script>\n<!-- \/ Yoast SEO plugin. -->","yoast_head_json":{"title":"Llars Compartides, comunidades de sentido - FLLC","robots":{"index":"index","follow":"follow","max-snippet":"max-snippet:-1","max-image-preview":"max-image-preview:large","max-video-preview":"max-video-preview:-1"},"canonical":"https:\/\/llarscompartides.org\/es\/llars-compartides-comunidades-de-sentido\/","og_locale":"es_ES","og_type":"article","og_title":"Llars Compartides, comunidades de sentido - FLLC","og_description":"Iniciamos un ciclo de reflexiones de la mano de Llu\u00eds Font, Presidente de la Fundaci\u00f3n, sobre las comunidades de sentido, los hogares compartidos y c\u00f3mo la relaci\u00f3n interpersonal crea v\u00ednculos que dan sentido a la propia existencia. Catalu\u00f1a tiene una larga tradici\u00f3n de iniciativa social....","og_url":"https:\/\/llarscompartides.org\/es\/llars-compartides-comunidades-de-sentido\/","og_site_name":"FLLC","article_published_time":"2024-07-10T10:43:59+00:00","article_modified_time":"2024-07-10T11:22:03+00:00","og_image":[{"width":1024,"height":682,"url":"https:\/\/llarscompartides.org\/wp-content\/uploads\/2024\/07\/Font-e1720608122859.jpg","type":"image\/jpeg"}],"author":"Alicia","twitter_card":"summary_large_image","twitter_creator":"@LlarsCompartids","twitter_site":"@LlarsCompartids","twitter_misc":{"Escrito por":"Alicia","Tiempo de lectura":"3 minutos"},"schema":{"@context":"https:\/\/schema.org","@graph":[{"@type":"Article","@id":"https:\/\/llarscompartides.org\/es\/llars-compartides-comunidades-de-sentido\/#article","isPartOf":{"@id":"https:\/\/llarscompartides.org\/es\/llars-compartides-comunidades-de-sentido\/"},"author":{"name":"Alicia","@id":"https:\/\/llarscompartides.org\/es\/#\/schema\/person\/53f7ef669aa691003a8d419d39534274"},"headline":"Llars Compartides, comunidades de sentido","datePublished":"2024-07-10T10:43:59+00:00","dateModified":"2024-07-10T11:22:03+00:00","mainEntityOfPage":{"@id":"https:\/\/llarscompartides.org\/es\/llars-compartides-comunidades-de-sentido\/"},"wordCount":509,"publisher":{"@id":"https:\/\/llarscompartides.org\/es\/#organization"},"image":{"@id":"https:\/\/llarscompartides.org\/es\/llars-compartides-comunidades-de-sentido\/#primaryimage"},"thumbnailUrl":"https:\/\/llarscompartides.org\/wp-content\/uploads\/2024\/07\/Font-e1720608122859.jpg","articleSection":["Sin categorizar"],"inLanguage":"es"},{"@type":"WebPage","@id":"https:\/\/llarscompartides.org\/es\/llars-compartides-comunidades-de-sentido\/","url":"https:\/\/llarscompartides.org\/es\/llars-compartides-comunidades-de-sentido\/","name":"Llars Compartides, comunidades de sentido - FLLC","isPartOf":{"@id":"https:\/\/llarscompartides.org\/es\/#website"},"primaryImageOfPage":{"@id":"https:\/\/llarscompartides.org\/es\/llars-compartides-comunidades-de-sentido\/#primaryimage"},"image":{"@id":"https:\/\/llarscompartides.org\/es\/llars-compartides-comunidades-de-sentido\/#primaryimage"},"thumbnailUrl":"https:\/\/llarscompartides.org\/wp-content\/uploads\/2024\/07\/Font-e1720608122859.jpg","datePublished":"2024-07-10T10:43:59+00:00","dateModified":"2024-07-10T11:22:03+00:00","breadcrumb":{"@id":"https:\/\/llarscompartides.org\/es\/llars-compartides-comunidades-de-sentido\/#breadcrumb"},"inLanguage":"es","potentialAction":[{"@type":"ReadAction","target":["https:\/\/llarscompartides.org\/es\/llars-compartides-comunidades-de-sentido\/"]}]},{"@type":"ImageObject","inLanguage":"es","@id":"https:\/\/llarscompartides.org\/es\/llars-compartides-comunidades-de-sentido\/#primaryimage","url":"https:\/\/llarscompartides.org\/wp-content\/uploads\/2024\/07\/Font-e1720608122859.jpg","contentUrl":"https:\/\/llarscompartides.org\/wp-content\/uploads\/2024\/07\/Font-e1720608122859.jpg","width":1024,"height":682},{"@type":"BreadcrumbList","@id":"https:\/\/llarscompartides.org\/es\/llars-compartides-comunidades-de-sentido\/#breadcrumb","itemListElement":[{"@type":"ListItem","position":1,"name":"Home","item":"https:\/\/llarscompartides.org\/es\/inicio-nueva\/"},{"@type":"ListItem","position":2,"name":"Llars Compartides, comunidades de sentido"}]},{"@type":"WebSite","@id":"https:\/\/llarscompartides.org\/es\/#website","url":"https:\/\/llarscompartides.org\/es\/","name":"llarscompartides.com","description":"Fundaci\u00f3 llars compartides","publisher":{"@id":"https:\/\/llarscompartides.org\/es\/#organization"},"potentialAction":[{"@type":"SearchAction","target":{"@type":"EntryPoint","urlTemplate":"https:\/\/llarscompartides.org\/es\/?s={search_term_string}"},"query-input":{"@type":"PropertyValueSpecification","valueRequired":true,"valueName":"search_term_string"}}],"inLanguage":"es"},{"@type":"Organization","@id":"https:\/\/llarscompartides.org\/es\/#organization","name":"Fundaci\u00f3 Llars Compartides","url":"https:\/\/llarscompartides.org\/es\/","logo":{"@type":"ImageObject","inLanguage":"es","@id":"https:\/\/llarscompartides.org\/es\/#\/schema\/logo\/image\/","url":"https:\/\/llarscompartides.org\/wp-content\/uploads\/2023\/06\/logo-llars-compartides-001.jpg","contentUrl":"https:\/\/llarscompartides.org\/wp-content\/uploads\/2023\/06\/logo-llars-compartides-001.jpg","width":1684,"height":1191,"caption":"Fundaci\u00f3 Llars Compartides"},"image":{"@id":"https:\/\/llarscompartides.org\/es\/#\/schema\/logo\/image\/"},"sameAs":["https:\/\/x.com\/LlarsCompartids","https:\/\/www.linkedin.com\/in\/fundaci-privada-llars-compartides-930216a6\/"]},{"@type":"Person","@id":"https:\/\/llarscompartides.org\/es\/#\/schema\/person\/53f7ef669aa691003a8d419d39534274","name":"Alicia","url":"https:\/\/llarscompartides.org\/es\/author\/fundacio\/"}]}},"_links":{"self":[{"href":"https:\/\/llarscompartides.org\/es\/wp-json\/wp\/v2\/posts\/2715","targetHints":{"allow":["GET"]}}],"collection":[{"href":"https:\/\/llarscompartides.org\/es\/wp-json\/wp\/v2\/posts"}],"about":[{"href":"https:\/\/llarscompartides.org\/es\/wp-json\/wp\/v2\/types\/post"}],"author":[{"embeddable":true,"href":"https:\/\/llarscompartides.org\/es\/wp-json\/wp\/v2\/users\/4"}],"replies":[{"embeddable":true,"href":"https:\/\/llarscompartides.org\/es\/wp-json\/wp\/v2\/comments?post=2715"}],"version-history":[{"count":2,"href":"https:\/\/llarscompartides.org\/es\/wp-json\/wp\/v2\/posts\/2715\/revisions"}],"predecessor-version":[{"id":2717,"href":"https:\/\/llarscompartides.org\/es\/wp-json\/wp\/v2\/posts\/2715\/revisions\/2717"}],"wp:featuredmedia":[{"embeddable":true,"href":"https:\/\/llarscompartides.org\/es\/wp-json\/wp\/v2\/media\/2711"}],"wp:attachment":[{"href":"https:\/\/llarscompartides.org\/es\/wp-json\/wp\/v2\/media?parent=2715"}],"wp:term":[{"taxonomy":"category","embeddable":true,"href":"https:\/\/llarscompartides.org\/es\/wp-json\/wp\/v2\/categories?post=2715"},{"taxonomy":"post_tag","embeddable":true,"href":"https:\/\/llarscompartides.org\/es\/wp-json\/wp\/v2\/tags?post=2715"}],"curies":[{"name":"wp","href":"https:\/\/api.w.org\/{rel}","templated":true}]}}