{"id":2704,"date":"2024-06-27T16:54:35","date_gmt":"2024-06-27T14:54:35","guid":{"rendered":"https:\/\/llarscompartides.org\/festival-internacional-de-cine-de-las-personas-mayores-de-barcelona\/"},"modified":"2024-06-27T17:13:55","modified_gmt":"2024-06-27T15:13:55","slug":"festival-internacional-de-cine-de-las-personas-mayores-de-barcelona","status":"publish","type":"post","link":"https:\/\/llarscompartides.org\/es\/festival-internacional-de-cine-de-las-personas-mayores-de-barcelona\/","title":{"rendered":"Festival Internacional de Cine de las Personas Mayores de Barcelona"},"content":{"rendered":"<p><em>La GRAN Pantalla!<\/em>, el Festival Internacional de Cine de las Personas Mayores de Barcelona, \u200b\u200bvuelve un verano m\u00e1s a los cines Girona como un espacio dedicado al encuentro cinematogr\u00e1fico intergeneracional.<\/p>\n<p>Del 2 al 7 de julio se proyectar\u00e1n pel\u00edculas y cortometrajes que abordan nuevas miradas sobre el hecho de ser y hacerse mayor.<\/p>\n<p><a href=\"https:\/\/ajuntament.barcelona.cat\/dretssocials\/ca\/barcelona-contra-la-soledat\/noticies-soledat\/nova-edicio-de-la-gran-pantalla-el-festival-de-cinema-de-la-gent-gran_1409279?utm_content=Not%c3%adcia%20horitzontal&amp;utm_source=C3967-I178&amp;utm_medium=email&amp;utm_term=contingut\">Sigue leyendo +<\/a><\/p>\n<p>&nbsp;<\/p>\n<p>&nbsp;<\/p>\n<p>&nbsp;<\/p>\n","protected":false},"excerpt":{"rendered":"<p>La GRAN Pantalla!, el Festival Internacional de Cine de las Personas Mayores de Barcelona, \u200b\u200bvuelve un verano m\u00e1s a los cines Girona como un espacio dedicado al encuentro cinematogr\u00e1fico intergeneracional. Del 2 al 7 de julio se proyectar\u00e1n pel\u00edculas y cortometrajes que abordan nuevas miradas&#8230;<\/p>\n","protected":false},"author":4,"featured_media":2702,"comment_status":"closed","ping_status":"closed","sticky":false,"template":"","format":"standard","meta":{"footnotes":""},"categories":[16],"tags":[],"class_list":["post-2704","post","type-post","status-publish","format-standard","has-post-thumbnail","hentry","category-sin-categorizar-es"],"yoast_head":"<!-- This site is optimized with the Yoast SEO plugin v27.5 - https:\/\/yoast.com\/product\/yoast-seo-wordpress\/ -->\n<title>Festival Internacional de Cine de las Personas Mayores de Barcelona - FLLC<\/title>\n<meta name=\"robots\" content=\"index, follow, max-snippet:-1, max-image-preview:large, max-video-preview:-1\" \/>\n<link rel=\"canonical\" href=\"https:\/\/llarscompartides.org\/es\/festival-internacional-de-cine-de-las-personas-mayores-de-barcelona\/\" \/>\n<meta property=\"og:locale\" content=\"es_ES\" \/>\n<meta property=\"og:type\" content=\"article\" \/>\n<meta property=\"og:title\" content=\"Festival Internacional de Cine de las Personas Mayores de Barcelona - FLLC\" \/>\n<meta property=\"og:description\" content=\"La GRAN Pantalla!, el Festival Internacional de Cine de las Personas Mayores de Barcelona, \u200b\u200bvuelve un verano m\u00e1s a los cines Girona como un espacio dedicado al encuentro cinematogr\u00e1fico intergeneracional. Del 2 al 7 de julio se proyectar\u00e1n pel\u00edculas y cortometrajes que abordan nuevas miradas...\" \/>\n<meta property=\"og:url\" content=\"https:\/\/llarscompartides.org\/es\/festival-internacional-de-cine-de-las-personas-mayores-de-barcelona\/\" \/>\n<meta property=\"og:site_name\" content=\"FLLC\" \/>\n<meta property=\"article:published_time\" content=\"2024-06-27T14:54:35+00:00\" \/>\n<meta property=\"article:modified_time\" content=\"2024-06-27T15:13:55+00:00\" \/>\n<meta property=\"og:image\" content=\"https:\/\/llarscompartides.org\/wp-content\/uploads\/2024\/06\/Disseny-sense-titol-1-1024x576-1.png\" \/>\n\t<meta property=\"og:image:width\" content=\"1024\" \/>\n\t<meta property=\"og:image:height\" content=\"576\" \/>\n\t<meta property=\"og:image:type\" content=\"image\/png\" \/>\n<meta name=\"author\" content=\"Alicia\" \/>\n<meta name=\"twitter:card\" content=\"summary_large_image\" \/>\n<meta name=\"twitter:creator\" content=\"@LlarsCompartids\" \/>\n<meta name=\"twitter:site\" content=\"@LlarsCompartids\" \/>\n<meta name=\"twitter:label1\" content=\"Escrito por\" \/>\n\t<meta name=\"twitter:data1\" content=\"Alicia\" \/>\n<script type=\"application\/ld+json\" class=\"yoast-schema-graph\">{\"@context\":\"https:\\\/\\\/schema.org\",\"@graph\":[{\"@type\":\"Article\",\"@id\":\"https:\\\/\\\/llarscompartides.org\\\/es\\\/festival-internacional-de-cine-de-las-personas-mayores-de-barcelona\\\/#article\",\"isPartOf\":{\"@id\":\"https:\\\/\\\/llarscompartides.org\\\/es\\\/festival-internacional-de-cine-de-las-personas-mayores-de-barcelona\\\/\"},\"author\":{\"name\":\"Alicia\",\"@id\":\"https:\\\/\\\/llarscompartides.org\\\/es\\\/#\\\/schema\\\/person\\\/53f7ef669aa691003a8d419d39534274\"},\"headline\":\"Festival Internacional de Cine de las Personas Mayores de Barcelona\",\"datePublished\":\"2024-06-27T14:54:35+00:00\",\"dateModified\":\"2024-06-27T15:13:55+00:00\",\"mainEntityOfPage\":{\"@id\":\"https:\\\/\\\/llarscompartides.org\\\/es\\\/festival-internacional-de-cine-de-las-personas-mayores-de-barcelona\\\/\"},\"wordCount\":70,\"publisher\":{\"@id\":\"https:\\\/\\\/llarscompartides.org\\\/es\\\/#organization\"},\"image\":{\"@id\":\"https:\\\/\\\/llarscompartides.org\\\/es\\\/festival-internacional-de-cine-de-las-personas-mayores-de-barcelona\\\/#primaryimage\"},\"thumbnailUrl\":\"https:\\\/\\\/llarscompartides.org\\\/wp-content\\\/uploads\\\/2024\\\/06\\\/Disseny-sense-titol-1-1024x576-1.png\",\"articleSection\":[\"Sin categorizar\"],\"inLanguage\":\"es\"},{\"@type\":\"WebPage\",\"@id\":\"https:\\\/\\\/llarscompartides.org\\\/es\\\/festival-internacional-de-cine-de-las-personas-mayores-de-barcelona\\\/\",\"url\":\"https:\\\/\\\/llarscompartides.org\\\/es\\\/festival-internacional-de-cine-de-las-personas-mayores-de-barcelona\\\/\",\"name\":\"Festival Internacional de Cine de las Personas Mayores de Barcelona - FLLC\",\"isPartOf\":{\"@id\":\"https:\\\/\\\/llarscompartides.org\\\/es\\\/#website\"},\"primaryImageOfPage\":{\"@id\":\"https:\\\/\\\/llarscompartides.org\\\/es\\\/festival-internacional-de-cine-de-las-personas-mayores-de-barcelona\\\/#primaryimage\"},\"image\":{\"@id\":\"https:\\\/\\\/llarscompartides.org\\\/es\\\/festival-internacional-de-cine-de-las-personas-mayores-de-barcelona\\\/#primaryimage\"},\"thumbnailUrl\":\"https:\\\/\\\/llarscompartides.org\\\/wp-content\\\/uploads\\\/2024\\\/06\\\/Disseny-sense-titol-1-1024x576-1.png\",\"datePublished\":\"2024-06-27T14:54:35+00:00\",\"dateModified\":\"2024-06-27T15:13:55+00:00\",\"breadcrumb\":{\"@id\":\"https:\\\/\\\/llarscompartides.org\\\/es\\\/festival-internacional-de-cine-de-las-personas-mayores-de-barcelona\\\/#breadcrumb\"},\"inLanguage\":\"es\",\"potentialAction\":[{\"@type\":\"ReadAction\",\"target\":[\"https:\\\/\\\/llarscompartides.org\\\/es\\\/festival-internacional-de-cine-de-las-personas-mayores-de-barcelona\\\/\"]}]},{\"@type\":\"ImageObject\",\"inLanguage\":\"es\",\"@id\":\"https:\\\/\\\/llarscompartides.org\\\/es\\\/festival-internacional-de-cine-de-las-personas-mayores-de-barcelona\\\/#primaryimage\",\"url\":\"https:\\\/\\\/llarscompartides.org\\\/wp-content\\\/uploads\\\/2024\\\/06\\\/Disseny-sense-titol-1-1024x576-1.png\",\"contentUrl\":\"https:\\\/\\\/llarscompartides.org\\\/wp-content\\\/uploads\\\/2024\\\/06\\\/Disseny-sense-titol-1-1024x576-1.png\",\"width\":1024,\"height\":576},{\"@type\":\"BreadcrumbList\",\"@id\":\"https:\\\/\\\/llarscompartides.org\\\/es\\\/festival-internacional-de-cine-de-las-personas-mayores-de-barcelona\\\/#breadcrumb\",\"itemListElement\":[{\"@type\":\"ListItem\",\"position\":1,\"name\":\"Home\",\"item\":\"https:\\\/\\\/llarscompartides.org\\\/es\\\/inicio-nueva\\\/\"},{\"@type\":\"ListItem\",\"position\":2,\"name\":\"Festival Internacional de Cine de las Personas Mayores de Barcelona\"}]},{\"@type\":\"WebSite\",\"@id\":\"https:\\\/\\\/llarscompartides.org\\\/es\\\/#website\",\"url\":\"https:\\\/\\\/llarscompartides.org\\\/es\\\/\",\"name\":\"llarscompartides.com\",\"description\":\"Fundaci\u00f3 llars compartides\",\"publisher\":{\"@id\":\"https:\\\/\\\/llarscompartides.org\\\/es\\\/#organization\"},\"potentialAction\":[{\"@type\":\"SearchAction\",\"target\":{\"@type\":\"EntryPoint\",\"urlTemplate\":\"https:\\\/\\\/llarscompartides.org\\\/es\\\/?s={search_term_string}\"},\"query-input\":{\"@type\":\"PropertyValueSpecification\",\"valueRequired\":true,\"valueName\":\"search_term_string\"}}],\"inLanguage\":\"es\"},{\"@type\":\"Organization\",\"@id\":\"https:\\\/\\\/llarscompartides.org\\\/es\\\/#organization\",\"name\":\"Fundaci\u00f3 Llars Compartides\",\"url\":\"https:\\\/\\\/llarscompartides.org\\\/es\\\/\",\"logo\":{\"@type\":\"ImageObject\",\"inLanguage\":\"es\",\"@id\":\"https:\\\/\\\/llarscompartides.org\\\/es\\\/#\\\/schema\\\/logo\\\/image\\\/\",\"url\":\"https:\\\/\\\/llarscompartides.org\\\/wp-content\\\/uploads\\\/2023\\\/06\\\/logo-llars-compartides-001.jpg\",\"contentUrl\":\"https:\\\/\\\/llarscompartides.org\\\/wp-content\\\/uploads\\\/2023\\\/06\\\/logo-llars-compartides-001.jpg\",\"width\":1684,\"height\":1191,\"caption\":\"Fundaci\u00f3 Llars Compartides\"},\"image\":{\"@id\":\"https:\\\/\\\/llarscompartides.org\\\/es\\\/#\\\/schema\\\/logo\\\/image\\\/\"},\"sameAs\":[\"https:\\\/\\\/x.com\\\/LlarsCompartids\",\"https:\\\/\\\/www.linkedin.com\\\/in\\\/fundaci-privada-llars-compartides-930216a6\\\/\"]},{\"@type\":\"Person\",\"@id\":\"https:\\\/\\\/llarscompartides.org\\\/es\\\/#\\\/schema\\\/person\\\/53f7ef669aa691003a8d419d39534274\",\"name\":\"Alicia\",\"url\":\"https:\\\/\\\/llarscompartides.org\\\/es\\\/author\\\/fundacio\\\/\"}]}<\/script>\n<!-- \/ Yoast SEO plugin. -->","yoast_head_json":{"title":"Festival Internacional de Cine de las Personas Mayores de Barcelona - FLLC","robots":{"index":"index","follow":"follow","max-snippet":"max-snippet:-1","max-image-preview":"max-image-preview:large","max-video-preview":"max-video-preview:-1"},"canonical":"https:\/\/llarscompartides.org\/es\/festival-internacional-de-cine-de-las-personas-mayores-de-barcelona\/","og_locale":"es_ES","og_type":"article","og_title":"Festival Internacional de Cine de las Personas Mayores de Barcelona - FLLC","og_description":"La GRAN Pantalla!, el Festival Internacional de Cine de las Personas Mayores de Barcelona, \u200b\u200bvuelve un verano m\u00e1s a los cines Girona como un espacio dedicado al encuentro cinematogr\u00e1fico intergeneracional. Del 2 al 7 de julio se proyectar\u00e1n pel\u00edculas y cortometrajes que abordan nuevas miradas...","og_url":"https:\/\/llarscompartides.org\/es\/festival-internacional-de-cine-de-las-personas-mayores-de-barcelona\/","og_site_name":"FLLC","article_published_time":"2024-06-27T14:54:35+00:00","article_modified_time":"2024-06-27T15:13:55+00:00","og_image":[{"width":1024,"height":576,"url":"https:\/\/llarscompartides.org\/wp-content\/uploads\/2024\/06\/Disseny-sense-titol-1-1024x576-1.png","type":"image\/png"}],"author":"Alicia","twitter_card":"summary_large_image","twitter_creator":"@LlarsCompartids","twitter_site":"@LlarsCompartids","twitter_misc":{"Escrito por":"Alicia"},"schema":{"@context":"https:\/\/schema.org","@graph":[{"@type":"Article","@id":"https:\/\/llarscompartides.org\/es\/festival-internacional-de-cine-de-las-personas-mayores-de-barcelona\/#article","isPartOf":{"@id":"https:\/\/llarscompartides.org\/es\/festival-internacional-de-cine-de-las-personas-mayores-de-barcelona\/"},"author":{"name":"Alicia","@id":"https:\/\/llarscompartides.org\/es\/#\/schema\/person\/53f7ef669aa691003a8d419d39534274"},"headline":"Festival Internacional de Cine de las Personas Mayores de Barcelona","datePublished":"2024-06-27T14:54:35+00:00","dateModified":"2024-06-27T15:13:55+00:00","mainEntityOfPage":{"@id":"https:\/\/llarscompartides.org\/es\/festival-internacional-de-cine-de-las-personas-mayores-de-barcelona\/"},"wordCount":70,"publisher":{"@id":"https:\/\/llarscompartides.org\/es\/#organization"},"image":{"@id":"https:\/\/llarscompartides.org\/es\/festival-internacional-de-cine-de-las-personas-mayores-de-barcelona\/#primaryimage"},"thumbnailUrl":"https:\/\/llarscompartides.org\/wp-content\/uploads\/2024\/06\/Disseny-sense-titol-1-1024x576-1.png","articleSection":["Sin categorizar"],"inLanguage":"es"},{"@type":"WebPage","@id":"https:\/\/llarscompartides.org\/es\/festival-internacional-de-cine-de-las-personas-mayores-de-barcelona\/","url":"https:\/\/llarscompartides.org\/es\/festival-internacional-de-cine-de-las-personas-mayores-de-barcelona\/","name":"Festival Internacional de Cine de las Personas Mayores de Barcelona - FLLC","isPartOf":{"@id":"https:\/\/llarscompartides.org\/es\/#website"},"primaryImageOfPage":{"@id":"https:\/\/llarscompartides.org\/es\/festival-internacional-de-cine-de-las-personas-mayores-de-barcelona\/#primaryimage"},"image":{"@id":"https:\/\/llarscompartides.org\/es\/festival-internacional-de-cine-de-las-personas-mayores-de-barcelona\/#primaryimage"},"thumbnailUrl":"https:\/\/llarscompartides.org\/wp-content\/uploads\/2024\/06\/Disseny-sense-titol-1-1024x576-1.png","datePublished":"2024-06-27T14:54:35+00:00","dateModified":"2024-06-27T15:13:55+00:00","breadcrumb":{"@id":"https:\/\/llarscompartides.org\/es\/festival-internacional-de-cine-de-las-personas-mayores-de-barcelona\/#breadcrumb"},"inLanguage":"es","potentialAction":[{"@type":"ReadAction","target":["https:\/\/llarscompartides.org\/es\/festival-internacional-de-cine-de-las-personas-mayores-de-barcelona\/"]}]},{"@type":"ImageObject","inLanguage":"es","@id":"https:\/\/llarscompartides.org\/es\/festival-internacional-de-cine-de-las-personas-mayores-de-barcelona\/#primaryimage","url":"https:\/\/llarscompartides.org\/wp-content\/uploads\/2024\/06\/Disseny-sense-titol-1-1024x576-1.png","contentUrl":"https:\/\/llarscompartides.org\/wp-content\/uploads\/2024\/06\/Disseny-sense-titol-1-1024x576-1.png","width":1024,"height":576},{"@type":"BreadcrumbList","@id":"https:\/\/llarscompartides.org\/es\/festival-internacional-de-cine-de-las-personas-mayores-de-barcelona\/#breadcrumb","itemListElement":[{"@type":"ListItem","position":1,"name":"Home","item":"https:\/\/llarscompartides.org\/es\/inicio-nueva\/"},{"@type":"ListItem","position":2,"name":"Festival Internacional de Cine de las Personas Mayores de Barcelona"}]},{"@type":"WebSite","@id":"https:\/\/llarscompartides.org\/es\/#website","url":"https:\/\/llarscompartides.org\/es\/","name":"llarscompartides.com","description":"Fundaci\u00f3 llars compartides","publisher":{"@id":"https:\/\/llarscompartides.org\/es\/#organization"},"potentialAction":[{"@type":"SearchAction","target":{"@type":"EntryPoint","urlTemplate":"https:\/\/llarscompartides.org\/es\/?s={search_term_string}"},"query-input":{"@type":"PropertyValueSpecification","valueRequired":true,"valueName":"search_term_string"}}],"inLanguage":"es"},{"@type":"Organization","@id":"https:\/\/llarscompartides.org\/es\/#organization","name":"Fundaci\u00f3 Llars Compartides","url":"https:\/\/llarscompartides.org\/es\/","logo":{"@type":"ImageObject","inLanguage":"es","@id":"https:\/\/llarscompartides.org\/es\/#\/schema\/logo\/image\/","url":"https:\/\/llarscompartides.org\/wp-content\/uploads\/2023\/06\/logo-llars-compartides-001.jpg","contentUrl":"https:\/\/llarscompartides.org\/wp-content\/uploads\/2023\/06\/logo-llars-compartides-001.jpg","width":1684,"height":1191,"caption":"Fundaci\u00f3 Llars Compartides"},"image":{"@id":"https:\/\/llarscompartides.org\/es\/#\/schema\/logo\/image\/"},"sameAs":["https:\/\/x.com\/LlarsCompartids","https:\/\/www.linkedin.com\/in\/fundaci-privada-llars-compartides-930216a6\/"]},{"@type":"Person","@id":"https:\/\/llarscompartides.org\/es\/#\/schema\/person\/53f7ef669aa691003a8d419d39534274","name":"Alicia","url":"https:\/\/llarscompartides.org\/es\/author\/fundacio\/"}]}},"_links":{"self":[{"href":"https:\/\/llarscompartides.org\/es\/wp-json\/wp\/v2\/posts\/2704","targetHints":{"allow":["GET"]}}],"collection":[{"href":"https:\/\/llarscompartides.org\/es\/wp-json\/wp\/v2\/posts"}],"about":[{"href":"https:\/\/llarscompartides.org\/es\/wp-json\/wp\/v2\/types\/post"}],"author":[{"embeddable":true,"href":"https:\/\/llarscompartides.org\/es\/wp-json\/wp\/v2\/users\/4"}],"replies":[{"embeddable":true,"href":"https:\/\/llarscompartides.org\/es\/wp-json\/wp\/v2\/comments?post=2704"}],"version-history":[{"count":1,"href":"https:\/\/llarscompartides.org\/es\/wp-json\/wp\/v2\/posts\/2704\/revisions"}],"predecessor-version":[{"id":2706,"href":"https:\/\/llarscompartides.org\/es\/wp-json\/wp\/v2\/posts\/2704\/revisions\/2706"}],"wp:featuredmedia":[{"embeddable":true,"href":"https:\/\/llarscompartides.org\/es\/wp-json\/wp\/v2\/media\/2702"}],"wp:attachment":[{"href":"https:\/\/llarscompartides.org\/es\/wp-json\/wp\/v2\/media?parent=2704"}],"wp:term":[{"taxonomy":"category","embeddable":true,"href":"https:\/\/llarscompartides.org\/es\/wp-json\/wp\/v2\/categories?post=2704"},{"taxonomy":"post_tag","embeddable":true,"href":"https:\/\/llarscompartides.org\/es\/wp-json\/wp\/v2\/tags?post=2704"}],"curies":[{"name":"wp","href":"https:\/\/api.w.org\/{rel}","templated":true}]}}