{"id":2688,"date":"2024-06-05T19:02:41","date_gmt":"2024-06-05T17:02:41","guid":{"rendered":"https:\/\/llarscompartides.org\/crece-llars-horitzo-con-otros-dos-pisos-para-personas-mayores-en-badalona\/"},"modified":"2024-06-05T19:33:03","modified_gmt":"2024-06-05T17:33:03","slug":"crece-llars-horitzo-con-otros-dos-pisos-para-personas-mayores-en-badalona","status":"publish","type":"post","link":"https:\/\/llarscompartides.org\/es\/crece-llars-horitzo-con-otros-dos-pisos-para-personas-mayores-en-badalona\/","title":{"rendered":"Crece Llars Horitz\u00f3, con otros dos pisos para personas mayores en Badalona"},"content":{"rendered":"<p>En total son ya veinticinco las personas residentes que viven en Llars Horitz\u00f3, un proyecto de cohousing para personas mayores en situaci\u00f3n de vulnerabilidad.<\/p>\n<p>Durante el 2024 se han puesto en marcha dos nuevos pisos en Badalona, \u200b\u200ben el barrio de Coll y Pujol, que ampl\u00edan el proyecto \u201cLlars Horitz\u00f3\u201d para personas mayores. Son dos pisos en los que viven en total ocho personas jubiladas mayores de 60 a\u00f1os con autonom\u00eda f\u00edsica y mental, pero en situaci\u00f3n de vulnerabilidad por la falta de recursos para acceder a una vivienda.<\/p>\n<p>Las ocho personas residentes en los nuevos dos pisos -dos mujeres y dos hombres en cada uno de ellos- , se suman a las diecisiete que viven en el edificio de La Rambla de \u201cLlars Horitz\u00f3, que empez\u00f3 a funcionar en el a\u00f1o 2020 durante la pandemia. Cada persona paga un alquiler asequible, de acuerdo a sus ingresos y nunca por encima del 30% de su pensi\u00f3n. Tienen una habitaci\u00f3n individual, y el comedor y la cocina son espacios compartidos.<\/p>\n<p>Durante el acto de inauguraci\u00f3n de los pisos, se ha puesto de manifiesto por parte de las entidades sociales, el objetivo de poder ampliarlo por representar una alternativa de vivienda social para un envejecimiento digno.<\/p>\n<p>El proyecto \u201cLlars Horitz\u00f3\u201d, donde conviven un total de 25 personas, es posible gracias a la <strong>alianza entre la <\/strong><strong>Fundaci\u00f3 Llegat Roca i Pi, la Fundaci\u00f3 Llars Compartides i C\u00e0ritas Diocesana de Barcelona<\/strong>. Las personas residentes son aut\u00f3nomas en su d\u00eda a d\u00eda y cuentan con el acompa\u00f1amiento de una educadora social del equipo de la Fundaci\u00f3 Llars Compartides, que es la entidad que gestiona el proyecto.<\/p>\n<p>Continua leyendo <a href=\"https:\/\/rocaipi.cat\/creix-llars-horitzo-amb-dos-pisos-mes-per-a-gent-gran-a-badalona\/\"> + <\/a><\/p>\n<p>&nbsp;<\/p>\n","protected":false},"excerpt":{"rendered":"<p>En total son ya veinticinco las personas residentes que viven en Llars Horitz\u00f3, un proyecto de cohousing para personas mayores en situaci\u00f3n de vulnerabilidad. Durante el 2024 se han puesto en marcha dos nuevos pisos en Badalona, \u200b\u200ben el barrio de Coll y Pujol, que&#8230;<\/p>\n","protected":false},"author":4,"featured_media":3347,"comment_status":"closed","ping_status":"closed","sticky":false,"template":"","format":"standard","meta":{"footnotes":""},"categories":[16],"tags":[],"class_list":["post-2688","post","type-post","status-publish","format-standard","has-post-thumbnail","hentry","category-sin-categorizar-es"],"yoast_head":"<!-- This site is optimized with the Yoast SEO plugin v27.5 - https:\/\/yoast.com\/product\/yoast-seo-wordpress\/ -->\n<title>Crece Llars Horitz\u00f3, con otros dos pisos para personas mayores en Badalona - FLLC<\/title>\n<meta name=\"robots\" content=\"index, follow, max-snippet:-1, max-image-preview:large, max-video-preview:-1\" \/>\n<link rel=\"canonical\" href=\"https:\/\/llarscompartides.org\/es\/crece-llars-horitzo-con-otros-dos-pisos-para-personas-mayores-en-badalona\/\" \/>\n<meta property=\"og:locale\" content=\"es_ES\" \/>\n<meta property=\"og:type\" content=\"article\" \/>\n<meta property=\"og:title\" content=\"Crece Llars Horitz\u00f3, con otros dos pisos para personas mayores en Badalona - FLLC\" \/>\n<meta property=\"og:description\" content=\"En total son ya veinticinco las personas residentes que viven en Llars Horitz\u00f3, un proyecto de cohousing para personas mayores en situaci\u00f3n de vulnerabilidad. Durante el 2024 se han puesto en marcha dos nuevos pisos en Badalona, \u200b\u200ben el barrio de Coll y Pujol, que...\" \/>\n<meta property=\"og:url\" content=\"https:\/\/llarscompartides.org\/es\/crece-llars-horitzo-con-otros-dos-pisos-para-personas-mayores-en-badalona\/\" \/>\n<meta property=\"og:site_name\" content=\"FLLC\" \/>\n<meta property=\"article:published_time\" content=\"2024-06-05T17:02:41+00:00\" \/>\n<meta property=\"article:modified_time\" content=\"2024-06-05T17:33:03+00:00\" \/>\n<meta property=\"og:image\" content=\"https:\/\/llarscompartides.org\/wp-content\/uploads\/2024\/06\/1-Residents-pisos-ColliPujol-projecteLlarsHoritzo.jpg\" \/>\n\t<meta property=\"og:image:width\" content=\"1008\" \/>\n\t<meta property=\"og:image:height\" content=\"484\" \/>\n\t<meta property=\"og:image:type\" content=\"image\/jpeg\" \/>\n<meta name=\"author\" content=\"Alicia\" \/>\n<meta name=\"twitter:card\" content=\"summary_large_image\" \/>\n<meta name=\"twitter:creator\" content=\"@LlarsCompartids\" \/>\n<meta name=\"twitter:site\" content=\"@LlarsCompartids\" \/>\n<meta name=\"twitter:label1\" content=\"Escrito por\" \/>\n\t<meta name=\"twitter:data1\" content=\"Alicia\" \/>\n\t<meta name=\"twitter:label2\" content=\"Tiempo de lectura\" \/>\n\t<meta name=\"twitter:data2\" content=\"1 minuto\" \/>\n<script type=\"application\/ld+json\" class=\"yoast-schema-graph\">{\"@context\":\"https:\\\/\\\/schema.org\",\"@graph\":[{\"@type\":\"Article\",\"@id\":\"https:\\\/\\\/llarscompartides.org\\\/es\\\/crece-llars-horitzo-con-otros-dos-pisos-para-personas-mayores-en-badalona\\\/#article\",\"isPartOf\":{\"@id\":\"https:\\\/\\\/llarscompartides.org\\\/es\\\/crece-llars-horitzo-con-otros-dos-pisos-para-personas-mayores-en-badalona\\\/\"},\"author\":{\"name\":\"Alicia\",\"@id\":\"https:\\\/\\\/llarscompartides.org\\\/es\\\/#\\\/schema\\\/person\\\/53f7ef669aa691003a8d419d39534274\"},\"headline\":\"Crece Llars Horitz\u00f3, con otros dos pisos para personas mayores en Badalona\",\"datePublished\":\"2024-06-05T17:02:41+00:00\",\"dateModified\":\"2024-06-05T17:33:03+00:00\",\"mainEntityOfPage\":{\"@id\":\"https:\\\/\\\/llarscompartides.org\\\/es\\\/crece-llars-horitzo-con-otros-dos-pisos-para-personas-mayores-en-badalona\\\/\"},\"wordCount\":295,\"publisher\":{\"@id\":\"https:\\\/\\\/llarscompartides.org\\\/es\\\/#organization\"},\"image\":{\"@id\":\"https:\\\/\\\/llarscompartides.org\\\/es\\\/crece-llars-horitzo-con-otros-dos-pisos-para-personas-mayores-en-badalona\\\/#primaryimage\"},\"thumbnailUrl\":\"https:\\\/\\\/llarscompartides.org\\\/wp-content\\\/uploads\\\/2024\\\/06\\\/780_0008_6309269_107ca8e6cd61cd4d4855e4f4eb364c38-300x168-1.jpg\",\"articleSection\":[\"Sin categorizar\"],\"inLanguage\":\"es\"},{\"@type\":\"WebPage\",\"@id\":\"https:\\\/\\\/llarscompartides.org\\\/es\\\/crece-llars-horitzo-con-otros-dos-pisos-para-personas-mayores-en-badalona\\\/\",\"url\":\"https:\\\/\\\/llarscompartides.org\\\/es\\\/crece-llars-horitzo-con-otros-dos-pisos-para-personas-mayores-en-badalona\\\/\",\"name\":\"Crece Llars Horitz\u00f3, con otros dos pisos para personas mayores en Badalona - FLLC\",\"isPartOf\":{\"@id\":\"https:\\\/\\\/llarscompartides.org\\\/es\\\/#website\"},\"primaryImageOfPage\":{\"@id\":\"https:\\\/\\\/llarscompartides.org\\\/es\\\/crece-llars-horitzo-con-otros-dos-pisos-para-personas-mayores-en-badalona\\\/#primaryimage\"},\"image\":{\"@id\":\"https:\\\/\\\/llarscompartides.org\\\/es\\\/crece-llars-horitzo-con-otros-dos-pisos-para-personas-mayores-en-badalona\\\/#primaryimage\"},\"thumbnailUrl\":\"https:\\\/\\\/llarscompartides.org\\\/wp-content\\\/uploads\\\/2024\\\/06\\\/780_0008_6309269_107ca8e6cd61cd4d4855e4f4eb364c38-300x168-1.jpg\",\"datePublished\":\"2024-06-05T17:02:41+00:00\",\"dateModified\":\"2024-06-05T17:33:03+00:00\",\"breadcrumb\":{\"@id\":\"https:\\\/\\\/llarscompartides.org\\\/es\\\/crece-llars-horitzo-con-otros-dos-pisos-para-personas-mayores-en-badalona\\\/#breadcrumb\"},\"inLanguage\":\"es\",\"potentialAction\":[{\"@type\":\"ReadAction\",\"target\":[\"https:\\\/\\\/llarscompartides.org\\\/es\\\/crece-llars-horitzo-con-otros-dos-pisos-para-personas-mayores-en-badalona\\\/\"]}]},{\"@type\":\"ImageObject\",\"inLanguage\":\"es\",\"@id\":\"https:\\\/\\\/llarscompartides.org\\\/es\\\/crece-llars-horitzo-con-otros-dos-pisos-para-personas-mayores-en-badalona\\\/#primaryimage\",\"url\":\"https:\\\/\\\/llarscompartides.org\\\/wp-content\\\/uploads\\\/2024\\\/06\\\/780_0008_6309269_107ca8e6cd61cd4d4855e4f4eb364c38-300x168-1.jpg\",\"contentUrl\":\"https:\\\/\\\/llarscompartides.org\\\/wp-content\\\/uploads\\\/2024\\\/06\\\/780_0008_6309269_107ca8e6cd61cd4d4855e4f4eb364c38-300x168-1.jpg\",\"width\":300,\"height\":168},{\"@type\":\"BreadcrumbList\",\"@id\":\"https:\\\/\\\/llarscompartides.org\\\/es\\\/crece-llars-horitzo-con-otros-dos-pisos-para-personas-mayores-en-badalona\\\/#breadcrumb\",\"itemListElement\":[{\"@type\":\"ListItem\",\"position\":1,\"name\":\"Home\",\"item\":\"https:\\\/\\\/llarscompartides.org\\\/es\\\/inicio-nueva\\\/\"},{\"@type\":\"ListItem\",\"position\":2,\"name\":\"Crece Llars Horitz\u00f3, con otros dos pisos para personas mayores en Badalona\"}]},{\"@type\":\"WebSite\",\"@id\":\"https:\\\/\\\/llarscompartides.org\\\/es\\\/#website\",\"url\":\"https:\\\/\\\/llarscompartides.org\\\/es\\\/\",\"name\":\"llarscompartides.com\",\"description\":\"Fundaci\u00f3 llars compartides\",\"publisher\":{\"@id\":\"https:\\\/\\\/llarscompartides.org\\\/es\\\/#organization\"},\"potentialAction\":[{\"@type\":\"SearchAction\",\"target\":{\"@type\":\"EntryPoint\",\"urlTemplate\":\"https:\\\/\\\/llarscompartides.org\\\/es\\\/?s={search_term_string}\"},\"query-input\":{\"@type\":\"PropertyValueSpecification\",\"valueRequired\":true,\"valueName\":\"search_term_string\"}}],\"inLanguage\":\"es\"},{\"@type\":\"Organization\",\"@id\":\"https:\\\/\\\/llarscompartides.org\\\/es\\\/#organization\",\"name\":\"Fundaci\u00f3 Llars Compartides\",\"url\":\"https:\\\/\\\/llarscompartides.org\\\/es\\\/\",\"logo\":{\"@type\":\"ImageObject\",\"inLanguage\":\"es\",\"@id\":\"https:\\\/\\\/llarscompartides.org\\\/es\\\/#\\\/schema\\\/logo\\\/image\\\/\",\"url\":\"https:\\\/\\\/llarscompartides.org\\\/wp-content\\\/uploads\\\/2023\\\/06\\\/logo-llars-compartides-001.jpg\",\"contentUrl\":\"https:\\\/\\\/llarscompartides.org\\\/wp-content\\\/uploads\\\/2023\\\/06\\\/logo-llars-compartides-001.jpg\",\"width\":1684,\"height\":1191,\"caption\":\"Fundaci\u00f3 Llars Compartides\"},\"image\":{\"@id\":\"https:\\\/\\\/llarscompartides.org\\\/es\\\/#\\\/schema\\\/logo\\\/image\\\/\"},\"sameAs\":[\"https:\\\/\\\/x.com\\\/LlarsCompartids\",\"https:\\\/\\\/www.linkedin.com\\\/in\\\/fundaci-privada-llars-compartides-930216a6\\\/\"]},{\"@type\":\"Person\",\"@id\":\"https:\\\/\\\/llarscompartides.org\\\/es\\\/#\\\/schema\\\/person\\\/53f7ef669aa691003a8d419d39534274\",\"name\":\"Alicia\",\"url\":\"https:\\\/\\\/llarscompartides.org\\\/es\\\/author\\\/fundacio\\\/\"}]}<\/script>\n<!-- \/ Yoast SEO plugin. -->","yoast_head_json":{"title":"Crece Llars Horitz\u00f3, con otros dos pisos para personas mayores en Badalona - FLLC","robots":{"index":"index","follow":"follow","max-snippet":"max-snippet:-1","max-image-preview":"max-image-preview:large","max-video-preview":"max-video-preview:-1"},"canonical":"https:\/\/llarscompartides.org\/es\/crece-llars-horitzo-con-otros-dos-pisos-para-personas-mayores-en-badalona\/","og_locale":"es_ES","og_type":"article","og_title":"Crece Llars Horitz\u00f3, con otros dos pisos para personas mayores en Badalona - FLLC","og_description":"En total son ya veinticinco las personas residentes que viven en Llars Horitz\u00f3, un proyecto de cohousing para personas mayores en situaci\u00f3n de vulnerabilidad. Durante el 2024 se han puesto en marcha dos nuevos pisos en Badalona, \u200b\u200ben el barrio de Coll y Pujol, que...","og_url":"https:\/\/llarscompartides.org\/es\/crece-llars-horitzo-con-otros-dos-pisos-para-personas-mayores-en-badalona\/","og_site_name":"FLLC","article_published_time":"2024-06-05T17:02:41+00:00","article_modified_time":"2024-06-05T17:33:03+00:00","og_image":[{"width":1008,"height":484,"url":"https:\/\/llarscompartides.org\/wp-content\/uploads\/2024\/06\/1-Residents-pisos-ColliPujol-projecteLlarsHoritzo.jpg","type":"image\/jpeg"}],"author":"Alicia","twitter_card":"summary_large_image","twitter_creator":"@LlarsCompartids","twitter_site":"@LlarsCompartids","twitter_misc":{"Escrito por":"Alicia","Tiempo de lectura":"1 minuto"},"schema":{"@context":"https:\/\/schema.org","@graph":[{"@type":"Article","@id":"https:\/\/llarscompartides.org\/es\/crece-llars-horitzo-con-otros-dos-pisos-para-personas-mayores-en-badalona\/#article","isPartOf":{"@id":"https:\/\/llarscompartides.org\/es\/crece-llars-horitzo-con-otros-dos-pisos-para-personas-mayores-en-badalona\/"},"author":{"name":"Alicia","@id":"https:\/\/llarscompartides.org\/es\/#\/schema\/person\/53f7ef669aa691003a8d419d39534274"},"headline":"Crece Llars Horitz\u00f3, con otros dos pisos para personas mayores en Badalona","datePublished":"2024-06-05T17:02:41+00:00","dateModified":"2024-06-05T17:33:03+00:00","mainEntityOfPage":{"@id":"https:\/\/llarscompartides.org\/es\/crece-llars-horitzo-con-otros-dos-pisos-para-personas-mayores-en-badalona\/"},"wordCount":295,"publisher":{"@id":"https:\/\/llarscompartides.org\/es\/#organization"},"image":{"@id":"https:\/\/llarscompartides.org\/es\/crece-llars-horitzo-con-otros-dos-pisos-para-personas-mayores-en-badalona\/#primaryimage"},"thumbnailUrl":"https:\/\/llarscompartides.org\/wp-content\/uploads\/2024\/06\/780_0008_6309269_107ca8e6cd61cd4d4855e4f4eb364c38-300x168-1.jpg","articleSection":["Sin categorizar"],"inLanguage":"es"},{"@type":"WebPage","@id":"https:\/\/llarscompartides.org\/es\/crece-llars-horitzo-con-otros-dos-pisos-para-personas-mayores-en-badalona\/","url":"https:\/\/llarscompartides.org\/es\/crece-llars-horitzo-con-otros-dos-pisos-para-personas-mayores-en-badalona\/","name":"Crece Llars Horitz\u00f3, con otros dos pisos para personas mayores en Badalona - FLLC","isPartOf":{"@id":"https:\/\/llarscompartides.org\/es\/#website"},"primaryImageOfPage":{"@id":"https:\/\/llarscompartides.org\/es\/crece-llars-horitzo-con-otros-dos-pisos-para-personas-mayores-en-badalona\/#primaryimage"},"image":{"@id":"https:\/\/llarscompartides.org\/es\/crece-llars-horitzo-con-otros-dos-pisos-para-personas-mayores-en-badalona\/#primaryimage"},"thumbnailUrl":"https:\/\/llarscompartides.org\/wp-content\/uploads\/2024\/06\/780_0008_6309269_107ca8e6cd61cd4d4855e4f4eb364c38-300x168-1.jpg","datePublished":"2024-06-05T17:02:41+00:00","dateModified":"2024-06-05T17:33:03+00:00","breadcrumb":{"@id":"https:\/\/llarscompartides.org\/es\/crece-llars-horitzo-con-otros-dos-pisos-para-personas-mayores-en-badalona\/#breadcrumb"},"inLanguage":"es","potentialAction":[{"@type":"ReadAction","target":["https:\/\/llarscompartides.org\/es\/crece-llars-horitzo-con-otros-dos-pisos-para-personas-mayores-en-badalona\/"]}]},{"@type":"ImageObject","inLanguage":"es","@id":"https:\/\/llarscompartides.org\/es\/crece-llars-horitzo-con-otros-dos-pisos-para-personas-mayores-en-badalona\/#primaryimage","url":"https:\/\/llarscompartides.org\/wp-content\/uploads\/2024\/06\/780_0008_6309269_107ca8e6cd61cd4d4855e4f4eb364c38-300x168-1.jpg","contentUrl":"https:\/\/llarscompartides.org\/wp-content\/uploads\/2024\/06\/780_0008_6309269_107ca8e6cd61cd4d4855e4f4eb364c38-300x168-1.jpg","width":300,"height":168},{"@type":"BreadcrumbList","@id":"https:\/\/llarscompartides.org\/es\/crece-llars-horitzo-con-otros-dos-pisos-para-personas-mayores-en-badalona\/#breadcrumb","itemListElement":[{"@type":"ListItem","position":1,"name":"Home","item":"https:\/\/llarscompartides.org\/es\/inicio-nueva\/"},{"@type":"ListItem","position":2,"name":"Crece Llars Horitz\u00f3, con otros dos pisos para personas mayores en Badalona"}]},{"@type":"WebSite","@id":"https:\/\/llarscompartides.org\/es\/#website","url":"https:\/\/llarscompartides.org\/es\/","name":"llarscompartides.com","description":"Fundaci\u00f3 llars compartides","publisher":{"@id":"https:\/\/llarscompartides.org\/es\/#organization"},"potentialAction":[{"@type":"SearchAction","target":{"@type":"EntryPoint","urlTemplate":"https:\/\/llarscompartides.org\/es\/?s={search_term_string}"},"query-input":{"@type":"PropertyValueSpecification","valueRequired":true,"valueName":"search_term_string"}}],"inLanguage":"es"},{"@type":"Organization","@id":"https:\/\/llarscompartides.org\/es\/#organization","name":"Fundaci\u00f3 Llars Compartides","url":"https:\/\/llarscompartides.org\/es\/","logo":{"@type":"ImageObject","inLanguage":"es","@id":"https:\/\/llarscompartides.org\/es\/#\/schema\/logo\/image\/","url":"https:\/\/llarscompartides.org\/wp-content\/uploads\/2023\/06\/logo-llars-compartides-001.jpg","contentUrl":"https:\/\/llarscompartides.org\/wp-content\/uploads\/2023\/06\/logo-llars-compartides-001.jpg","width":1684,"height":1191,"caption":"Fundaci\u00f3 Llars Compartides"},"image":{"@id":"https:\/\/llarscompartides.org\/es\/#\/schema\/logo\/image\/"},"sameAs":["https:\/\/x.com\/LlarsCompartids","https:\/\/www.linkedin.com\/in\/fundaci-privada-llars-compartides-930216a6\/"]},{"@type":"Person","@id":"https:\/\/llarscompartides.org\/es\/#\/schema\/person\/53f7ef669aa691003a8d419d39534274","name":"Alicia","url":"https:\/\/llarscompartides.org\/es\/author\/fundacio\/"}]}},"_links":{"self":[{"href":"https:\/\/llarscompartides.org\/es\/wp-json\/wp\/v2\/posts\/2688","targetHints":{"allow":["GET"]}}],"collection":[{"href":"https:\/\/llarscompartides.org\/es\/wp-json\/wp\/v2\/posts"}],"about":[{"href":"https:\/\/llarscompartides.org\/es\/wp-json\/wp\/v2\/types\/post"}],"author":[{"embeddable":true,"href":"https:\/\/llarscompartides.org\/es\/wp-json\/wp\/v2\/users\/4"}],"replies":[{"embeddable":true,"href":"https:\/\/llarscompartides.org\/es\/wp-json\/wp\/v2\/comments?post=2688"}],"version-history":[{"count":1,"href":"https:\/\/llarscompartides.org\/es\/wp-json\/wp\/v2\/posts\/2688\/revisions"}],"predecessor-version":[{"id":2689,"href":"https:\/\/llarscompartides.org\/es\/wp-json\/wp\/v2\/posts\/2688\/revisions\/2689"}],"wp:featuredmedia":[{"embeddable":true,"href":"https:\/\/llarscompartides.org\/es\/wp-json\/wp\/v2\/media\/3347"}],"wp:attachment":[{"href":"https:\/\/llarscompartides.org\/es\/wp-json\/wp\/v2\/media?parent=2688"}],"wp:term":[{"taxonomy":"category","embeddable":true,"href":"https:\/\/llarscompartides.org\/es\/wp-json\/wp\/v2\/categories?post=2688"},{"taxonomy":"post_tag","embeddable":true,"href":"https:\/\/llarscompartides.org\/es\/wp-json\/wp\/v2\/tags?post=2688"}],"curies":[{"name":"wp","href":"https:\/\/api.w.org\/{rel}","templated":true}]}}