{"id":2680,"date":"2024-05-30T17:37:50","date_gmt":"2024-05-30T15:37:50","guid":{"rendered":"https:\/\/llarscompartides.org\/nos-hemos-adherido-al-manifiesto-con-motivo-del-dia-mundial-de-la-toma-de-conciencia-sobre-el-abuso-y-el-maltrato-a-las-personas-mayores-15-de-junio\/"},"modified":"2024-08-27T11:50:02","modified_gmt":"2024-08-27T09:50:02","slug":"nos-hemos-adherido-al-manifiesto-con-motivo-del-dia-mundial-de-la-toma-de-conciencia-sobre-el-abuso-y-el-maltrato-a-las-personas-mayores-15-de-junio","status":"publish","type":"post","link":"https:\/\/llarscompartides.org\/es\/nos-hemos-adherido-al-manifiesto-con-motivo-del-dia-mundial-de-la-toma-de-conciencia-sobre-el-abuso-y-el-maltrato-a-las-personas-mayores-15-de-junio\/","title":{"rendered":"Nos hemos adherido al Manifiesto con motivo del D\u00eda Mundial de la Toma de Conciencia sobre el Abuso y el Maltrato a las personas mayores, 15 de junio"},"content":{"rendered":"<p style=\"font-weight: 400;\">Con motivo de la conmemoraci\u00f3n de este d\u00eda internacional, la Generalitat de Catalu\u00f1a pone en marcha una serie de acciones con la voluntad de dar a conocer a la poblaci\u00f3n, este tipo de situaciones de abuso y maltrato de las personas mayores y para reivindicar el derecho de estas personas.<\/p>\n<p style=\"font-weight: 400;\">En este sentido, compartimos dos acciones:<\/p>\n<p style=\"font-weight: 400;\">&#8211; El Consejo de las Personas Mayores de Catalu\u00f1a, ha elaborado un <a href=\"https:\/\/forms.office.com\/e\/F4qeNWHGd1?origin=lprLink\" data-saferedirecturl=\"https:\/\/www.google.com\/url?q=https:\/\/forms.office.com\/e\/F4qeNWHGd1?origin%3DlprLink&amp;source=gmail&amp;ust=1717167376146000&amp;usg=AOvVaw15eMNrZFdJ2XzkoGbd1zzU\"><strong>Manifiesto<\/strong><\/a>, al cual os pod\u00e9is adherir a trav\u00e9s de un <a href=\"https:\/\/forms.office.com\/e\/F4qeNWHGd1?origin=lprLink\" data-saferedirecturl=\"https:\/\/www.google.com\/url?q=https:\/\/forms.office.com\/e\/F4qeNWHGd1?origin%3DlprLink&amp;source=gmail&amp;ust=1717167376146000&amp;usg=AOvVaw15eMNrZFdJ2XzkoGbd1zzU\"><strong>formulario online.<\/strong><\/a><\/p>\n<p class=\"m_7171504768239060804MsoListParagraph\">de las Personas Mayores, organiza un acto de conmemoraci\u00f3n el pr\u00f3ximo 14 de junio de 2024 en el Palau Robert de Barcelona, en el cual se leer\u00e1 el Manifesto y donde se presentar\u00e1 la campa\u00f1a #vidaplenaambdrets.<u><\/u> A trav\u00e9s de <a href=\"https:\/\/forms.office.com\/e\/dMTy98CsJc?origin=lprLink\" target=\"_blank\" rel=\"noopener\" data-saferedirecturl=\"https:\/\/www.google.com\/url?q=https:\/\/forms.office.com\/e\/dMTy98CsJc?origin%3DlprLink&amp;source=gmail&amp;ust=1717167376146000&amp;usg=AOvVaw1DAI7pcnwL8SNpD2UFqVGL\"><b>este formulario<\/b> <\/a>os pod\u00e9is inscribir y asistir al acto<b>.<\/b><u><\/u><u><\/u><\/p>\n<p>La vida transcurre por diversas etapas: infancia, juventud, edad adulta y vejez. Todo el mundo que complete el ciclo vital, ser\u00e1 mayor alg\u00fan d\u00eda. Una sociedad justa y cohesionada debe ser solidaria, y garantizar a todo el mundo el apoyo necesario para superar los momentos de vulnerabilidad en cualquier etapa de la vida, tambi\u00e9n en la vejez.<\/p>\n<p>El maltrato a las personas mayor es una violaci\u00f3n de los derechos humanos, que a menudo pasa desapercibida y se silencia. Por esta raz\u00f3n, hacemos un llamamiento a la sociedad y a las instituciones para que act\u00faen y pongan fin a esta lacra.<\/p>\n<p>El maltrato a las personas mayores se manifiesta de formas diferentes, desde la violencia f\u00edsica y emocional, hasta la negligencia y la explotaci\u00f3n financiera. Las mujeres mayores son las que m\u00e1s reciben este tipo de maltrato, por ser mujeres y mayores.<\/p>\n<p>&nbsp;<\/p>\n","protected":false},"excerpt":{"rendered":"<p>Con motivo de la conmemoraci\u00f3n de este d\u00eda internacional, la Generalitat de Catalu\u00f1a pone en marcha una serie de acciones con la voluntad de dar a conocer a la poblaci\u00f3n, este tipo de situaciones de abuso y maltrato de las personas mayores y para reivindicar&#8230;<\/p>\n","protected":false},"author":4,"featured_media":2678,"comment_status":"closed","ping_status":"closed","sticky":false,"template":"","format":"standard","meta":{"footnotes":""},"categories":[16],"tags":[],"class_list":["post-2680","post","type-post","status-publish","format-standard","has-post-thumbnail","hentry","category-sin-categorizar-es"],"yoast_head":"<!-- This site is optimized with the Yoast SEO plugin v27.5 - https:\/\/yoast.com\/product\/yoast-seo-wordpress\/ -->\n<title>Nos hemos adherido al Manifiesto con motivo del D\u00eda Mundial de la Toma de Conciencia sobre el Abuso y el Maltrato a las personas mayores, 15 de junio - FLLC<\/title>\n<meta name=\"robots\" content=\"index, follow, max-snippet:-1, max-image-preview:large, max-video-preview:-1\" \/>\n<link rel=\"canonical\" href=\"https:\/\/llarscompartides.org\/es\/nos-hemos-adherido-al-manifiesto-con-motivo-del-dia-mundial-de-la-toma-de-conciencia-sobre-el-abuso-y-el-maltrato-a-las-personas-mayores-15-de-junio\/\" \/>\n<meta property=\"og:locale\" content=\"es_ES\" \/>\n<meta property=\"og:type\" content=\"article\" \/>\n<meta property=\"og:title\" content=\"Nos hemos adherido al Manifiesto con motivo del D\u00eda Mundial de la Toma de Conciencia sobre el Abuso y el Maltrato a las personas mayores, 15 de junio - FLLC\" \/>\n<meta property=\"og:description\" content=\"Con motivo de la conmemoraci\u00f3n de este d\u00eda internacional, la Generalitat de Catalu\u00f1a pone en marcha una serie de acciones con la voluntad de dar a conocer a la poblaci\u00f3n, este tipo de situaciones de abuso y maltrato de las personas mayores y para reivindicar...\" \/>\n<meta property=\"og:url\" content=\"https:\/\/llarscompartides.org\/es\/nos-hemos-adherido-al-manifiesto-con-motivo-del-dia-mundial-de-la-toma-de-conciencia-sobre-el-abuso-y-el-maltrato-a-las-personas-mayores-15-de-junio\/\" \/>\n<meta property=\"og:site_name\" content=\"FLLC\" \/>\n<meta property=\"article:published_time\" content=\"2024-05-30T15:37:50+00:00\" \/>\n<meta property=\"article:modified_time\" content=\"2024-08-27T09:50:02+00:00\" \/>\n<meta property=\"og:image\" content=\"https:\/\/llarscompartides.org\/wp-content\/uploads\/2024\/05\/descarga-1.png\" \/>\n\t<meta property=\"og:image:width\" content=\"275\" \/>\n\t<meta property=\"og:image:height\" content=\"183\" \/>\n\t<meta property=\"og:image:type\" content=\"image\/png\" \/>\n<meta name=\"author\" content=\"Alicia\" \/>\n<meta name=\"twitter:card\" content=\"summary_large_image\" \/>\n<meta name=\"twitter:creator\" content=\"@LlarsCompartids\" \/>\n<meta name=\"twitter:site\" content=\"@LlarsCompartids\" \/>\n<meta name=\"twitter:label1\" content=\"Escrito por\" \/>\n\t<meta name=\"twitter:data1\" content=\"Alicia\" \/>\n\t<meta name=\"twitter:label2\" content=\"Tiempo de lectura\" \/>\n\t<meta name=\"twitter:data2\" content=\"1 minuto\" \/>\n<script type=\"application\/ld+json\" class=\"yoast-schema-graph\">{\"@context\":\"https:\\\/\\\/schema.org\",\"@graph\":[{\"@type\":\"Article\",\"@id\":\"https:\\\/\\\/llarscompartides.org\\\/es\\\/nos-hemos-adherido-al-manifiesto-con-motivo-del-dia-mundial-de-la-toma-de-conciencia-sobre-el-abuso-y-el-maltrato-a-las-personas-mayores-15-de-junio\\\/#article\",\"isPartOf\":{\"@id\":\"https:\\\/\\\/llarscompartides.org\\\/es\\\/nos-hemos-adherido-al-manifiesto-con-motivo-del-dia-mundial-de-la-toma-de-conciencia-sobre-el-abuso-y-el-maltrato-a-las-personas-mayores-15-de-junio\\\/\"},\"author\":{\"name\":\"Alicia\",\"@id\":\"https:\\\/\\\/llarscompartides.org\\\/es\\\/#\\\/schema\\\/person\\\/53f7ef669aa691003a8d419d39534274\"},\"headline\":\"Nos hemos adherido al Manifiesto con motivo del D\u00eda Mundial de la Toma de Conciencia sobre el Abuso y el Maltrato a las personas mayores, 15 de junio\",\"datePublished\":\"2024-05-30T15:37:50+00:00\",\"dateModified\":\"2024-08-27T09:50:02+00:00\",\"mainEntityOfPage\":{\"@id\":\"https:\\\/\\\/llarscompartides.org\\\/es\\\/nos-hemos-adherido-al-manifiesto-con-motivo-del-dia-mundial-de-la-toma-de-conciencia-sobre-el-abuso-y-el-maltrato-a-las-personas-mayores-15-de-junio\\\/\"},\"wordCount\":317,\"publisher\":{\"@id\":\"https:\\\/\\\/llarscompartides.org\\\/es\\\/#organization\"},\"image\":{\"@id\":\"https:\\\/\\\/llarscompartides.org\\\/es\\\/nos-hemos-adherido-al-manifiesto-con-motivo-del-dia-mundial-de-la-toma-de-conciencia-sobre-el-abuso-y-el-maltrato-a-las-personas-mayores-15-de-junio\\\/#primaryimage\"},\"thumbnailUrl\":\"https:\\\/\\\/llarscompartides.org\\\/wp-content\\\/uploads\\\/2024\\\/05\\\/descarga-1.png\",\"articleSection\":[\"Sin categorizar\"],\"inLanguage\":\"es\"},{\"@type\":\"WebPage\",\"@id\":\"https:\\\/\\\/llarscompartides.org\\\/es\\\/nos-hemos-adherido-al-manifiesto-con-motivo-del-dia-mundial-de-la-toma-de-conciencia-sobre-el-abuso-y-el-maltrato-a-las-personas-mayores-15-de-junio\\\/\",\"url\":\"https:\\\/\\\/llarscompartides.org\\\/es\\\/nos-hemos-adherido-al-manifiesto-con-motivo-del-dia-mundial-de-la-toma-de-conciencia-sobre-el-abuso-y-el-maltrato-a-las-personas-mayores-15-de-junio\\\/\",\"name\":\"Nos hemos adherido al Manifiesto con motivo del D\u00eda Mundial de la Toma de Conciencia sobre el Abuso y el Maltrato a las personas mayores, 15 de junio - FLLC\",\"isPartOf\":{\"@id\":\"https:\\\/\\\/llarscompartides.org\\\/es\\\/#website\"},\"primaryImageOfPage\":{\"@id\":\"https:\\\/\\\/llarscompartides.org\\\/es\\\/nos-hemos-adherido-al-manifiesto-con-motivo-del-dia-mundial-de-la-toma-de-conciencia-sobre-el-abuso-y-el-maltrato-a-las-personas-mayores-15-de-junio\\\/#primaryimage\"},\"image\":{\"@id\":\"https:\\\/\\\/llarscompartides.org\\\/es\\\/nos-hemos-adherido-al-manifiesto-con-motivo-del-dia-mundial-de-la-toma-de-conciencia-sobre-el-abuso-y-el-maltrato-a-las-personas-mayores-15-de-junio\\\/#primaryimage\"},\"thumbnailUrl\":\"https:\\\/\\\/llarscompartides.org\\\/wp-content\\\/uploads\\\/2024\\\/05\\\/descarga-1.png\",\"datePublished\":\"2024-05-30T15:37:50+00:00\",\"dateModified\":\"2024-08-27T09:50:02+00:00\",\"breadcrumb\":{\"@id\":\"https:\\\/\\\/llarscompartides.org\\\/es\\\/nos-hemos-adherido-al-manifiesto-con-motivo-del-dia-mundial-de-la-toma-de-conciencia-sobre-el-abuso-y-el-maltrato-a-las-personas-mayores-15-de-junio\\\/#breadcrumb\"},\"inLanguage\":\"es\",\"potentialAction\":[{\"@type\":\"ReadAction\",\"target\":[\"https:\\\/\\\/llarscompartides.org\\\/es\\\/nos-hemos-adherido-al-manifiesto-con-motivo-del-dia-mundial-de-la-toma-de-conciencia-sobre-el-abuso-y-el-maltrato-a-las-personas-mayores-15-de-junio\\\/\"]}]},{\"@type\":\"ImageObject\",\"inLanguage\":\"es\",\"@id\":\"https:\\\/\\\/llarscompartides.org\\\/es\\\/nos-hemos-adherido-al-manifiesto-con-motivo-del-dia-mundial-de-la-toma-de-conciencia-sobre-el-abuso-y-el-maltrato-a-las-personas-mayores-15-de-junio\\\/#primaryimage\",\"url\":\"https:\\\/\\\/llarscompartides.org\\\/wp-content\\\/uploads\\\/2024\\\/05\\\/descarga-1.png\",\"contentUrl\":\"https:\\\/\\\/llarscompartides.org\\\/wp-content\\\/uploads\\\/2024\\\/05\\\/descarga-1.png\",\"width\":275,\"height\":183},{\"@type\":\"BreadcrumbList\",\"@id\":\"https:\\\/\\\/llarscompartides.org\\\/es\\\/nos-hemos-adherido-al-manifiesto-con-motivo-del-dia-mundial-de-la-toma-de-conciencia-sobre-el-abuso-y-el-maltrato-a-las-personas-mayores-15-de-junio\\\/#breadcrumb\",\"itemListElement\":[{\"@type\":\"ListItem\",\"position\":1,\"name\":\"Home\",\"item\":\"https:\\\/\\\/llarscompartides.org\\\/es\\\/inicio-nueva\\\/\"},{\"@type\":\"ListItem\",\"position\":2,\"name\":\"Nos hemos adherido al Manifiesto con motivo del D\u00eda Mundial de la Toma de Conciencia sobre el Abuso y el Maltrato a las personas mayores, 15 de junio\"}]},{\"@type\":\"WebSite\",\"@id\":\"https:\\\/\\\/llarscompartides.org\\\/es\\\/#website\",\"url\":\"https:\\\/\\\/llarscompartides.org\\\/es\\\/\",\"name\":\"llarscompartides.com\",\"description\":\"Fundaci\u00f3 llars compartides\",\"publisher\":{\"@id\":\"https:\\\/\\\/llarscompartides.org\\\/es\\\/#organization\"},\"potentialAction\":[{\"@type\":\"SearchAction\",\"target\":{\"@type\":\"EntryPoint\",\"urlTemplate\":\"https:\\\/\\\/llarscompartides.org\\\/es\\\/?s={search_term_string}\"},\"query-input\":{\"@type\":\"PropertyValueSpecification\",\"valueRequired\":true,\"valueName\":\"search_term_string\"}}],\"inLanguage\":\"es\"},{\"@type\":\"Organization\",\"@id\":\"https:\\\/\\\/llarscompartides.org\\\/es\\\/#organization\",\"name\":\"Fundaci\u00f3 Llars Compartides\",\"url\":\"https:\\\/\\\/llarscompartides.org\\\/es\\\/\",\"logo\":{\"@type\":\"ImageObject\",\"inLanguage\":\"es\",\"@id\":\"https:\\\/\\\/llarscompartides.org\\\/es\\\/#\\\/schema\\\/logo\\\/image\\\/\",\"url\":\"https:\\\/\\\/llarscompartides.org\\\/wp-content\\\/uploads\\\/2023\\\/06\\\/logo-llars-compartides-001.jpg\",\"contentUrl\":\"https:\\\/\\\/llarscompartides.org\\\/wp-content\\\/uploads\\\/2023\\\/06\\\/logo-llars-compartides-001.jpg\",\"width\":1684,\"height\":1191,\"caption\":\"Fundaci\u00f3 Llars Compartides\"},\"image\":{\"@id\":\"https:\\\/\\\/llarscompartides.org\\\/es\\\/#\\\/schema\\\/logo\\\/image\\\/\"},\"sameAs\":[\"https:\\\/\\\/x.com\\\/LlarsCompartids\",\"https:\\\/\\\/www.linkedin.com\\\/in\\\/fundaci-privada-llars-compartides-930216a6\\\/\"]},{\"@type\":\"Person\",\"@id\":\"https:\\\/\\\/llarscompartides.org\\\/es\\\/#\\\/schema\\\/person\\\/53f7ef669aa691003a8d419d39534274\",\"name\":\"Alicia\",\"url\":\"https:\\\/\\\/llarscompartides.org\\\/es\\\/author\\\/fundacio\\\/\"}]}<\/script>\n<!-- \/ Yoast SEO plugin. -->","yoast_head_json":{"title":"Nos hemos adherido al Manifiesto con motivo del D\u00eda Mundial de la Toma de Conciencia sobre el Abuso y el Maltrato a las personas mayores, 15 de junio - FLLC","robots":{"index":"index","follow":"follow","max-snippet":"max-snippet:-1","max-image-preview":"max-image-preview:large","max-video-preview":"max-video-preview:-1"},"canonical":"https:\/\/llarscompartides.org\/es\/nos-hemos-adherido-al-manifiesto-con-motivo-del-dia-mundial-de-la-toma-de-conciencia-sobre-el-abuso-y-el-maltrato-a-las-personas-mayores-15-de-junio\/","og_locale":"es_ES","og_type":"article","og_title":"Nos hemos adherido al Manifiesto con motivo del D\u00eda Mundial de la Toma de Conciencia sobre el Abuso y el Maltrato a las personas mayores, 15 de junio - FLLC","og_description":"Con motivo de la conmemoraci\u00f3n de este d\u00eda internacional, la Generalitat de Catalu\u00f1a pone en marcha una serie de acciones con la voluntad de dar a conocer a la poblaci\u00f3n, este tipo de situaciones de abuso y maltrato de las personas mayores y para reivindicar...","og_url":"https:\/\/llarscompartides.org\/es\/nos-hemos-adherido-al-manifiesto-con-motivo-del-dia-mundial-de-la-toma-de-conciencia-sobre-el-abuso-y-el-maltrato-a-las-personas-mayores-15-de-junio\/","og_site_name":"FLLC","article_published_time":"2024-05-30T15:37:50+00:00","article_modified_time":"2024-08-27T09:50:02+00:00","og_image":[{"width":275,"height":183,"url":"https:\/\/llarscompartides.org\/wp-content\/uploads\/2024\/05\/descarga-1.png","type":"image\/png"}],"author":"Alicia","twitter_card":"summary_large_image","twitter_creator":"@LlarsCompartids","twitter_site":"@LlarsCompartids","twitter_misc":{"Escrito por":"Alicia","Tiempo de lectura":"1 minuto"},"schema":{"@context":"https:\/\/schema.org","@graph":[{"@type":"Article","@id":"https:\/\/llarscompartides.org\/es\/nos-hemos-adherido-al-manifiesto-con-motivo-del-dia-mundial-de-la-toma-de-conciencia-sobre-el-abuso-y-el-maltrato-a-las-personas-mayores-15-de-junio\/#article","isPartOf":{"@id":"https:\/\/llarscompartides.org\/es\/nos-hemos-adherido-al-manifiesto-con-motivo-del-dia-mundial-de-la-toma-de-conciencia-sobre-el-abuso-y-el-maltrato-a-las-personas-mayores-15-de-junio\/"},"author":{"name":"Alicia","@id":"https:\/\/llarscompartides.org\/es\/#\/schema\/person\/53f7ef669aa691003a8d419d39534274"},"headline":"Nos hemos adherido al Manifiesto con motivo del D\u00eda Mundial de la Toma de Conciencia sobre el Abuso y el Maltrato a las personas mayores, 15 de junio","datePublished":"2024-05-30T15:37:50+00:00","dateModified":"2024-08-27T09:50:02+00:00","mainEntityOfPage":{"@id":"https:\/\/llarscompartides.org\/es\/nos-hemos-adherido-al-manifiesto-con-motivo-del-dia-mundial-de-la-toma-de-conciencia-sobre-el-abuso-y-el-maltrato-a-las-personas-mayores-15-de-junio\/"},"wordCount":317,"publisher":{"@id":"https:\/\/llarscompartides.org\/es\/#organization"},"image":{"@id":"https:\/\/llarscompartides.org\/es\/nos-hemos-adherido-al-manifiesto-con-motivo-del-dia-mundial-de-la-toma-de-conciencia-sobre-el-abuso-y-el-maltrato-a-las-personas-mayores-15-de-junio\/#primaryimage"},"thumbnailUrl":"https:\/\/llarscompartides.org\/wp-content\/uploads\/2024\/05\/descarga-1.png","articleSection":["Sin categorizar"],"inLanguage":"es"},{"@type":"WebPage","@id":"https:\/\/llarscompartides.org\/es\/nos-hemos-adherido-al-manifiesto-con-motivo-del-dia-mundial-de-la-toma-de-conciencia-sobre-el-abuso-y-el-maltrato-a-las-personas-mayores-15-de-junio\/","url":"https:\/\/llarscompartides.org\/es\/nos-hemos-adherido-al-manifiesto-con-motivo-del-dia-mundial-de-la-toma-de-conciencia-sobre-el-abuso-y-el-maltrato-a-las-personas-mayores-15-de-junio\/","name":"Nos hemos adherido al Manifiesto con motivo del D\u00eda Mundial de la Toma de Conciencia sobre el Abuso y el Maltrato a las personas mayores, 15 de junio - FLLC","isPartOf":{"@id":"https:\/\/llarscompartides.org\/es\/#website"},"primaryImageOfPage":{"@id":"https:\/\/llarscompartides.org\/es\/nos-hemos-adherido-al-manifiesto-con-motivo-del-dia-mundial-de-la-toma-de-conciencia-sobre-el-abuso-y-el-maltrato-a-las-personas-mayores-15-de-junio\/#primaryimage"},"image":{"@id":"https:\/\/llarscompartides.org\/es\/nos-hemos-adherido-al-manifiesto-con-motivo-del-dia-mundial-de-la-toma-de-conciencia-sobre-el-abuso-y-el-maltrato-a-las-personas-mayores-15-de-junio\/#primaryimage"},"thumbnailUrl":"https:\/\/llarscompartides.org\/wp-content\/uploads\/2024\/05\/descarga-1.png","datePublished":"2024-05-30T15:37:50+00:00","dateModified":"2024-08-27T09:50:02+00:00","breadcrumb":{"@id":"https:\/\/llarscompartides.org\/es\/nos-hemos-adherido-al-manifiesto-con-motivo-del-dia-mundial-de-la-toma-de-conciencia-sobre-el-abuso-y-el-maltrato-a-las-personas-mayores-15-de-junio\/#breadcrumb"},"inLanguage":"es","potentialAction":[{"@type":"ReadAction","target":["https:\/\/llarscompartides.org\/es\/nos-hemos-adherido-al-manifiesto-con-motivo-del-dia-mundial-de-la-toma-de-conciencia-sobre-el-abuso-y-el-maltrato-a-las-personas-mayores-15-de-junio\/"]}]},{"@type":"ImageObject","inLanguage":"es","@id":"https:\/\/llarscompartides.org\/es\/nos-hemos-adherido-al-manifiesto-con-motivo-del-dia-mundial-de-la-toma-de-conciencia-sobre-el-abuso-y-el-maltrato-a-las-personas-mayores-15-de-junio\/#primaryimage","url":"https:\/\/llarscompartides.org\/wp-content\/uploads\/2024\/05\/descarga-1.png","contentUrl":"https:\/\/llarscompartides.org\/wp-content\/uploads\/2024\/05\/descarga-1.png","width":275,"height":183},{"@type":"BreadcrumbList","@id":"https:\/\/llarscompartides.org\/es\/nos-hemos-adherido-al-manifiesto-con-motivo-del-dia-mundial-de-la-toma-de-conciencia-sobre-el-abuso-y-el-maltrato-a-las-personas-mayores-15-de-junio\/#breadcrumb","itemListElement":[{"@type":"ListItem","position":1,"name":"Home","item":"https:\/\/llarscompartides.org\/es\/inicio-nueva\/"},{"@type":"ListItem","position":2,"name":"Nos hemos adherido al Manifiesto con motivo del D\u00eda Mundial de la Toma de Conciencia sobre el Abuso y el Maltrato a las personas mayores, 15 de junio"}]},{"@type":"WebSite","@id":"https:\/\/llarscompartides.org\/es\/#website","url":"https:\/\/llarscompartides.org\/es\/","name":"llarscompartides.com","description":"Fundaci\u00f3 llars compartides","publisher":{"@id":"https:\/\/llarscompartides.org\/es\/#organization"},"potentialAction":[{"@type":"SearchAction","target":{"@type":"EntryPoint","urlTemplate":"https:\/\/llarscompartides.org\/es\/?s={search_term_string}"},"query-input":{"@type":"PropertyValueSpecification","valueRequired":true,"valueName":"search_term_string"}}],"inLanguage":"es"},{"@type":"Organization","@id":"https:\/\/llarscompartides.org\/es\/#organization","name":"Fundaci\u00f3 Llars Compartides","url":"https:\/\/llarscompartides.org\/es\/","logo":{"@type":"ImageObject","inLanguage":"es","@id":"https:\/\/llarscompartides.org\/es\/#\/schema\/logo\/image\/","url":"https:\/\/llarscompartides.org\/wp-content\/uploads\/2023\/06\/logo-llars-compartides-001.jpg","contentUrl":"https:\/\/llarscompartides.org\/wp-content\/uploads\/2023\/06\/logo-llars-compartides-001.jpg","width":1684,"height":1191,"caption":"Fundaci\u00f3 Llars Compartides"},"image":{"@id":"https:\/\/llarscompartides.org\/es\/#\/schema\/logo\/image\/"},"sameAs":["https:\/\/x.com\/LlarsCompartids","https:\/\/www.linkedin.com\/in\/fundaci-privada-llars-compartides-930216a6\/"]},{"@type":"Person","@id":"https:\/\/llarscompartides.org\/es\/#\/schema\/person\/53f7ef669aa691003a8d419d39534274","name":"Alicia","url":"https:\/\/llarscompartides.org\/es\/author\/fundacio\/"}]}},"_links":{"self":[{"href":"https:\/\/llarscompartides.org\/es\/wp-json\/wp\/v2\/posts\/2680","targetHints":{"allow":["GET"]}}],"collection":[{"href":"https:\/\/llarscompartides.org\/es\/wp-json\/wp\/v2\/posts"}],"about":[{"href":"https:\/\/llarscompartides.org\/es\/wp-json\/wp\/v2\/types\/post"}],"author":[{"embeddable":true,"href":"https:\/\/llarscompartides.org\/es\/wp-json\/wp\/v2\/users\/4"}],"replies":[{"embeddable":true,"href":"https:\/\/llarscompartides.org\/es\/wp-json\/wp\/v2\/comments?post=2680"}],"version-history":[{"count":2,"href":"https:\/\/llarscompartides.org\/es\/wp-json\/wp\/v2\/posts\/2680\/revisions"}],"predecessor-version":[{"id":2747,"href":"https:\/\/llarscompartides.org\/es\/wp-json\/wp\/v2\/posts\/2680\/revisions\/2747"}],"wp:featuredmedia":[{"embeddable":true,"href":"https:\/\/llarscompartides.org\/es\/wp-json\/wp\/v2\/media\/2678"}],"wp:attachment":[{"href":"https:\/\/llarscompartides.org\/es\/wp-json\/wp\/v2\/media?parent=2680"}],"wp:term":[{"taxonomy":"category","embeddable":true,"href":"https:\/\/llarscompartides.org\/es\/wp-json\/wp\/v2\/categories?post=2680"},{"taxonomy":"post_tag","embeddable":true,"href":"https:\/\/llarscompartides.org\/es\/wp-json\/wp\/v2\/tags?post=2680"}],"curies":[{"name":"wp","href":"https:\/\/api.w.org\/{rel}","templated":true}]}}