{"id":2487,"date":"2023-11-08T11:47:02","date_gmt":"2023-11-08T10:47:02","guid":{"rendered":"https:\/\/llarscompartides.org\/compartir-piso-despues-de-los-65-anos\/"},"modified":"2023-11-08T11:47:02","modified_gmt":"2023-11-08T10:47:02","slug":"compartir-piso-despues-de-los-65-anos","status":"publish","type":"post","link":"https:\/\/llarscompartides.org\/es\/compartir-piso-despues-de-los-65-anos\/","title":{"rendered":"Compartir piso despu\u00e9s de los 65 a\u00f1os"},"content":{"rendered":"<p>Entrevista a los residentes de un hogar de Badalona, en la Revista Pronto.<\/p>\n<p>Un proyecto que se inaugur\u00f3 en el a\u00f1o 2020, Llars Horitz\u00f3. Una antigua residencia cerrada y reconvertida en 3 hogares compartidos, que da respuesta a 17 personas mayores. Resultado del trabajo en red entre entidades sociales, la Fundaci\u00f3n Llegat Roca i Pi, como propietarios del edificio, C\u00e1ritas Diocesana como colaboradores y nosotros como gestores del proyecto.<\/p>\n<p><!--more--><!--more--><img fetchpriority=\"high\" decoding=\"async\" class=\"alignnone size-medium wp-image-2358\" src=\"https:\/\/llarscompartides.org\/wp-content\/uploads\/2023\/11\/PRONTO-2688-LLARS-COMPARTIDES_231107_131031_page-0002-212x300.jpg\" alt=\"\" width=\"212\" height=\"300\" srcset=\"https:\/\/llarscompartides.org\/wp-content\/uploads\/2023\/11\/PRONTO-2688-LLARS-COMPARTIDES_231107_131031_page-0002-212x300.jpg 212w, https:\/\/llarscompartides.org\/wp-content\/uploads\/2023\/11\/PRONTO-2688-LLARS-COMPARTIDES_231107_131031_page-0002-724x1024.jpg 724w, https:\/\/llarscompartides.org\/wp-content\/uploads\/2023\/11\/PRONTO-2688-LLARS-COMPARTIDES_231107_131031_page-0002-768x1086.jpg 768w, https:\/\/llarscompartides.org\/wp-content\/uploads\/2023\/11\/PRONTO-2688-LLARS-COMPARTIDES_231107_131031_page-0002-1086x1536.jpg 1086w, https:\/\/llarscompartides.org\/wp-content\/uploads\/2023\/11\/PRONTO-2688-LLARS-COMPARTIDES_231107_131031_page-0002-700x990.jpg 700w, https:\/\/llarscompartides.org\/wp-content\/uploads\/2023\/11\/PRONTO-2688-LLARS-COMPARTIDES_231107_131031_page-0002.jpg 1182w\" sizes=\"(max-width: 212px) 100vw, 212px\" \/><\/p>\n<p>&nbsp;<\/p>\n<p>&nbsp;<\/p>\n","protected":false},"excerpt":{"rendered":"<p>Entrevista a los residentes de un hogar de Badalona, en la Revista Pronto. Un proyecto que se inaugur\u00f3 en el a\u00f1o 2020, Llars Horitz\u00f3. Una antigua residencia cerrada y reconvertida en 3 hogares compartidos, que da respuesta a 17 personas mayores. Resultado del trabajo en&#8230;<\/p>\n","protected":false},"author":4,"featured_media":2357,"comment_status":"closed","ping_status":"closed","sticky":false,"template":"","format":"standard","meta":{"footnotes":""},"categories":[16],"tags":[],"class_list":["post-2487","post","type-post","status-publish","format-standard","has-post-thumbnail","hentry","category-sin-categorizar-es"],"yoast_head":"<!-- This site is optimized with the Yoast SEO plugin v27.5 - https:\/\/yoast.com\/product\/yoast-seo-wordpress\/ -->\n<title>Compartir piso despu\u00e9s de los 65 a\u00f1os - FLLC<\/title>\n<meta name=\"robots\" content=\"index, follow, max-snippet:-1, max-image-preview:large, max-video-preview:-1\" \/>\n<link rel=\"canonical\" href=\"https:\/\/llarscompartides.org\/es\/compartir-piso-despues-de-los-65-anos\/\" \/>\n<meta property=\"og:locale\" content=\"es_ES\" \/>\n<meta property=\"og:type\" content=\"article\" \/>\n<meta property=\"og:title\" content=\"Compartir piso despu\u00e9s de los 65 a\u00f1os - FLLC\" \/>\n<meta property=\"og:description\" content=\"Entrevista a los residentes de un hogar de Badalona, en la Revista Pronto. Un proyecto que se inaugur\u00f3 en el a\u00f1o 2020, Llars Horitz\u00f3. Una antigua residencia cerrada y reconvertida en 3 hogares compartidos, que da respuesta a 17 personas mayores. Resultado del trabajo en...\" \/>\n<meta property=\"og:url\" content=\"https:\/\/llarscompartides.org\/es\/compartir-piso-despues-de-los-65-anos\/\" \/>\n<meta property=\"og:site_name\" content=\"FLLC\" \/>\n<meta property=\"article:published_time\" content=\"2023-11-08T10:47:02+00:00\" \/>\n<meta property=\"og:image\" content=\"https:\/\/llarscompartides.org\/wp-content\/uploads\/2023\/11\/PRONTO-2688-LLARS-COMPARTIDES_231107_131031_page-0001.jpg\" \/>\n\t<meta property=\"og:image:width\" content=\"1182\" \/>\n\t<meta property=\"og:image:height\" content=\"1672\" \/>\n\t<meta property=\"og:image:type\" content=\"image\/jpeg\" \/>\n<meta name=\"author\" content=\"Alicia\" \/>\n<meta name=\"twitter:card\" content=\"summary_large_image\" \/>\n<meta name=\"twitter:creator\" content=\"@LlarsCompartids\" \/>\n<meta name=\"twitter:site\" content=\"@LlarsCompartids\" \/>\n<meta name=\"twitter:label1\" content=\"Escrito por\" \/>\n\t<meta name=\"twitter:data1\" content=\"Alicia\" \/>\n<script type=\"application\/ld+json\" class=\"yoast-schema-graph\">{\"@context\":\"https:\\\/\\\/schema.org\",\"@graph\":[{\"@type\":\"Article\",\"@id\":\"https:\\\/\\\/llarscompartides.org\\\/es\\\/compartir-piso-despues-de-los-65-anos\\\/#article\",\"isPartOf\":{\"@id\":\"https:\\\/\\\/llarscompartides.org\\\/es\\\/compartir-piso-despues-de-los-65-anos\\\/\"},\"author\":{\"name\":\"Alicia\",\"@id\":\"https:\\\/\\\/llarscompartides.org\\\/es\\\/#\\\/schema\\\/person\\\/53f7ef669aa691003a8d419d39534274\"},\"headline\":\"Compartir piso despu\u00e9s de los 65 a\u00f1os\",\"datePublished\":\"2023-11-08T10:47:02+00:00\",\"mainEntityOfPage\":{\"@id\":\"https:\\\/\\\/llarscompartides.org\\\/es\\\/compartir-piso-despues-de-los-65-anos\\\/\"},\"wordCount\":79,\"publisher\":{\"@id\":\"https:\\\/\\\/llarscompartides.org\\\/es\\\/#organization\"},\"image\":{\"@id\":\"https:\\\/\\\/llarscompartides.org\\\/es\\\/compartir-piso-despues-de-los-65-anos\\\/#primaryimage\"},\"thumbnailUrl\":\"https:\\\/\\\/llarscompartides.org\\\/wp-content\\\/uploads\\\/2023\\\/11\\\/PRONTO-2688-LLARS-COMPARTIDES_231107_131031_page-0001.jpg\",\"articleSection\":[\"Sin categorizar\"],\"inLanguage\":\"es\"},{\"@type\":\"WebPage\",\"@id\":\"https:\\\/\\\/llarscompartides.org\\\/es\\\/compartir-piso-despues-de-los-65-anos\\\/\",\"url\":\"https:\\\/\\\/llarscompartides.org\\\/es\\\/compartir-piso-despues-de-los-65-anos\\\/\",\"name\":\"Compartir piso despu\u00e9s de los 65 a\u00f1os - FLLC\",\"isPartOf\":{\"@id\":\"https:\\\/\\\/llarscompartides.org\\\/es\\\/#website\"},\"primaryImageOfPage\":{\"@id\":\"https:\\\/\\\/llarscompartides.org\\\/es\\\/compartir-piso-despues-de-los-65-anos\\\/#primaryimage\"},\"image\":{\"@id\":\"https:\\\/\\\/llarscompartides.org\\\/es\\\/compartir-piso-despues-de-los-65-anos\\\/#primaryimage\"},\"thumbnailUrl\":\"https:\\\/\\\/llarscompartides.org\\\/wp-content\\\/uploads\\\/2023\\\/11\\\/PRONTO-2688-LLARS-COMPARTIDES_231107_131031_page-0001.jpg\",\"datePublished\":\"2023-11-08T10:47:02+00:00\",\"breadcrumb\":{\"@id\":\"https:\\\/\\\/llarscompartides.org\\\/es\\\/compartir-piso-despues-de-los-65-anos\\\/#breadcrumb\"},\"inLanguage\":\"es\",\"potentialAction\":[{\"@type\":\"ReadAction\",\"target\":[\"https:\\\/\\\/llarscompartides.org\\\/es\\\/compartir-piso-despues-de-los-65-anos\\\/\"]}]},{\"@type\":\"ImageObject\",\"inLanguage\":\"es\",\"@id\":\"https:\\\/\\\/llarscompartides.org\\\/es\\\/compartir-piso-despues-de-los-65-anos\\\/#primaryimage\",\"url\":\"https:\\\/\\\/llarscompartides.org\\\/wp-content\\\/uploads\\\/2023\\\/11\\\/PRONTO-2688-LLARS-COMPARTIDES_231107_131031_page-0001.jpg\",\"contentUrl\":\"https:\\\/\\\/llarscompartides.org\\\/wp-content\\\/uploads\\\/2023\\\/11\\\/PRONTO-2688-LLARS-COMPARTIDES_231107_131031_page-0001.jpg\",\"width\":1182,\"height\":1672},{\"@type\":\"BreadcrumbList\",\"@id\":\"https:\\\/\\\/llarscompartides.org\\\/es\\\/compartir-piso-despues-de-los-65-anos\\\/#breadcrumb\",\"itemListElement\":[{\"@type\":\"ListItem\",\"position\":1,\"name\":\"Home\",\"item\":\"https:\\\/\\\/llarscompartides.org\\\/es\\\/inicio-nueva\\\/\"},{\"@type\":\"ListItem\",\"position\":2,\"name\":\"Compartir piso despu\u00e9s de los 65 a\u00f1os\"}]},{\"@type\":\"WebSite\",\"@id\":\"https:\\\/\\\/llarscompartides.org\\\/es\\\/#website\",\"url\":\"https:\\\/\\\/llarscompartides.org\\\/es\\\/\",\"name\":\"llarscompartides.com\",\"description\":\"Fundaci\u00f3 llars compartides\",\"publisher\":{\"@id\":\"https:\\\/\\\/llarscompartides.org\\\/es\\\/#organization\"},\"potentialAction\":[{\"@type\":\"SearchAction\",\"target\":{\"@type\":\"EntryPoint\",\"urlTemplate\":\"https:\\\/\\\/llarscompartides.org\\\/es\\\/?s={search_term_string}\"},\"query-input\":{\"@type\":\"PropertyValueSpecification\",\"valueRequired\":true,\"valueName\":\"search_term_string\"}}],\"inLanguage\":\"es\"},{\"@type\":\"Organization\",\"@id\":\"https:\\\/\\\/llarscompartides.org\\\/es\\\/#organization\",\"name\":\"Fundaci\u00f3 Llars Compartides\",\"url\":\"https:\\\/\\\/llarscompartides.org\\\/es\\\/\",\"logo\":{\"@type\":\"ImageObject\",\"inLanguage\":\"es\",\"@id\":\"https:\\\/\\\/llarscompartides.org\\\/es\\\/#\\\/schema\\\/logo\\\/image\\\/\",\"url\":\"https:\\\/\\\/llarscompartides.org\\\/wp-content\\\/uploads\\\/2023\\\/06\\\/logo-llars-compartides-001.jpg\",\"contentUrl\":\"https:\\\/\\\/llarscompartides.org\\\/wp-content\\\/uploads\\\/2023\\\/06\\\/logo-llars-compartides-001.jpg\",\"width\":1684,\"height\":1191,\"caption\":\"Fundaci\u00f3 Llars Compartides\"},\"image\":{\"@id\":\"https:\\\/\\\/llarscompartides.org\\\/es\\\/#\\\/schema\\\/logo\\\/image\\\/\"},\"sameAs\":[\"https:\\\/\\\/x.com\\\/LlarsCompartids\",\"https:\\\/\\\/www.linkedin.com\\\/in\\\/fundaci-privada-llars-compartides-930216a6\\\/\"]},{\"@type\":\"Person\",\"@id\":\"https:\\\/\\\/llarscompartides.org\\\/es\\\/#\\\/schema\\\/person\\\/53f7ef669aa691003a8d419d39534274\",\"name\":\"Alicia\",\"url\":\"https:\\\/\\\/llarscompartides.org\\\/es\\\/author\\\/fundacio\\\/\"}]}<\/script>\n<!-- \/ Yoast SEO plugin. -->","yoast_head_json":{"title":"Compartir piso despu\u00e9s de los 65 a\u00f1os - FLLC","robots":{"index":"index","follow":"follow","max-snippet":"max-snippet:-1","max-image-preview":"max-image-preview:large","max-video-preview":"max-video-preview:-1"},"canonical":"https:\/\/llarscompartides.org\/es\/compartir-piso-despues-de-los-65-anos\/","og_locale":"es_ES","og_type":"article","og_title":"Compartir piso despu\u00e9s de los 65 a\u00f1os - FLLC","og_description":"Entrevista a los residentes de un hogar de Badalona, en la Revista Pronto. Un proyecto que se inaugur\u00f3 en el a\u00f1o 2020, Llars Horitz\u00f3. Una antigua residencia cerrada y reconvertida en 3 hogares compartidos, que da respuesta a 17 personas mayores. Resultado del trabajo en...","og_url":"https:\/\/llarscompartides.org\/es\/compartir-piso-despues-de-los-65-anos\/","og_site_name":"FLLC","article_published_time":"2023-11-08T10:47:02+00:00","og_image":[{"width":1182,"height":1672,"url":"https:\/\/llarscompartides.org\/wp-content\/uploads\/2023\/11\/PRONTO-2688-LLARS-COMPARTIDES_231107_131031_page-0001.jpg","type":"image\/jpeg"}],"author":"Alicia","twitter_card":"summary_large_image","twitter_creator":"@LlarsCompartids","twitter_site":"@LlarsCompartids","twitter_misc":{"Escrito por":"Alicia"},"schema":{"@context":"https:\/\/schema.org","@graph":[{"@type":"Article","@id":"https:\/\/llarscompartides.org\/es\/compartir-piso-despues-de-los-65-anos\/#article","isPartOf":{"@id":"https:\/\/llarscompartides.org\/es\/compartir-piso-despues-de-los-65-anos\/"},"author":{"name":"Alicia","@id":"https:\/\/llarscompartides.org\/es\/#\/schema\/person\/53f7ef669aa691003a8d419d39534274"},"headline":"Compartir piso despu\u00e9s de los 65 a\u00f1os","datePublished":"2023-11-08T10:47:02+00:00","mainEntityOfPage":{"@id":"https:\/\/llarscompartides.org\/es\/compartir-piso-despues-de-los-65-anos\/"},"wordCount":79,"publisher":{"@id":"https:\/\/llarscompartides.org\/es\/#organization"},"image":{"@id":"https:\/\/llarscompartides.org\/es\/compartir-piso-despues-de-los-65-anos\/#primaryimage"},"thumbnailUrl":"https:\/\/llarscompartides.org\/wp-content\/uploads\/2023\/11\/PRONTO-2688-LLARS-COMPARTIDES_231107_131031_page-0001.jpg","articleSection":["Sin categorizar"],"inLanguage":"es"},{"@type":"WebPage","@id":"https:\/\/llarscompartides.org\/es\/compartir-piso-despues-de-los-65-anos\/","url":"https:\/\/llarscompartides.org\/es\/compartir-piso-despues-de-los-65-anos\/","name":"Compartir piso despu\u00e9s de los 65 a\u00f1os - FLLC","isPartOf":{"@id":"https:\/\/llarscompartides.org\/es\/#website"},"primaryImageOfPage":{"@id":"https:\/\/llarscompartides.org\/es\/compartir-piso-despues-de-los-65-anos\/#primaryimage"},"image":{"@id":"https:\/\/llarscompartides.org\/es\/compartir-piso-despues-de-los-65-anos\/#primaryimage"},"thumbnailUrl":"https:\/\/llarscompartides.org\/wp-content\/uploads\/2023\/11\/PRONTO-2688-LLARS-COMPARTIDES_231107_131031_page-0001.jpg","datePublished":"2023-11-08T10:47:02+00:00","breadcrumb":{"@id":"https:\/\/llarscompartides.org\/es\/compartir-piso-despues-de-los-65-anos\/#breadcrumb"},"inLanguage":"es","potentialAction":[{"@type":"ReadAction","target":["https:\/\/llarscompartides.org\/es\/compartir-piso-despues-de-los-65-anos\/"]}]},{"@type":"ImageObject","inLanguage":"es","@id":"https:\/\/llarscompartides.org\/es\/compartir-piso-despues-de-los-65-anos\/#primaryimage","url":"https:\/\/llarscompartides.org\/wp-content\/uploads\/2023\/11\/PRONTO-2688-LLARS-COMPARTIDES_231107_131031_page-0001.jpg","contentUrl":"https:\/\/llarscompartides.org\/wp-content\/uploads\/2023\/11\/PRONTO-2688-LLARS-COMPARTIDES_231107_131031_page-0001.jpg","width":1182,"height":1672},{"@type":"BreadcrumbList","@id":"https:\/\/llarscompartides.org\/es\/compartir-piso-despues-de-los-65-anos\/#breadcrumb","itemListElement":[{"@type":"ListItem","position":1,"name":"Home","item":"https:\/\/llarscompartides.org\/es\/inicio-nueva\/"},{"@type":"ListItem","position":2,"name":"Compartir piso despu\u00e9s de los 65 a\u00f1os"}]},{"@type":"WebSite","@id":"https:\/\/llarscompartides.org\/es\/#website","url":"https:\/\/llarscompartides.org\/es\/","name":"llarscompartides.com","description":"Fundaci\u00f3 llars compartides","publisher":{"@id":"https:\/\/llarscompartides.org\/es\/#organization"},"potentialAction":[{"@type":"SearchAction","target":{"@type":"EntryPoint","urlTemplate":"https:\/\/llarscompartides.org\/es\/?s={search_term_string}"},"query-input":{"@type":"PropertyValueSpecification","valueRequired":true,"valueName":"search_term_string"}}],"inLanguage":"es"},{"@type":"Organization","@id":"https:\/\/llarscompartides.org\/es\/#organization","name":"Fundaci\u00f3 Llars Compartides","url":"https:\/\/llarscompartides.org\/es\/","logo":{"@type":"ImageObject","inLanguage":"es","@id":"https:\/\/llarscompartides.org\/es\/#\/schema\/logo\/image\/","url":"https:\/\/llarscompartides.org\/wp-content\/uploads\/2023\/06\/logo-llars-compartides-001.jpg","contentUrl":"https:\/\/llarscompartides.org\/wp-content\/uploads\/2023\/06\/logo-llars-compartides-001.jpg","width":1684,"height":1191,"caption":"Fundaci\u00f3 Llars Compartides"},"image":{"@id":"https:\/\/llarscompartides.org\/es\/#\/schema\/logo\/image\/"},"sameAs":["https:\/\/x.com\/LlarsCompartids","https:\/\/www.linkedin.com\/in\/fundaci-privada-llars-compartides-930216a6\/"]},{"@type":"Person","@id":"https:\/\/llarscompartides.org\/es\/#\/schema\/person\/53f7ef669aa691003a8d419d39534274","name":"Alicia","url":"https:\/\/llarscompartides.org\/es\/author\/fundacio\/"}]}},"_links":{"self":[{"href":"https:\/\/llarscompartides.org\/es\/wp-json\/wp\/v2\/posts\/2487","targetHints":{"allow":["GET"]}}],"collection":[{"href":"https:\/\/llarscompartides.org\/es\/wp-json\/wp\/v2\/posts"}],"about":[{"href":"https:\/\/llarscompartides.org\/es\/wp-json\/wp\/v2\/types\/post"}],"author":[{"embeddable":true,"href":"https:\/\/llarscompartides.org\/es\/wp-json\/wp\/v2\/users\/4"}],"replies":[{"embeddable":true,"href":"https:\/\/llarscompartides.org\/es\/wp-json\/wp\/v2\/comments?post=2487"}],"version-history":[{"count":0,"href":"https:\/\/llarscompartides.org\/es\/wp-json\/wp\/v2\/posts\/2487\/revisions"}],"wp:featuredmedia":[{"embeddable":true,"href":"https:\/\/llarscompartides.org\/es\/wp-json\/wp\/v2\/media\/2357"}],"wp:attachment":[{"href":"https:\/\/llarscompartides.org\/es\/wp-json\/wp\/v2\/media?parent=2487"}],"wp:term":[{"taxonomy":"category","embeddable":true,"href":"https:\/\/llarscompartides.org\/es\/wp-json\/wp\/v2\/categories?post=2487"},{"taxonomy":"post_tag","embeddable":true,"href":"https:\/\/llarscompartides.org\/es\/wp-json\/wp\/v2\/tags?post=2487"}],"curies":[{"name":"wp","href":"https:\/\/api.w.org\/{rel}","templated":true}]}}