{"id":2480,"date":"2024-02-28T17:30:29","date_gmt":"2024-02-28T16:30:29","guid":{"rendered":"https:\/\/llarscompartides.org\/en-marcha-nuevos-proyectos-del-servicio-local-de-teleasistencia-para-el-deterioro-cognitivo\/"},"modified":"2024-02-28T17:30:29","modified_gmt":"2024-02-28T16:30:29","slug":"en-marcha-nuevos-proyectos-del-servicio-local-de-teleasistencia-para-el-deterioro-cognitivo","status":"publish","type":"post","link":"https:\/\/llarscompartides.org\/es\/en-marcha-nuevos-proyectos-del-servicio-local-de-teleasistencia-para-el-deterioro-cognitivo\/","title":{"rendered":"En marcha nuevos proyectos del Servicio Local de Teleasistencia para el deterioro cognitivo"},"content":{"rendered":"<p>El <a href=\"https:\/\/www.diba.cat\/web\/teleassistencia\" target=\"_blank\" rel=\"noopener\" data-saferedirecturl=\"https:\/\/www.google.com\/url?q=https:\/\/www.diba.cat\/web\/teleassistencia&amp;source=gmail&amp;ust=1709220569755000&amp;usg=AOvVaw0zi21TS0lxxQhcB1MrQOI0\">Servicio Local de Teleasistencia<\/a> (SLT) inicia dos proyectos para ofrecer una atenci\u00f3n integral, y adaptada a las personas con riesgo de padecer detrioro cognitivo o demencias. Por un lado, se pone en marcha una plataforma de ejercicios cognitivos para tableta u ordenadores, con monitorizaci\u00f3n y seguimiento de la actividad. El SLT dispondr\u00e1 de 900 tabletas, para garantizar un acceso equitativo al proyecto. Por otro lado, se iniciar\u00e1 un proyecto piloto de teleasistencia m\u00f3vil, con geolocalizador para personas con deterioro cognitivo inicial o conductas de escapismo. El dispositivo funcionar\u00e1 como teleasistencia m\u00f3vil, y permitir\u00e1 localizar a la persona y delimitar zonas seguras.<\/p>\n<p><a href=\"https:\/\/www.diba.cat\/web\/teleassistencia\">Ampliar informaci\u00f3n<\/a><\/p>\n<p>&nbsp;<\/p>\n","protected":false},"excerpt":{"rendered":"<p>El Servicio Local de Teleasistencia (SLT) inicia dos proyectos para ofrecer una atenci\u00f3n integral, y adaptada a las personas con riesgo de padecer detrioro cognitivo o demencias. Por un lado, se pone en marcha una plataforma de ejercicios cognitivos para tableta u ordenadores, con monitorizaci\u00f3n&#8230;<\/p>\n","protected":false},"author":4,"featured_media":2476,"comment_status":"closed","ping_status":"closed","sticky":false,"template":"","format":"standard","meta":{"footnotes":""},"categories":[16],"tags":[],"class_list":["post-2480","post","type-post","status-publish","format-standard","has-post-thumbnail","hentry","category-sin-categorizar-es"],"yoast_head":"<!-- This site is optimized with the Yoast SEO plugin v27.5 - https:\/\/yoast.com\/product\/yoast-seo-wordpress\/ -->\n<title>En marcha nuevos proyectos del Servicio Local de Teleasistencia para el deterioro cognitivo - FLLC<\/title>\n<meta name=\"robots\" content=\"index, follow, max-snippet:-1, max-image-preview:large, max-video-preview:-1\" \/>\n<link rel=\"canonical\" href=\"https:\/\/llarscompartides.org\/es\/en-marcha-nuevos-proyectos-del-servicio-local-de-teleasistencia-para-el-deterioro-cognitivo\/\" \/>\n<meta property=\"og:locale\" content=\"es_ES\" \/>\n<meta property=\"og:type\" content=\"article\" \/>\n<meta property=\"og:title\" content=\"En marcha nuevos proyectos del Servicio Local de Teleasistencia para el deterioro cognitivo - FLLC\" \/>\n<meta property=\"og:description\" content=\"El Servicio Local de Teleasistencia (SLT) inicia dos proyectos para ofrecer una atenci\u00f3n integral, y adaptada a las personas con riesgo de padecer detrioro cognitivo o demencias. Por un lado, se pone en marcha una plataforma de ejercicios cognitivos para tableta u ordenadores, con monitorizaci\u00f3n...\" \/>\n<meta property=\"og:url\" content=\"https:\/\/llarscompartides.org\/es\/en-marcha-nuevos-proyectos-del-servicio-local-de-teleasistencia-para-el-deterioro-cognitivo\/\" \/>\n<meta property=\"og:site_name\" content=\"FLLC\" \/>\n<meta property=\"article:published_time\" content=\"2024-02-28T16:30:29+00:00\" \/>\n<meta property=\"og:image\" content=\"https:\/\/llarscompartides.org\/wp-content\/uploads\/2024\/02\/descarga-1.jpg\" \/>\n\t<meta property=\"og:image:width\" content=\"254\" \/>\n\t<meta property=\"og:image:height\" content=\"198\" \/>\n\t<meta property=\"og:image:type\" content=\"image\/jpeg\" \/>\n<meta name=\"author\" content=\"Alicia\" \/>\n<meta name=\"twitter:card\" content=\"summary_large_image\" \/>\n<meta name=\"twitter:creator\" content=\"@LlarsCompartids\" \/>\n<meta name=\"twitter:site\" content=\"@LlarsCompartids\" \/>\n<meta name=\"twitter:label1\" content=\"Escrito por\" \/>\n\t<meta name=\"twitter:data1\" content=\"Alicia\" \/>\n\t<meta name=\"twitter:label2\" content=\"Tiempo de lectura\" \/>\n\t<meta name=\"twitter:data2\" content=\"1 minuto\" \/>\n<script type=\"application\/ld+json\" class=\"yoast-schema-graph\">{\"@context\":\"https:\\\/\\\/schema.org\",\"@graph\":[{\"@type\":\"Article\",\"@id\":\"https:\\\/\\\/llarscompartides.org\\\/es\\\/en-marcha-nuevos-proyectos-del-servicio-local-de-teleasistencia-para-el-deterioro-cognitivo\\\/#article\",\"isPartOf\":{\"@id\":\"https:\\\/\\\/llarscompartides.org\\\/es\\\/en-marcha-nuevos-proyectos-del-servicio-local-de-teleasistencia-para-el-deterioro-cognitivo\\\/\"},\"author\":{\"name\":\"Alicia\",\"@id\":\"https:\\\/\\\/llarscompartides.org\\\/es\\\/#\\\/schema\\\/person\\\/53f7ef669aa691003a8d419d39534274\"},\"headline\":\"En marcha nuevos proyectos del Servicio Local de Teleasistencia para el deterioro cognitivo\",\"datePublished\":\"2024-02-28T16:30:29+00:00\",\"mainEntityOfPage\":{\"@id\":\"https:\\\/\\\/llarscompartides.org\\\/es\\\/en-marcha-nuevos-proyectos-del-servicio-local-de-teleasistencia-para-el-deterioro-cognitivo\\\/\"},\"wordCount\":122,\"publisher\":{\"@id\":\"https:\\\/\\\/llarscompartides.org\\\/es\\\/#organization\"},\"image\":{\"@id\":\"https:\\\/\\\/llarscompartides.org\\\/es\\\/en-marcha-nuevos-proyectos-del-servicio-local-de-teleasistencia-para-el-deterioro-cognitivo\\\/#primaryimage\"},\"thumbnailUrl\":\"https:\\\/\\\/llarscompartides.org\\\/wp-content\\\/uploads\\\/2024\\\/02\\\/descarga-1.jpg\",\"articleSection\":[\"Sin categorizar\"],\"inLanguage\":\"es\"},{\"@type\":\"WebPage\",\"@id\":\"https:\\\/\\\/llarscompartides.org\\\/es\\\/en-marcha-nuevos-proyectos-del-servicio-local-de-teleasistencia-para-el-deterioro-cognitivo\\\/\",\"url\":\"https:\\\/\\\/llarscompartides.org\\\/es\\\/en-marcha-nuevos-proyectos-del-servicio-local-de-teleasistencia-para-el-deterioro-cognitivo\\\/\",\"name\":\"En marcha nuevos proyectos del Servicio Local de Teleasistencia para el deterioro cognitivo - FLLC\",\"isPartOf\":{\"@id\":\"https:\\\/\\\/llarscompartides.org\\\/es\\\/#website\"},\"primaryImageOfPage\":{\"@id\":\"https:\\\/\\\/llarscompartides.org\\\/es\\\/en-marcha-nuevos-proyectos-del-servicio-local-de-teleasistencia-para-el-deterioro-cognitivo\\\/#primaryimage\"},\"image\":{\"@id\":\"https:\\\/\\\/llarscompartides.org\\\/es\\\/en-marcha-nuevos-proyectos-del-servicio-local-de-teleasistencia-para-el-deterioro-cognitivo\\\/#primaryimage\"},\"thumbnailUrl\":\"https:\\\/\\\/llarscompartides.org\\\/wp-content\\\/uploads\\\/2024\\\/02\\\/descarga-1.jpg\",\"datePublished\":\"2024-02-28T16:30:29+00:00\",\"breadcrumb\":{\"@id\":\"https:\\\/\\\/llarscompartides.org\\\/es\\\/en-marcha-nuevos-proyectos-del-servicio-local-de-teleasistencia-para-el-deterioro-cognitivo\\\/#breadcrumb\"},\"inLanguage\":\"es\",\"potentialAction\":[{\"@type\":\"ReadAction\",\"target\":[\"https:\\\/\\\/llarscompartides.org\\\/es\\\/en-marcha-nuevos-proyectos-del-servicio-local-de-teleasistencia-para-el-deterioro-cognitivo\\\/\"]}]},{\"@type\":\"ImageObject\",\"inLanguage\":\"es\",\"@id\":\"https:\\\/\\\/llarscompartides.org\\\/es\\\/en-marcha-nuevos-proyectos-del-servicio-local-de-teleasistencia-para-el-deterioro-cognitivo\\\/#primaryimage\",\"url\":\"https:\\\/\\\/llarscompartides.org\\\/wp-content\\\/uploads\\\/2024\\\/02\\\/descarga-1.jpg\",\"contentUrl\":\"https:\\\/\\\/llarscompartides.org\\\/wp-content\\\/uploads\\\/2024\\\/02\\\/descarga-1.jpg\",\"width\":254,\"height\":198},{\"@type\":\"BreadcrumbList\",\"@id\":\"https:\\\/\\\/llarscompartides.org\\\/es\\\/en-marcha-nuevos-proyectos-del-servicio-local-de-teleasistencia-para-el-deterioro-cognitivo\\\/#breadcrumb\",\"itemListElement\":[{\"@type\":\"ListItem\",\"position\":1,\"name\":\"Home\",\"item\":\"https:\\\/\\\/llarscompartides.org\\\/es\\\/inicio-nueva\\\/\"},{\"@type\":\"ListItem\",\"position\":2,\"name\":\"En marcha nuevos proyectos del Servicio Local de Teleasistencia para el deterioro cognitivo\"}]},{\"@type\":\"WebSite\",\"@id\":\"https:\\\/\\\/llarscompartides.org\\\/es\\\/#website\",\"url\":\"https:\\\/\\\/llarscompartides.org\\\/es\\\/\",\"name\":\"llarscompartides.com\",\"description\":\"Fundaci\u00f3 llars compartides\",\"publisher\":{\"@id\":\"https:\\\/\\\/llarscompartides.org\\\/es\\\/#organization\"},\"potentialAction\":[{\"@type\":\"SearchAction\",\"target\":{\"@type\":\"EntryPoint\",\"urlTemplate\":\"https:\\\/\\\/llarscompartides.org\\\/es\\\/?s={search_term_string}\"},\"query-input\":{\"@type\":\"PropertyValueSpecification\",\"valueRequired\":true,\"valueName\":\"search_term_string\"}}],\"inLanguage\":\"es\"},{\"@type\":\"Organization\",\"@id\":\"https:\\\/\\\/llarscompartides.org\\\/es\\\/#organization\",\"name\":\"Fundaci\u00f3 Llars Compartides\",\"url\":\"https:\\\/\\\/llarscompartides.org\\\/es\\\/\",\"logo\":{\"@type\":\"ImageObject\",\"inLanguage\":\"es\",\"@id\":\"https:\\\/\\\/llarscompartides.org\\\/es\\\/#\\\/schema\\\/logo\\\/image\\\/\",\"url\":\"https:\\\/\\\/llarscompartides.org\\\/wp-content\\\/uploads\\\/2023\\\/06\\\/logo-llars-compartides-001.jpg\",\"contentUrl\":\"https:\\\/\\\/llarscompartides.org\\\/wp-content\\\/uploads\\\/2023\\\/06\\\/logo-llars-compartides-001.jpg\",\"width\":1684,\"height\":1191,\"caption\":\"Fundaci\u00f3 Llars Compartides\"},\"image\":{\"@id\":\"https:\\\/\\\/llarscompartides.org\\\/es\\\/#\\\/schema\\\/logo\\\/image\\\/\"},\"sameAs\":[\"https:\\\/\\\/x.com\\\/LlarsCompartids\",\"https:\\\/\\\/www.linkedin.com\\\/in\\\/fundaci-privada-llars-compartides-930216a6\\\/\"]},{\"@type\":\"Person\",\"@id\":\"https:\\\/\\\/llarscompartides.org\\\/es\\\/#\\\/schema\\\/person\\\/53f7ef669aa691003a8d419d39534274\",\"name\":\"Alicia\",\"url\":\"https:\\\/\\\/llarscompartides.org\\\/es\\\/author\\\/fundacio\\\/\"}]}<\/script>\n<!-- \/ Yoast SEO plugin. -->","yoast_head_json":{"title":"En marcha nuevos proyectos del Servicio Local de Teleasistencia para el deterioro cognitivo - FLLC","robots":{"index":"index","follow":"follow","max-snippet":"max-snippet:-1","max-image-preview":"max-image-preview:large","max-video-preview":"max-video-preview:-1"},"canonical":"https:\/\/llarscompartides.org\/es\/en-marcha-nuevos-proyectos-del-servicio-local-de-teleasistencia-para-el-deterioro-cognitivo\/","og_locale":"es_ES","og_type":"article","og_title":"En marcha nuevos proyectos del Servicio Local de Teleasistencia para el deterioro cognitivo - FLLC","og_description":"El Servicio Local de Teleasistencia (SLT) inicia dos proyectos para ofrecer una atenci\u00f3n integral, y adaptada a las personas con riesgo de padecer detrioro cognitivo o demencias. Por un lado, se pone en marcha una plataforma de ejercicios cognitivos para tableta u ordenadores, con monitorizaci\u00f3n...","og_url":"https:\/\/llarscompartides.org\/es\/en-marcha-nuevos-proyectos-del-servicio-local-de-teleasistencia-para-el-deterioro-cognitivo\/","og_site_name":"FLLC","article_published_time":"2024-02-28T16:30:29+00:00","og_image":[{"width":254,"height":198,"url":"https:\/\/llarscompartides.org\/wp-content\/uploads\/2024\/02\/descarga-1.jpg","type":"image\/jpeg"}],"author":"Alicia","twitter_card":"summary_large_image","twitter_creator":"@LlarsCompartids","twitter_site":"@LlarsCompartids","twitter_misc":{"Escrito por":"Alicia","Tiempo de lectura":"1 minuto"},"schema":{"@context":"https:\/\/schema.org","@graph":[{"@type":"Article","@id":"https:\/\/llarscompartides.org\/es\/en-marcha-nuevos-proyectos-del-servicio-local-de-teleasistencia-para-el-deterioro-cognitivo\/#article","isPartOf":{"@id":"https:\/\/llarscompartides.org\/es\/en-marcha-nuevos-proyectos-del-servicio-local-de-teleasistencia-para-el-deterioro-cognitivo\/"},"author":{"name":"Alicia","@id":"https:\/\/llarscompartides.org\/es\/#\/schema\/person\/53f7ef669aa691003a8d419d39534274"},"headline":"En marcha nuevos proyectos del Servicio Local de Teleasistencia para el deterioro cognitivo","datePublished":"2024-02-28T16:30:29+00:00","mainEntityOfPage":{"@id":"https:\/\/llarscompartides.org\/es\/en-marcha-nuevos-proyectos-del-servicio-local-de-teleasistencia-para-el-deterioro-cognitivo\/"},"wordCount":122,"publisher":{"@id":"https:\/\/llarscompartides.org\/es\/#organization"},"image":{"@id":"https:\/\/llarscompartides.org\/es\/en-marcha-nuevos-proyectos-del-servicio-local-de-teleasistencia-para-el-deterioro-cognitivo\/#primaryimage"},"thumbnailUrl":"https:\/\/llarscompartides.org\/wp-content\/uploads\/2024\/02\/descarga-1.jpg","articleSection":["Sin categorizar"],"inLanguage":"es"},{"@type":"WebPage","@id":"https:\/\/llarscompartides.org\/es\/en-marcha-nuevos-proyectos-del-servicio-local-de-teleasistencia-para-el-deterioro-cognitivo\/","url":"https:\/\/llarscompartides.org\/es\/en-marcha-nuevos-proyectos-del-servicio-local-de-teleasistencia-para-el-deterioro-cognitivo\/","name":"En marcha nuevos proyectos del Servicio Local de Teleasistencia para el deterioro cognitivo - FLLC","isPartOf":{"@id":"https:\/\/llarscompartides.org\/es\/#website"},"primaryImageOfPage":{"@id":"https:\/\/llarscompartides.org\/es\/en-marcha-nuevos-proyectos-del-servicio-local-de-teleasistencia-para-el-deterioro-cognitivo\/#primaryimage"},"image":{"@id":"https:\/\/llarscompartides.org\/es\/en-marcha-nuevos-proyectos-del-servicio-local-de-teleasistencia-para-el-deterioro-cognitivo\/#primaryimage"},"thumbnailUrl":"https:\/\/llarscompartides.org\/wp-content\/uploads\/2024\/02\/descarga-1.jpg","datePublished":"2024-02-28T16:30:29+00:00","breadcrumb":{"@id":"https:\/\/llarscompartides.org\/es\/en-marcha-nuevos-proyectos-del-servicio-local-de-teleasistencia-para-el-deterioro-cognitivo\/#breadcrumb"},"inLanguage":"es","potentialAction":[{"@type":"ReadAction","target":["https:\/\/llarscompartides.org\/es\/en-marcha-nuevos-proyectos-del-servicio-local-de-teleasistencia-para-el-deterioro-cognitivo\/"]}]},{"@type":"ImageObject","inLanguage":"es","@id":"https:\/\/llarscompartides.org\/es\/en-marcha-nuevos-proyectos-del-servicio-local-de-teleasistencia-para-el-deterioro-cognitivo\/#primaryimage","url":"https:\/\/llarscompartides.org\/wp-content\/uploads\/2024\/02\/descarga-1.jpg","contentUrl":"https:\/\/llarscompartides.org\/wp-content\/uploads\/2024\/02\/descarga-1.jpg","width":254,"height":198},{"@type":"BreadcrumbList","@id":"https:\/\/llarscompartides.org\/es\/en-marcha-nuevos-proyectos-del-servicio-local-de-teleasistencia-para-el-deterioro-cognitivo\/#breadcrumb","itemListElement":[{"@type":"ListItem","position":1,"name":"Home","item":"https:\/\/llarscompartides.org\/es\/inicio-nueva\/"},{"@type":"ListItem","position":2,"name":"En marcha nuevos proyectos del Servicio Local de Teleasistencia para el deterioro cognitivo"}]},{"@type":"WebSite","@id":"https:\/\/llarscompartides.org\/es\/#website","url":"https:\/\/llarscompartides.org\/es\/","name":"llarscompartides.com","description":"Fundaci\u00f3 llars compartides","publisher":{"@id":"https:\/\/llarscompartides.org\/es\/#organization"},"potentialAction":[{"@type":"SearchAction","target":{"@type":"EntryPoint","urlTemplate":"https:\/\/llarscompartides.org\/es\/?s={search_term_string}"},"query-input":{"@type":"PropertyValueSpecification","valueRequired":true,"valueName":"search_term_string"}}],"inLanguage":"es"},{"@type":"Organization","@id":"https:\/\/llarscompartides.org\/es\/#organization","name":"Fundaci\u00f3 Llars Compartides","url":"https:\/\/llarscompartides.org\/es\/","logo":{"@type":"ImageObject","inLanguage":"es","@id":"https:\/\/llarscompartides.org\/es\/#\/schema\/logo\/image\/","url":"https:\/\/llarscompartides.org\/wp-content\/uploads\/2023\/06\/logo-llars-compartides-001.jpg","contentUrl":"https:\/\/llarscompartides.org\/wp-content\/uploads\/2023\/06\/logo-llars-compartides-001.jpg","width":1684,"height":1191,"caption":"Fundaci\u00f3 Llars Compartides"},"image":{"@id":"https:\/\/llarscompartides.org\/es\/#\/schema\/logo\/image\/"},"sameAs":["https:\/\/x.com\/LlarsCompartids","https:\/\/www.linkedin.com\/in\/fundaci-privada-llars-compartides-930216a6\/"]},{"@type":"Person","@id":"https:\/\/llarscompartides.org\/es\/#\/schema\/person\/53f7ef669aa691003a8d419d39534274","name":"Alicia","url":"https:\/\/llarscompartides.org\/es\/author\/fundacio\/"}]}},"_links":{"self":[{"href":"https:\/\/llarscompartides.org\/es\/wp-json\/wp\/v2\/posts\/2480","targetHints":{"allow":["GET"]}}],"collection":[{"href":"https:\/\/llarscompartides.org\/es\/wp-json\/wp\/v2\/posts"}],"about":[{"href":"https:\/\/llarscompartides.org\/es\/wp-json\/wp\/v2\/types\/post"}],"author":[{"embeddable":true,"href":"https:\/\/llarscompartides.org\/es\/wp-json\/wp\/v2\/users\/4"}],"replies":[{"embeddable":true,"href":"https:\/\/llarscompartides.org\/es\/wp-json\/wp\/v2\/comments?post=2480"}],"version-history":[{"count":0,"href":"https:\/\/llarscompartides.org\/es\/wp-json\/wp\/v2\/posts\/2480\/revisions"}],"wp:featuredmedia":[{"embeddable":true,"href":"https:\/\/llarscompartides.org\/es\/wp-json\/wp\/v2\/media\/2476"}],"wp:attachment":[{"href":"https:\/\/llarscompartides.org\/es\/wp-json\/wp\/v2\/media?parent=2480"}],"wp:term":[{"taxonomy":"category","embeddable":true,"href":"https:\/\/llarscompartides.org\/es\/wp-json\/wp\/v2\/categories?post=2480"},{"taxonomy":"post_tag","embeddable":true,"href":"https:\/\/llarscompartides.org\/es\/wp-json\/wp\/v2\/tags?post=2480"}],"curies":[{"name":"wp","href":"https:\/\/api.w.org\/{rel}","templated":true}]}}