{"id":2447,"date":"2024-02-14T10:18:43","date_gmt":"2024-02-14T09:18:43","guid":{"rendered":"https:\/\/llarscompartides.org\/vivienda-digna-y-derechos-humanos\/"},"modified":"2024-02-28T17:46:10","modified_gmt":"2024-02-28T16:46:10","slug":"vivienda-digna-y-derechos-humanos","status":"publish","type":"post","link":"https:\/\/llarscompartides.org\/es\/vivienda-digna-y-derechos-humanos\/","title":{"rendered":"Vivienda digna y derechos humanos"},"content":{"rendered":"<p>La mayor\u00eda de nosotros no tenemos plena conciencia de como los derechos humanos se entrelazan, y constituyen la base sobre la cual podemos desarrollar nuestra vida en plenitud. Uno de los \u00e1mbtos que mejor ilustran tanto esta fragilidad, es el derecho a una vivienda digna.<\/p>\n<p>El acceso a una vivienda digna, representa hoy uno de los retos m\u00e1s grandes a los que se enfrenta la humanidad. Tener una vivienda genera seguridad en el presente, y confianza en el futuro. Sin derecho a una vivienda digna, asuminos que para muchas personas la precariedad ser\u00e1 la norma<\/p>\n<p>Desde la Fundaci\u00f3n trabajamos desde hace 20 a\u00f1os para dignificar el envejecimiento de las personas mayores, a trav\u00e9s de una vivienda compartida.<\/p>\n<p><a href=\"https:\/\/www.esade.edu\/es\/articulos\/vivienda-digna-y-derechos-humanos\">+ Continua leyendo<\/a><\/p>\n","protected":false},"excerpt":{"rendered":"<p>La mayor\u00eda de nosotros no tenemos plena conciencia de como los derechos humanos se entrelazan, y constituyen la base sobre la cual podemos desarrollar nuestra vida en plenitud. Uno de los \u00e1mbtos que mejor ilustran tanto esta fragilidad, es el derecho a una vivienda digna&#8230;.<\/p>\n","protected":false},"author":4,"featured_media":2445,"comment_status":"closed","ping_status":"closed","sticky":false,"template":"","format":"standard","meta":{"footnotes":""},"categories":[16],"tags":[],"class_list":["post-2447","post","type-post","status-publish","format-standard","has-post-thumbnail","hentry","category-sin-categorizar-es"],"yoast_head":"<!-- This site is optimized with the Yoast SEO plugin v27.5 - https:\/\/yoast.com\/product\/yoast-seo-wordpress\/ -->\n<title>Vivienda digna y derechos humanos - FLLC<\/title>\n<meta name=\"robots\" content=\"index, follow, max-snippet:-1, max-image-preview:large, max-video-preview:-1\" \/>\n<link rel=\"canonical\" href=\"https:\/\/llarscompartides.org\/es\/vivienda-digna-y-derechos-humanos\/\" \/>\n<meta property=\"og:locale\" content=\"es_ES\" \/>\n<meta property=\"og:type\" content=\"article\" \/>\n<meta property=\"og:title\" content=\"Vivienda digna y derechos humanos - FLLC\" \/>\n<meta property=\"og:description\" content=\"La mayor\u00eda de nosotros no tenemos plena conciencia de como los derechos humanos se entrelazan, y constituyen la base sobre la cual podemos desarrollar nuestra vida en plenitud. Uno de los \u00e1mbtos que mejor ilustran tanto esta fragilidad, es el derecho a una vivienda digna....\" \/>\n<meta property=\"og:url\" content=\"https:\/\/llarscompartides.org\/es\/vivienda-digna-y-derechos-humanos\/\" \/>\n<meta property=\"og:site_name\" content=\"FLLC\" \/>\n<meta property=\"article:published_time\" content=\"2024-02-14T09:18:43+00:00\" \/>\n<meta property=\"article:modified_time\" content=\"2024-02-28T16:46:10+00:00\" \/>\n<meta property=\"og:image\" content=\"https:\/\/llarscompartides.org\/wp-content\/uploads\/2024\/02\/El-acceso-a-la-vivienda-en-el-corazon-de-las-ciudades-resilientes.jpg\" \/>\n\t<meta property=\"og:image:width\" content=\"1080\" \/>\n\t<meta property=\"og:image:height\" content=\"560\" \/>\n\t<meta property=\"og:image:type\" content=\"image\/jpeg\" \/>\n<meta name=\"author\" content=\"Alicia\" \/>\n<meta name=\"twitter:card\" content=\"summary_large_image\" \/>\n<meta name=\"twitter:creator\" content=\"@LlarsCompartids\" \/>\n<meta name=\"twitter:site\" content=\"@LlarsCompartids\" \/>\n<meta name=\"twitter:label1\" content=\"Escrito por\" \/>\n\t<meta name=\"twitter:data1\" content=\"Alicia\" \/>\n\t<meta name=\"twitter:label2\" content=\"Tiempo de lectura\" \/>\n\t<meta name=\"twitter:data2\" content=\"1 minuto\" \/>\n<script type=\"application\/ld+json\" class=\"yoast-schema-graph\">{\"@context\":\"https:\\\/\\\/schema.org\",\"@graph\":[{\"@type\":\"Article\",\"@id\":\"https:\\\/\\\/llarscompartides.org\\\/es\\\/vivienda-digna-y-derechos-humanos\\\/#article\",\"isPartOf\":{\"@id\":\"https:\\\/\\\/llarscompartides.org\\\/es\\\/vivienda-digna-y-derechos-humanos\\\/\"},\"author\":{\"name\":\"Alicia\",\"@id\":\"https:\\\/\\\/llarscompartides.org\\\/es\\\/#\\\/schema\\\/person\\\/53f7ef669aa691003a8d419d39534274\"},\"headline\":\"Vivienda digna y derechos humanos\",\"datePublished\":\"2024-02-14T09:18:43+00:00\",\"dateModified\":\"2024-02-28T16:46:10+00:00\",\"mainEntityOfPage\":{\"@id\":\"https:\\\/\\\/llarscompartides.org\\\/es\\\/vivienda-digna-y-derechos-humanos\\\/\"},\"wordCount\":128,\"publisher\":{\"@id\":\"https:\\\/\\\/llarscompartides.org\\\/es\\\/#organization\"},\"image\":{\"@id\":\"https:\\\/\\\/llarscompartides.org\\\/es\\\/vivienda-digna-y-derechos-humanos\\\/#primaryimage\"},\"thumbnailUrl\":\"https:\\\/\\\/llarscompartides.org\\\/wp-content\\\/uploads\\\/2024\\\/02\\\/El-acceso-a-la-vivienda-en-el-corazon-de-las-ciudades-resilientes.jpg\",\"articleSection\":[\"Sin categorizar\"],\"inLanguage\":\"es\"},{\"@type\":\"WebPage\",\"@id\":\"https:\\\/\\\/llarscompartides.org\\\/es\\\/vivienda-digna-y-derechos-humanos\\\/\",\"url\":\"https:\\\/\\\/llarscompartides.org\\\/es\\\/vivienda-digna-y-derechos-humanos\\\/\",\"name\":\"Vivienda digna y derechos humanos - FLLC\",\"isPartOf\":{\"@id\":\"https:\\\/\\\/llarscompartides.org\\\/es\\\/#website\"},\"primaryImageOfPage\":{\"@id\":\"https:\\\/\\\/llarscompartides.org\\\/es\\\/vivienda-digna-y-derechos-humanos\\\/#primaryimage\"},\"image\":{\"@id\":\"https:\\\/\\\/llarscompartides.org\\\/es\\\/vivienda-digna-y-derechos-humanos\\\/#primaryimage\"},\"thumbnailUrl\":\"https:\\\/\\\/llarscompartides.org\\\/wp-content\\\/uploads\\\/2024\\\/02\\\/El-acceso-a-la-vivienda-en-el-corazon-de-las-ciudades-resilientes.jpg\",\"datePublished\":\"2024-02-14T09:18:43+00:00\",\"dateModified\":\"2024-02-28T16:46:10+00:00\",\"breadcrumb\":{\"@id\":\"https:\\\/\\\/llarscompartides.org\\\/es\\\/vivienda-digna-y-derechos-humanos\\\/#breadcrumb\"},\"inLanguage\":\"es\",\"potentialAction\":[{\"@type\":\"ReadAction\",\"target\":[\"https:\\\/\\\/llarscompartides.org\\\/es\\\/vivienda-digna-y-derechos-humanos\\\/\"]}]},{\"@type\":\"ImageObject\",\"inLanguage\":\"es\",\"@id\":\"https:\\\/\\\/llarscompartides.org\\\/es\\\/vivienda-digna-y-derechos-humanos\\\/#primaryimage\",\"url\":\"https:\\\/\\\/llarscompartides.org\\\/wp-content\\\/uploads\\\/2024\\\/02\\\/El-acceso-a-la-vivienda-en-el-corazon-de-las-ciudades-resilientes.jpg\",\"contentUrl\":\"https:\\\/\\\/llarscompartides.org\\\/wp-content\\\/uploads\\\/2024\\\/02\\\/El-acceso-a-la-vivienda-en-el-corazon-de-las-ciudades-resilientes.jpg\",\"width\":1080,\"height\":560},{\"@type\":\"BreadcrumbList\",\"@id\":\"https:\\\/\\\/llarscompartides.org\\\/es\\\/vivienda-digna-y-derechos-humanos\\\/#breadcrumb\",\"itemListElement\":[{\"@type\":\"ListItem\",\"position\":1,\"name\":\"Home\",\"item\":\"https:\\\/\\\/llarscompartides.org\\\/es\\\/inicio-nueva\\\/\"},{\"@type\":\"ListItem\",\"position\":2,\"name\":\"Vivienda digna y derechos humanos\"}]},{\"@type\":\"WebSite\",\"@id\":\"https:\\\/\\\/llarscompartides.org\\\/es\\\/#website\",\"url\":\"https:\\\/\\\/llarscompartides.org\\\/es\\\/\",\"name\":\"llarscompartides.com\",\"description\":\"Fundaci\u00f3 llars compartides\",\"publisher\":{\"@id\":\"https:\\\/\\\/llarscompartides.org\\\/es\\\/#organization\"},\"potentialAction\":[{\"@type\":\"SearchAction\",\"target\":{\"@type\":\"EntryPoint\",\"urlTemplate\":\"https:\\\/\\\/llarscompartides.org\\\/es\\\/?s={search_term_string}\"},\"query-input\":{\"@type\":\"PropertyValueSpecification\",\"valueRequired\":true,\"valueName\":\"search_term_string\"}}],\"inLanguage\":\"es\"},{\"@type\":\"Organization\",\"@id\":\"https:\\\/\\\/llarscompartides.org\\\/es\\\/#organization\",\"name\":\"Fundaci\u00f3 Llars Compartides\",\"url\":\"https:\\\/\\\/llarscompartides.org\\\/es\\\/\",\"logo\":{\"@type\":\"ImageObject\",\"inLanguage\":\"es\",\"@id\":\"https:\\\/\\\/llarscompartides.org\\\/es\\\/#\\\/schema\\\/logo\\\/image\\\/\",\"url\":\"https:\\\/\\\/llarscompartides.org\\\/wp-content\\\/uploads\\\/2023\\\/06\\\/logo-llars-compartides-001.jpg\",\"contentUrl\":\"https:\\\/\\\/llarscompartides.org\\\/wp-content\\\/uploads\\\/2023\\\/06\\\/logo-llars-compartides-001.jpg\",\"width\":1684,\"height\":1191,\"caption\":\"Fundaci\u00f3 Llars Compartides\"},\"image\":{\"@id\":\"https:\\\/\\\/llarscompartides.org\\\/es\\\/#\\\/schema\\\/logo\\\/image\\\/\"},\"sameAs\":[\"https:\\\/\\\/x.com\\\/LlarsCompartids\",\"https:\\\/\\\/www.linkedin.com\\\/in\\\/fundaci-privada-llars-compartides-930216a6\\\/\"]},{\"@type\":\"Person\",\"@id\":\"https:\\\/\\\/llarscompartides.org\\\/es\\\/#\\\/schema\\\/person\\\/53f7ef669aa691003a8d419d39534274\",\"name\":\"Alicia\",\"url\":\"https:\\\/\\\/llarscompartides.org\\\/es\\\/author\\\/fundacio\\\/\"}]}<\/script>\n<!-- \/ Yoast SEO plugin. -->","yoast_head_json":{"title":"Vivienda digna y derechos humanos - FLLC","robots":{"index":"index","follow":"follow","max-snippet":"max-snippet:-1","max-image-preview":"max-image-preview:large","max-video-preview":"max-video-preview:-1"},"canonical":"https:\/\/llarscompartides.org\/es\/vivienda-digna-y-derechos-humanos\/","og_locale":"es_ES","og_type":"article","og_title":"Vivienda digna y derechos humanos - FLLC","og_description":"La mayor\u00eda de nosotros no tenemos plena conciencia de como los derechos humanos se entrelazan, y constituyen la base sobre la cual podemos desarrollar nuestra vida en plenitud. Uno de los \u00e1mbtos que mejor ilustran tanto esta fragilidad, es el derecho a una vivienda digna....","og_url":"https:\/\/llarscompartides.org\/es\/vivienda-digna-y-derechos-humanos\/","og_site_name":"FLLC","article_published_time":"2024-02-14T09:18:43+00:00","article_modified_time":"2024-02-28T16:46:10+00:00","og_image":[{"width":1080,"height":560,"url":"https:\/\/llarscompartides.org\/wp-content\/uploads\/2024\/02\/El-acceso-a-la-vivienda-en-el-corazon-de-las-ciudades-resilientes.jpg","type":"image\/jpeg"}],"author":"Alicia","twitter_card":"summary_large_image","twitter_creator":"@LlarsCompartids","twitter_site":"@LlarsCompartids","twitter_misc":{"Escrito por":"Alicia","Tiempo de lectura":"1 minuto"},"schema":{"@context":"https:\/\/schema.org","@graph":[{"@type":"Article","@id":"https:\/\/llarscompartides.org\/es\/vivienda-digna-y-derechos-humanos\/#article","isPartOf":{"@id":"https:\/\/llarscompartides.org\/es\/vivienda-digna-y-derechos-humanos\/"},"author":{"name":"Alicia","@id":"https:\/\/llarscompartides.org\/es\/#\/schema\/person\/53f7ef669aa691003a8d419d39534274"},"headline":"Vivienda digna y derechos humanos","datePublished":"2024-02-14T09:18:43+00:00","dateModified":"2024-02-28T16:46:10+00:00","mainEntityOfPage":{"@id":"https:\/\/llarscompartides.org\/es\/vivienda-digna-y-derechos-humanos\/"},"wordCount":128,"publisher":{"@id":"https:\/\/llarscompartides.org\/es\/#organization"},"image":{"@id":"https:\/\/llarscompartides.org\/es\/vivienda-digna-y-derechos-humanos\/#primaryimage"},"thumbnailUrl":"https:\/\/llarscompartides.org\/wp-content\/uploads\/2024\/02\/El-acceso-a-la-vivienda-en-el-corazon-de-las-ciudades-resilientes.jpg","articleSection":["Sin categorizar"],"inLanguage":"es"},{"@type":"WebPage","@id":"https:\/\/llarscompartides.org\/es\/vivienda-digna-y-derechos-humanos\/","url":"https:\/\/llarscompartides.org\/es\/vivienda-digna-y-derechos-humanos\/","name":"Vivienda digna y derechos humanos - FLLC","isPartOf":{"@id":"https:\/\/llarscompartides.org\/es\/#website"},"primaryImageOfPage":{"@id":"https:\/\/llarscompartides.org\/es\/vivienda-digna-y-derechos-humanos\/#primaryimage"},"image":{"@id":"https:\/\/llarscompartides.org\/es\/vivienda-digna-y-derechos-humanos\/#primaryimage"},"thumbnailUrl":"https:\/\/llarscompartides.org\/wp-content\/uploads\/2024\/02\/El-acceso-a-la-vivienda-en-el-corazon-de-las-ciudades-resilientes.jpg","datePublished":"2024-02-14T09:18:43+00:00","dateModified":"2024-02-28T16:46:10+00:00","breadcrumb":{"@id":"https:\/\/llarscompartides.org\/es\/vivienda-digna-y-derechos-humanos\/#breadcrumb"},"inLanguage":"es","potentialAction":[{"@type":"ReadAction","target":["https:\/\/llarscompartides.org\/es\/vivienda-digna-y-derechos-humanos\/"]}]},{"@type":"ImageObject","inLanguage":"es","@id":"https:\/\/llarscompartides.org\/es\/vivienda-digna-y-derechos-humanos\/#primaryimage","url":"https:\/\/llarscompartides.org\/wp-content\/uploads\/2024\/02\/El-acceso-a-la-vivienda-en-el-corazon-de-las-ciudades-resilientes.jpg","contentUrl":"https:\/\/llarscompartides.org\/wp-content\/uploads\/2024\/02\/El-acceso-a-la-vivienda-en-el-corazon-de-las-ciudades-resilientes.jpg","width":1080,"height":560},{"@type":"BreadcrumbList","@id":"https:\/\/llarscompartides.org\/es\/vivienda-digna-y-derechos-humanos\/#breadcrumb","itemListElement":[{"@type":"ListItem","position":1,"name":"Home","item":"https:\/\/llarscompartides.org\/es\/inicio-nueva\/"},{"@type":"ListItem","position":2,"name":"Vivienda digna y derechos humanos"}]},{"@type":"WebSite","@id":"https:\/\/llarscompartides.org\/es\/#website","url":"https:\/\/llarscompartides.org\/es\/","name":"llarscompartides.com","description":"Fundaci\u00f3 llars compartides","publisher":{"@id":"https:\/\/llarscompartides.org\/es\/#organization"},"potentialAction":[{"@type":"SearchAction","target":{"@type":"EntryPoint","urlTemplate":"https:\/\/llarscompartides.org\/es\/?s={search_term_string}"},"query-input":{"@type":"PropertyValueSpecification","valueRequired":true,"valueName":"search_term_string"}}],"inLanguage":"es"},{"@type":"Organization","@id":"https:\/\/llarscompartides.org\/es\/#organization","name":"Fundaci\u00f3 Llars Compartides","url":"https:\/\/llarscompartides.org\/es\/","logo":{"@type":"ImageObject","inLanguage":"es","@id":"https:\/\/llarscompartides.org\/es\/#\/schema\/logo\/image\/","url":"https:\/\/llarscompartides.org\/wp-content\/uploads\/2023\/06\/logo-llars-compartides-001.jpg","contentUrl":"https:\/\/llarscompartides.org\/wp-content\/uploads\/2023\/06\/logo-llars-compartides-001.jpg","width":1684,"height":1191,"caption":"Fundaci\u00f3 Llars Compartides"},"image":{"@id":"https:\/\/llarscompartides.org\/es\/#\/schema\/logo\/image\/"},"sameAs":["https:\/\/x.com\/LlarsCompartids","https:\/\/www.linkedin.com\/in\/fundaci-privada-llars-compartides-930216a6\/"]},{"@type":"Person","@id":"https:\/\/llarscompartides.org\/es\/#\/schema\/person\/53f7ef669aa691003a8d419d39534274","name":"Alicia","url":"https:\/\/llarscompartides.org\/es\/author\/fundacio\/"}]}},"_links":{"self":[{"href":"https:\/\/llarscompartides.org\/es\/wp-json\/wp\/v2\/posts\/2447","targetHints":{"allow":["GET"]}}],"collection":[{"href":"https:\/\/llarscompartides.org\/es\/wp-json\/wp\/v2\/posts"}],"about":[{"href":"https:\/\/llarscompartides.org\/es\/wp-json\/wp\/v2\/types\/post"}],"author":[{"embeddable":true,"href":"https:\/\/llarscompartides.org\/es\/wp-json\/wp\/v2\/users\/4"}],"replies":[{"embeddable":true,"href":"https:\/\/llarscompartides.org\/es\/wp-json\/wp\/v2\/comments?post=2447"}],"version-history":[{"count":2,"href":"https:\/\/llarscompartides.org\/es\/wp-json\/wp\/v2\/posts\/2447\/revisions"}],"predecessor-version":[{"id":2483,"href":"https:\/\/llarscompartides.org\/es\/wp-json\/wp\/v2\/posts\/2447\/revisions\/2483"}],"wp:featuredmedia":[{"embeddable":true,"href":"https:\/\/llarscompartides.org\/es\/wp-json\/wp\/v2\/media\/2445"}],"wp:attachment":[{"href":"https:\/\/llarscompartides.org\/es\/wp-json\/wp\/v2\/media?parent=2447"}],"wp:term":[{"taxonomy":"category","embeddable":true,"href":"https:\/\/llarscompartides.org\/es\/wp-json\/wp\/v2\/categories?post=2447"},{"taxonomy":"post_tag","embeddable":true,"href":"https:\/\/llarscompartides.org\/es\/wp-json\/wp\/v2\/tags?post=2447"}],"curies":[{"name":"wp","href":"https:\/\/api.w.org\/{rel}","templated":true}]}}