{"id":2417,"date":"2023-12-14T16:09:49","date_gmt":"2023-12-14T15:09:49","guid":{"rendered":"https:\/\/llarscompartides.org\/llega-avivas-la-primera-alianza-estatal-para-la-vivienda-social-y-asequible-desde-el-no-lucro\/"},"modified":"2023-12-14T16:09:49","modified_gmt":"2023-12-14T15:09:49","slug":"llega-avivas-la-primera-alianza-estatal-para-la-vivienda-social-y-asequible-desde-el-no-lucro","status":"publish","type":"post","link":"https:\/\/llarscompartides.org\/es\/llega-avivas-la-primera-alianza-estatal-para-la-vivienda-social-y-asequible-desde-el-no-lucro\/","title":{"rendered":"Llega AVIVAS, la primera alianza estatal para la vivienda social y asequible desde el no lucro"},"content":{"rendered":"<p>Esta red constitu\u00efda por la Fundaci\u00f3n Eguzkilore, Cohabitac &#8211; la Coordinadora de fundaciones gestoras y promotoras de vivienda social en Catalu\u00f1a- y Provivienda, nace con el objetivo de unir fuerzas y transformar el actual modelo de provisi\u00f3n de vivienda en uno no lucrativo, siguiendo la estela de las Housing Associations en Europa. Las organizaciones que conforman AVIVAS, cuentan con d\u00e9cadas de experiencia gestionando vivienda social y asequible para personas en situaci\u00f3n de vulnerabilidad y, solo en el 2022, gestionaron m\u00e1s de 6.900 vivendas, alojando a 16.500 personas.<\/p>\n<p>Las Housing Associations son organizaciones que, desde el no lucro o el lucro limitado, promueven, construyen, compran, rehabilitan y gestionan vivienda asequible y<br \/>\nsocial, apoyadas en mayor o menor medida por las administraciones p\u00fablicas para promover la actividad. Esta forma de colaboraci\u00f3n ya funciona \u00e1mpliamente en Europa, en lugares como Viena,<br \/>\nejemplo emblem\u00e1tico, donde una cuarta parte del parque immobiliario de la capital \u00e9s de vivienda social. Espanya tiene actualmente un parque de vivienda social de menos del 2,5%, a pesar que la media<br \/>\neuropea es del 9,3%.<\/p>\n<p>\u00abPara incorporar este modelo en nuestro pa\u00eds, es necesario adaptarlo a las caracter\u00edsticas de nuestro contexto social y econ\u00f3mico\u00bb, asegura Guti\u00e9rrez, que destaca la necesidad de tener un marco normativo<br \/>\nclaro que regule la actividad de estas organizaciones AVIVAS denuncia que las ONG actualmente tienen muchas trabas fiscales y de financiaci\u00f3n, a pesar de tener un objetivo 100% social, perque no tienen<br \/>\nfinalidades especulativas. Desde AVIVAS plantean en su manifiesto, una serie de medidas fiscales, financieras y normativas necesarias para acercar la pol\u00edtica de vivienda europea a Espa\u00f1a.<\/p>\n<p>Continuar leyendo sobre <a href=\"https:\/\/avivas.org\/\">AVIVAS<\/a><\/p>\n","protected":false},"excerpt":{"rendered":"<p>Esta red constitu\u00efda por la Fundaci\u00f3n Eguzkilore, Cohabitac &#8211; la Coordinadora de fundaciones gestoras y promotoras de vivienda social en Catalu\u00f1a- y Provivienda, nace con el objetivo de unir fuerzas y transformar el actual modelo de provisi\u00f3n de vivienda en uno no lucrativo, siguiendo la&#8230;<\/p>\n","protected":false},"author":4,"featured_media":2397,"comment_status":"closed","ping_status":"closed","sticky":false,"template":"","format":"standard","meta":{"footnotes":""},"categories":[16],"tags":[],"class_list":["post-2417","post","type-post","status-publish","format-standard","has-post-thumbnail","hentry","category-sin-categorizar-es"],"yoast_head":"<!-- This site is optimized with the Yoast SEO plugin v27.5 - https:\/\/yoast.com\/product\/yoast-seo-wordpress\/ -->\n<title>Llega AVIVAS, la primera alianza estatal para la vivienda social y asequible desde el no lucro - FLLC<\/title>\n<meta name=\"robots\" content=\"index, follow, max-snippet:-1, max-image-preview:large, max-video-preview:-1\" \/>\n<link rel=\"canonical\" href=\"https:\/\/llarscompartides.org\/es\/llega-avivas-la-primera-alianza-estatal-para-la-vivienda-social-y-asequible-desde-el-no-lucro\/\" \/>\n<meta property=\"og:locale\" content=\"es_ES\" \/>\n<meta property=\"og:type\" content=\"article\" \/>\n<meta property=\"og:title\" content=\"Llega AVIVAS, la primera alianza estatal para la vivienda social y asequible desde el no lucro - FLLC\" \/>\n<meta property=\"og:description\" content=\"Esta red constitu\u00efda por la Fundaci\u00f3n Eguzkilore, Cohabitac &#8211; la Coordinadora de fundaciones gestoras y promotoras de vivienda social en Catalu\u00f1a- y Provivienda, nace con el objetivo de unir fuerzas y transformar el actual modelo de provisi\u00f3n de vivienda en uno no lucrativo, siguiendo la...\" \/>\n<meta property=\"og:url\" content=\"https:\/\/llarscompartides.org\/es\/llega-avivas-la-primera-alianza-estatal-para-la-vivienda-social-y-asequible-desde-el-no-lucro\/\" \/>\n<meta property=\"og:site_name\" content=\"FLLC\" \/>\n<meta property=\"article:published_time\" content=\"2023-12-14T15:09:49+00:00\" \/>\n<meta property=\"og:image\" content=\"https:\/\/llarscompartides.org\/wp-content\/uploads\/2023\/12\/TW-LKD-FB-1-400x250-1.png\" \/>\n\t<meta property=\"og:image:width\" content=\"400\" \/>\n\t<meta property=\"og:image:height\" content=\"250\" \/>\n\t<meta property=\"og:image:type\" content=\"image\/png\" \/>\n<meta name=\"author\" content=\"Alicia\" \/>\n<meta name=\"twitter:card\" content=\"summary_large_image\" \/>\n<meta name=\"twitter:creator\" content=\"@LlarsCompartids\" \/>\n<meta name=\"twitter:site\" content=\"@LlarsCompartids\" \/>\n<meta name=\"twitter:label1\" content=\"Escrito por\" \/>\n\t<meta name=\"twitter:data1\" content=\"Alicia\" \/>\n\t<meta name=\"twitter:label2\" content=\"Tiempo de lectura\" \/>\n\t<meta name=\"twitter:data2\" content=\"1 minuto\" \/>\n<script type=\"application\/ld+json\" class=\"yoast-schema-graph\">{\"@context\":\"https:\\\/\\\/schema.org\",\"@graph\":[{\"@type\":\"Article\",\"@id\":\"https:\\\/\\\/llarscompartides.org\\\/es\\\/llega-avivas-la-primera-alianza-estatal-para-la-vivienda-social-y-asequible-desde-el-no-lucro\\\/#article\",\"isPartOf\":{\"@id\":\"https:\\\/\\\/llarscompartides.org\\\/es\\\/llega-avivas-la-primera-alianza-estatal-para-la-vivienda-social-y-asequible-desde-el-no-lucro\\\/\"},\"author\":{\"name\":\"Alicia\",\"@id\":\"https:\\\/\\\/llarscompartides.org\\\/es\\\/#\\\/schema\\\/person\\\/53f7ef669aa691003a8d419d39534274\"},\"headline\":\"Llega AVIVAS, la primera alianza estatal para la vivienda social y asequible desde el no lucro\",\"datePublished\":\"2023-12-14T15:09:49+00:00\",\"mainEntityOfPage\":{\"@id\":\"https:\\\/\\\/llarscompartides.org\\\/es\\\/llega-avivas-la-primera-alianza-estatal-para-la-vivienda-social-y-asequible-desde-el-no-lucro\\\/\"},\"wordCount\":294,\"publisher\":{\"@id\":\"https:\\\/\\\/llarscompartides.org\\\/es\\\/#organization\"},\"image\":{\"@id\":\"https:\\\/\\\/llarscompartides.org\\\/es\\\/llega-avivas-la-primera-alianza-estatal-para-la-vivienda-social-y-asequible-desde-el-no-lucro\\\/#primaryimage\"},\"thumbnailUrl\":\"https:\\\/\\\/llarscompartides.org\\\/wp-content\\\/uploads\\\/2023\\\/12\\\/TW-LKD-FB-1-400x250-1.png\",\"articleSection\":[\"Sin categorizar\"],\"inLanguage\":\"es\"},{\"@type\":\"WebPage\",\"@id\":\"https:\\\/\\\/llarscompartides.org\\\/es\\\/llega-avivas-la-primera-alianza-estatal-para-la-vivienda-social-y-asequible-desde-el-no-lucro\\\/\",\"url\":\"https:\\\/\\\/llarscompartides.org\\\/es\\\/llega-avivas-la-primera-alianza-estatal-para-la-vivienda-social-y-asequible-desde-el-no-lucro\\\/\",\"name\":\"Llega AVIVAS, la primera alianza estatal para la vivienda social y asequible desde el no lucro - FLLC\",\"isPartOf\":{\"@id\":\"https:\\\/\\\/llarscompartides.org\\\/es\\\/#website\"},\"primaryImageOfPage\":{\"@id\":\"https:\\\/\\\/llarscompartides.org\\\/es\\\/llega-avivas-la-primera-alianza-estatal-para-la-vivienda-social-y-asequible-desde-el-no-lucro\\\/#primaryimage\"},\"image\":{\"@id\":\"https:\\\/\\\/llarscompartides.org\\\/es\\\/llega-avivas-la-primera-alianza-estatal-para-la-vivienda-social-y-asequible-desde-el-no-lucro\\\/#primaryimage\"},\"thumbnailUrl\":\"https:\\\/\\\/llarscompartides.org\\\/wp-content\\\/uploads\\\/2023\\\/12\\\/TW-LKD-FB-1-400x250-1.png\",\"datePublished\":\"2023-12-14T15:09:49+00:00\",\"breadcrumb\":{\"@id\":\"https:\\\/\\\/llarscompartides.org\\\/es\\\/llega-avivas-la-primera-alianza-estatal-para-la-vivienda-social-y-asequible-desde-el-no-lucro\\\/#breadcrumb\"},\"inLanguage\":\"es\",\"potentialAction\":[{\"@type\":\"ReadAction\",\"target\":[\"https:\\\/\\\/llarscompartides.org\\\/es\\\/llega-avivas-la-primera-alianza-estatal-para-la-vivienda-social-y-asequible-desde-el-no-lucro\\\/\"]}]},{\"@type\":\"ImageObject\",\"inLanguage\":\"es\",\"@id\":\"https:\\\/\\\/llarscompartides.org\\\/es\\\/llega-avivas-la-primera-alianza-estatal-para-la-vivienda-social-y-asequible-desde-el-no-lucro\\\/#primaryimage\",\"url\":\"https:\\\/\\\/llarscompartides.org\\\/wp-content\\\/uploads\\\/2023\\\/12\\\/TW-LKD-FB-1-400x250-1.png\",\"contentUrl\":\"https:\\\/\\\/llarscompartides.org\\\/wp-content\\\/uploads\\\/2023\\\/12\\\/TW-LKD-FB-1-400x250-1.png\",\"width\":400,\"height\":250},{\"@type\":\"BreadcrumbList\",\"@id\":\"https:\\\/\\\/llarscompartides.org\\\/es\\\/llega-avivas-la-primera-alianza-estatal-para-la-vivienda-social-y-asequible-desde-el-no-lucro\\\/#breadcrumb\",\"itemListElement\":[{\"@type\":\"ListItem\",\"position\":1,\"name\":\"Home\",\"item\":\"https:\\\/\\\/llarscompartides.org\\\/es\\\/inicio-nueva\\\/\"},{\"@type\":\"ListItem\",\"position\":2,\"name\":\"Llega AVIVAS, la primera alianza estatal para la vivienda social y asequible desde el no lucro\"}]},{\"@type\":\"WebSite\",\"@id\":\"https:\\\/\\\/llarscompartides.org\\\/es\\\/#website\",\"url\":\"https:\\\/\\\/llarscompartides.org\\\/es\\\/\",\"name\":\"llarscompartides.com\",\"description\":\"Fundaci\u00f3 llars compartides\",\"publisher\":{\"@id\":\"https:\\\/\\\/llarscompartides.org\\\/es\\\/#organization\"},\"potentialAction\":[{\"@type\":\"SearchAction\",\"target\":{\"@type\":\"EntryPoint\",\"urlTemplate\":\"https:\\\/\\\/llarscompartides.org\\\/es\\\/?s={search_term_string}\"},\"query-input\":{\"@type\":\"PropertyValueSpecification\",\"valueRequired\":true,\"valueName\":\"search_term_string\"}}],\"inLanguage\":\"es\"},{\"@type\":\"Organization\",\"@id\":\"https:\\\/\\\/llarscompartides.org\\\/es\\\/#organization\",\"name\":\"Fundaci\u00f3 Llars Compartides\",\"url\":\"https:\\\/\\\/llarscompartides.org\\\/es\\\/\",\"logo\":{\"@type\":\"ImageObject\",\"inLanguage\":\"es\",\"@id\":\"https:\\\/\\\/llarscompartides.org\\\/es\\\/#\\\/schema\\\/logo\\\/image\\\/\",\"url\":\"https:\\\/\\\/llarscompartides.org\\\/wp-content\\\/uploads\\\/2023\\\/06\\\/logo-llars-compartides-001.jpg\",\"contentUrl\":\"https:\\\/\\\/llarscompartides.org\\\/wp-content\\\/uploads\\\/2023\\\/06\\\/logo-llars-compartides-001.jpg\",\"width\":1684,\"height\":1191,\"caption\":\"Fundaci\u00f3 Llars Compartides\"},\"image\":{\"@id\":\"https:\\\/\\\/llarscompartides.org\\\/es\\\/#\\\/schema\\\/logo\\\/image\\\/\"},\"sameAs\":[\"https:\\\/\\\/x.com\\\/LlarsCompartids\",\"https:\\\/\\\/www.linkedin.com\\\/in\\\/fundaci-privada-llars-compartides-930216a6\\\/\"]},{\"@type\":\"Person\",\"@id\":\"https:\\\/\\\/llarscompartides.org\\\/es\\\/#\\\/schema\\\/person\\\/53f7ef669aa691003a8d419d39534274\",\"name\":\"Alicia\",\"url\":\"https:\\\/\\\/llarscompartides.org\\\/es\\\/author\\\/fundacio\\\/\"}]}<\/script>\n<!-- \/ Yoast SEO plugin. -->","yoast_head_json":{"title":"Llega AVIVAS, la primera alianza estatal para la vivienda social y asequible desde el no lucro - FLLC","robots":{"index":"index","follow":"follow","max-snippet":"max-snippet:-1","max-image-preview":"max-image-preview:large","max-video-preview":"max-video-preview:-1"},"canonical":"https:\/\/llarscompartides.org\/es\/llega-avivas-la-primera-alianza-estatal-para-la-vivienda-social-y-asequible-desde-el-no-lucro\/","og_locale":"es_ES","og_type":"article","og_title":"Llega AVIVAS, la primera alianza estatal para la vivienda social y asequible desde el no lucro - FLLC","og_description":"Esta red constitu\u00efda por la Fundaci\u00f3n Eguzkilore, Cohabitac &#8211; la Coordinadora de fundaciones gestoras y promotoras de vivienda social en Catalu\u00f1a- y Provivienda, nace con el objetivo de unir fuerzas y transformar el actual modelo de provisi\u00f3n de vivienda en uno no lucrativo, siguiendo la...","og_url":"https:\/\/llarscompartides.org\/es\/llega-avivas-la-primera-alianza-estatal-para-la-vivienda-social-y-asequible-desde-el-no-lucro\/","og_site_name":"FLLC","article_published_time":"2023-12-14T15:09:49+00:00","og_image":[{"width":400,"height":250,"url":"https:\/\/llarscompartides.org\/wp-content\/uploads\/2023\/12\/TW-LKD-FB-1-400x250-1.png","type":"image\/png"}],"author":"Alicia","twitter_card":"summary_large_image","twitter_creator":"@LlarsCompartids","twitter_site":"@LlarsCompartids","twitter_misc":{"Escrito por":"Alicia","Tiempo de lectura":"1 minuto"},"schema":{"@context":"https:\/\/schema.org","@graph":[{"@type":"Article","@id":"https:\/\/llarscompartides.org\/es\/llega-avivas-la-primera-alianza-estatal-para-la-vivienda-social-y-asequible-desde-el-no-lucro\/#article","isPartOf":{"@id":"https:\/\/llarscompartides.org\/es\/llega-avivas-la-primera-alianza-estatal-para-la-vivienda-social-y-asequible-desde-el-no-lucro\/"},"author":{"name":"Alicia","@id":"https:\/\/llarscompartides.org\/es\/#\/schema\/person\/53f7ef669aa691003a8d419d39534274"},"headline":"Llega AVIVAS, la primera alianza estatal para la vivienda social y asequible desde el no lucro","datePublished":"2023-12-14T15:09:49+00:00","mainEntityOfPage":{"@id":"https:\/\/llarscompartides.org\/es\/llega-avivas-la-primera-alianza-estatal-para-la-vivienda-social-y-asequible-desde-el-no-lucro\/"},"wordCount":294,"publisher":{"@id":"https:\/\/llarscompartides.org\/es\/#organization"},"image":{"@id":"https:\/\/llarscompartides.org\/es\/llega-avivas-la-primera-alianza-estatal-para-la-vivienda-social-y-asequible-desde-el-no-lucro\/#primaryimage"},"thumbnailUrl":"https:\/\/llarscompartides.org\/wp-content\/uploads\/2023\/12\/TW-LKD-FB-1-400x250-1.png","articleSection":["Sin categorizar"],"inLanguage":"es"},{"@type":"WebPage","@id":"https:\/\/llarscompartides.org\/es\/llega-avivas-la-primera-alianza-estatal-para-la-vivienda-social-y-asequible-desde-el-no-lucro\/","url":"https:\/\/llarscompartides.org\/es\/llega-avivas-la-primera-alianza-estatal-para-la-vivienda-social-y-asequible-desde-el-no-lucro\/","name":"Llega AVIVAS, la primera alianza estatal para la vivienda social y asequible desde el no lucro - FLLC","isPartOf":{"@id":"https:\/\/llarscompartides.org\/es\/#website"},"primaryImageOfPage":{"@id":"https:\/\/llarscompartides.org\/es\/llega-avivas-la-primera-alianza-estatal-para-la-vivienda-social-y-asequible-desde-el-no-lucro\/#primaryimage"},"image":{"@id":"https:\/\/llarscompartides.org\/es\/llega-avivas-la-primera-alianza-estatal-para-la-vivienda-social-y-asequible-desde-el-no-lucro\/#primaryimage"},"thumbnailUrl":"https:\/\/llarscompartides.org\/wp-content\/uploads\/2023\/12\/TW-LKD-FB-1-400x250-1.png","datePublished":"2023-12-14T15:09:49+00:00","breadcrumb":{"@id":"https:\/\/llarscompartides.org\/es\/llega-avivas-la-primera-alianza-estatal-para-la-vivienda-social-y-asequible-desde-el-no-lucro\/#breadcrumb"},"inLanguage":"es","potentialAction":[{"@type":"ReadAction","target":["https:\/\/llarscompartides.org\/es\/llega-avivas-la-primera-alianza-estatal-para-la-vivienda-social-y-asequible-desde-el-no-lucro\/"]}]},{"@type":"ImageObject","inLanguage":"es","@id":"https:\/\/llarscompartides.org\/es\/llega-avivas-la-primera-alianza-estatal-para-la-vivienda-social-y-asequible-desde-el-no-lucro\/#primaryimage","url":"https:\/\/llarscompartides.org\/wp-content\/uploads\/2023\/12\/TW-LKD-FB-1-400x250-1.png","contentUrl":"https:\/\/llarscompartides.org\/wp-content\/uploads\/2023\/12\/TW-LKD-FB-1-400x250-1.png","width":400,"height":250},{"@type":"BreadcrumbList","@id":"https:\/\/llarscompartides.org\/es\/llega-avivas-la-primera-alianza-estatal-para-la-vivienda-social-y-asequible-desde-el-no-lucro\/#breadcrumb","itemListElement":[{"@type":"ListItem","position":1,"name":"Home","item":"https:\/\/llarscompartides.org\/es\/inicio-nueva\/"},{"@type":"ListItem","position":2,"name":"Llega AVIVAS, la primera alianza estatal para la vivienda social y asequible desde el no lucro"}]},{"@type":"WebSite","@id":"https:\/\/llarscompartides.org\/es\/#website","url":"https:\/\/llarscompartides.org\/es\/","name":"llarscompartides.com","description":"Fundaci\u00f3 llars compartides","publisher":{"@id":"https:\/\/llarscompartides.org\/es\/#organization"},"potentialAction":[{"@type":"SearchAction","target":{"@type":"EntryPoint","urlTemplate":"https:\/\/llarscompartides.org\/es\/?s={search_term_string}"},"query-input":{"@type":"PropertyValueSpecification","valueRequired":true,"valueName":"search_term_string"}}],"inLanguage":"es"},{"@type":"Organization","@id":"https:\/\/llarscompartides.org\/es\/#organization","name":"Fundaci\u00f3 Llars Compartides","url":"https:\/\/llarscompartides.org\/es\/","logo":{"@type":"ImageObject","inLanguage":"es","@id":"https:\/\/llarscompartides.org\/es\/#\/schema\/logo\/image\/","url":"https:\/\/llarscompartides.org\/wp-content\/uploads\/2023\/06\/logo-llars-compartides-001.jpg","contentUrl":"https:\/\/llarscompartides.org\/wp-content\/uploads\/2023\/06\/logo-llars-compartides-001.jpg","width":1684,"height":1191,"caption":"Fundaci\u00f3 Llars Compartides"},"image":{"@id":"https:\/\/llarscompartides.org\/es\/#\/schema\/logo\/image\/"},"sameAs":["https:\/\/x.com\/LlarsCompartids","https:\/\/www.linkedin.com\/in\/fundaci-privada-llars-compartides-930216a6\/"]},{"@type":"Person","@id":"https:\/\/llarscompartides.org\/es\/#\/schema\/person\/53f7ef669aa691003a8d419d39534274","name":"Alicia","url":"https:\/\/llarscompartides.org\/es\/author\/fundacio\/"}]}},"_links":{"self":[{"href":"https:\/\/llarscompartides.org\/es\/wp-json\/wp\/v2\/posts\/2417","targetHints":{"allow":["GET"]}}],"collection":[{"href":"https:\/\/llarscompartides.org\/es\/wp-json\/wp\/v2\/posts"}],"about":[{"href":"https:\/\/llarscompartides.org\/es\/wp-json\/wp\/v2\/types\/post"}],"author":[{"embeddable":true,"href":"https:\/\/llarscompartides.org\/es\/wp-json\/wp\/v2\/users\/4"}],"replies":[{"embeddable":true,"href":"https:\/\/llarscompartides.org\/es\/wp-json\/wp\/v2\/comments?post=2417"}],"version-history":[{"count":0,"href":"https:\/\/llarscompartides.org\/es\/wp-json\/wp\/v2\/posts\/2417\/revisions"}],"wp:featuredmedia":[{"embeddable":true,"href":"https:\/\/llarscompartides.org\/es\/wp-json\/wp\/v2\/media\/2397"}],"wp:attachment":[{"href":"https:\/\/llarscompartides.org\/es\/wp-json\/wp\/v2\/media?parent=2417"}],"wp:term":[{"taxonomy":"category","embeddable":true,"href":"https:\/\/llarscompartides.org\/es\/wp-json\/wp\/v2\/categories?post=2417"},{"taxonomy":"post_tag","embeddable":true,"href":"https:\/\/llarscompartides.org\/es\/wp-json\/wp\/v2\/tags?post=2417"}],"curies":[{"name":"wp","href":"https:\/\/api.w.org\/{rel}","templated":true}]}}