{"id":2404,"date":"2023-12-18T18:08:08","date_gmt":"2023-12-18T17:08:08","guid":{"rendered":"https:\/\/llarscompartides.org\/ya-esan-llegando-los-reyes-majos\/"},"modified":"2023-12-18T18:59:30","modified_gmt":"2023-12-18T17:59:30","slug":"ya-esan-llegando-los-reyes-majos","status":"publish","type":"post","link":"https:\/\/llarscompartides.org\/es\/ya-esan-llegando-los-reyes-majos\/","title":{"rendered":"Ya est\u00e1n llegando los \u00abReyes Majos\u00bb"},"content":{"rendered":"<p>Qu\u00e9 momento m\u00e1s m\u00e1gico y especial la llegada de los Reyes Majos.<\/p>\n<p>M\u00e1s de 2500 personas voluntarias han recibido su carta escrita a mano por otra persona, que pide un deseo para Navidad<\/p>\n<p>Cada Rey Majo de forma desinteresada, est\u00e1 atendiendo con ilusi\u00f3n a una persona. Se pone en su piel y empatiza con su situaci\u00f3n, poniendo un trozo de su coraz\u00f3n para aportarle afecto, en un tiempo tan especial com la Navidad<\/p>\n<p>S\u00f3lo con una carta, se est\u00e1n uniendo personas solidarias con ganas de ayudar, a otras personas que est\u00e1n viviendo situaciones m\u00e1s complicadas.<\/p>\n<p>Estimados Reyes Majos: nos ilusiona ver y sentir vuestra implicaci\u00f3n y vuestro afecto. Os esperamos con ilusi\u00f3n!<\/p>\n<p>En la Fundaci\u00f3n Llars Compartides, ya hace semanas que estamos nerviosos con la organizaci\u00f3n de la Fiesta de Navidad y la llegada de los regalos, gracias a esta fant\u00e1stica iniciativa. Como cada a\u00f1o, <strong>MUCHAS GRACIAS Y FELICES FIESTAS<\/strong>!!<\/p>\n<p>&nbsp;<\/p>\n","protected":false},"excerpt":{"rendered":"<p>Qu\u00e9 momento m\u00e1s m\u00e1gico y especial la llegada de los Reyes Majos. M\u00e1s de 2500 personas voluntarias han recibido su carta escrita a mano por otra persona, que pide un deseo para Navidad Cada Rey Majo de forma desinteresada, est\u00e1 atendiendo con ilusi\u00f3n a una&#8230;<\/p>\n","protected":false},"author":4,"featured_media":2401,"comment_status":"closed","ping_status":"closed","sticky":false,"template":"","format":"standard","meta":{"footnotes":""},"categories":[16],"tags":[],"class_list":["post-2404","post","type-post","status-publish","format-standard","has-post-thumbnail","hentry","category-sin-categorizar-es"],"yoast_head":"<!-- This site is optimized with the Yoast SEO plugin v27.5 - https:\/\/yoast.com\/product\/yoast-seo-wordpress\/ -->\n<title>Ya est\u00e1n llegando los &quot;Reyes Majos&quot; - FLLC<\/title>\n<meta name=\"robots\" content=\"index, follow, max-snippet:-1, max-image-preview:large, max-video-preview:-1\" \/>\n<link rel=\"canonical\" href=\"https:\/\/llarscompartides.org\/es\/ya-esan-llegando-los-reyes-majos\/\" \/>\n<meta property=\"og:locale\" content=\"es_ES\" \/>\n<meta property=\"og:type\" content=\"article\" \/>\n<meta property=\"og:title\" content=\"Ya est\u00e1n llegando los &quot;Reyes Majos&quot; - FLLC\" \/>\n<meta property=\"og:description\" content=\"Qu\u00e9 momento m\u00e1s m\u00e1gico y especial la llegada de los Reyes Majos. M\u00e1s de 2500 personas voluntarias han recibido su carta escrita a mano por otra persona, que pide un deseo para Navidad Cada Rey Majo de forma desinteresada, est\u00e1 atendiendo con ilusi\u00f3n a una...\" \/>\n<meta property=\"og:url\" content=\"https:\/\/llarscompartides.org\/es\/ya-esan-llegando-los-reyes-majos\/\" \/>\n<meta property=\"og:site_name\" content=\"FLLC\" \/>\n<meta property=\"article:published_time\" content=\"2023-12-18T17:08:08+00:00\" \/>\n<meta property=\"article:modified_time\" content=\"2023-12-18T17:59:30+00:00\" \/>\n<meta property=\"og:image\" content=\"https:\/\/llarscompartides.org\/wp-content\/uploads\/2023\/12\/unnamed.png\" \/>\n\t<meta property=\"og:image:width\" content=\"800\" \/>\n\t<meta property=\"og:image:height\" content=\"600\" \/>\n\t<meta property=\"og:image:type\" content=\"image\/png\" \/>\n<meta name=\"author\" content=\"Alicia\" \/>\n<meta name=\"twitter:card\" content=\"summary_large_image\" \/>\n<meta name=\"twitter:creator\" content=\"@LlarsCompartids\" \/>\n<meta name=\"twitter:site\" content=\"@LlarsCompartids\" \/>\n<meta name=\"twitter:label1\" content=\"Escrito por\" \/>\n\t<meta name=\"twitter:data1\" content=\"Alicia\" \/>\n\t<meta name=\"twitter:label2\" content=\"Tiempo de lectura\" \/>\n\t<meta name=\"twitter:data2\" content=\"1 minuto\" \/>\n<script type=\"application\/ld+json\" class=\"yoast-schema-graph\">{\"@context\":\"https:\\\/\\\/schema.org\",\"@graph\":[{\"@type\":\"Article\",\"@id\":\"https:\\\/\\\/llarscompartides.org\\\/es\\\/ya-esan-llegando-los-reyes-majos\\\/#article\",\"isPartOf\":{\"@id\":\"https:\\\/\\\/llarscompartides.org\\\/es\\\/ya-esan-llegando-los-reyes-majos\\\/\"},\"author\":{\"name\":\"Alicia\",\"@id\":\"https:\\\/\\\/llarscompartides.org\\\/es\\\/#\\\/schema\\\/person\\\/53f7ef669aa691003a8d419d39534274\"},\"headline\":\"Ya est\u00e1n llegando los \u00abReyes Majos\u00bb\",\"datePublished\":\"2023-12-18T17:08:08+00:00\",\"dateModified\":\"2023-12-18T17:59:30+00:00\",\"mainEntityOfPage\":{\"@id\":\"https:\\\/\\\/llarscompartides.org\\\/es\\\/ya-esan-llegando-los-reyes-majos\\\/\"},\"wordCount\":173,\"publisher\":{\"@id\":\"https:\\\/\\\/llarscompartides.org\\\/es\\\/#organization\"},\"image\":{\"@id\":\"https:\\\/\\\/llarscompartides.org\\\/es\\\/ya-esan-llegando-los-reyes-majos\\\/#primaryimage\"},\"thumbnailUrl\":\"https:\\\/\\\/llarscompartides.org\\\/wp-content\\\/uploads\\\/2023\\\/12\\\/unnamed.png\",\"articleSection\":[\"Sin categorizar\"],\"inLanguage\":\"es\"},{\"@type\":\"WebPage\",\"@id\":\"https:\\\/\\\/llarscompartides.org\\\/es\\\/ya-esan-llegando-los-reyes-majos\\\/\",\"url\":\"https:\\\/\\\/llarscompartides.org\\\/es\\\/ya-esan-llegando-los-reyes-majos\\\/\",\"name\":\"Ya est\u00e1n llegando los \\\"Reyes Majos\\\" - FLLC\",\"isPartOf\":{\"@id\":\"https:\\\/\\\/llarscompartides.org\\\/es\\\/#website\"},\"primaryImageOfPage\":{\"@id\":\"https:\\\/\\\/llarscompartides.org\\\/es\\\/ya-esan-llegando-los-reyes-majos\\\/#primaryimage\"},\"image\":{\"@id\":\"https:\\\/\\\/llarscompartides.org\\\/es\\\/ya-esan-llegando-los-reyes-majos\\\/#primaryimage\"},\"thumbnailUrl\":\"https:\\\/\\\/llarscompartides.org\\\/wp-content\\\/uploads\\\/2023\\\/12\\\/unnamed.png\",\"datePublished\":\"2023-12-18T17:08:08+00:00\",\"dateModified\":\"2023-12-18T17:59:30+00:00\",\"breadcrumb\":{\"@id\":\"https:\\\/\\\/llarscompartides.org\\\/es\\\/ya-esan-llegando-los-reyes-majos\\\/#breadcrumb\"},\"inLanguage\":\"es\",\"potentialAction\":[{\"@type\":\"ReadAction\",\"target\":[\"https:\\\/\\\/llarscompartides.org\\\/es\\\/ya-esan-llegando-los-reyes-majos\\\/\"]}]},{\"@type\":\"ImageObject\",\"inLanguage\":\"es\",\"@id\":\"https:\\\/\\\/llarscompartides.org\\\/es\\\/ya-esan-llegando-los-reyes-majos\\\/#primaryimage\",\"url\":\"https:\\\/\\\/llarscompartides.org\\\/wp-content\\\/uploads\\\/2023\\\/12\\\/unnamed.png\",\"contentUrl\":\"https:\\\/\\\/llarscompartides.org\\\/wp-content\\\/uploads\\\/2023\\\/12\\\/unnamed.png\",\"width\":800,\"height\":600},{\"@type\":\"BreadcrumbList\",\"@id\":\"https:\\\/\\\/llarscompartides.org\\\/es\\\/ya-esan-llegando-los-reyes-majos\\\/#breadcrumb\",\"itemListElement\":[{\"@type\":\"ListItem\",\"position\":1,\"name\":\"Home\",\"item\":\"https:\\\/\\\/llarscompartides.org\\\/es\\\/inicio-nueva\\\/\"},{\"@type\":\"ListItem\",\"position\":2,\"name\":\"Ya est\u00e1n llegando los &#8220;Reyes Majos&#8221;\"}]},{\"@type\":\"WebSite\",\"@id\":\"https:\\\/\\\/llarscompartides.org\\\/es\\\/#website\",\"url\":\"https:\\\/\\\/llarscompartides.org\\\/es\\\/\",\"name\":\"llarscompartides.com\",\"description\":\"Fundaci\u00f3 llars compartides\",\"publisher\":{\"@id\":\"https:\\\/\\\/llarscompartides.org\\\/es\\\/#organization\"},\"potentialAction\":[{\"@type\":\"SearchAction\",\"target\":{\"@type\":\"EntryPoint\",\"urlTemplate\":\"https:\\\/\\\/llarscompartides.org\\\/es\\\/?s={search_term_string}\"},\"query-input\":{\"@type\":\"PropertyValueSpecification\",\"valueRequired\":true,\"valueName\":\"search_term_string\"}}],\"inLanguage\":\"es\"},{\"@type\":\"Organization\",\"@id\":\"https:\\\/\\\/llarscompartides.org\\\/es\\\/#organization\",\"name\":\"Fundaci\u00f3 Llars Compartides\",\"url\":\"https:\\\/\\\/llarscompartides.org\\\/es\\\/\",\"logo\":{\"@type\":\"ImageObject\",\"inLanguage\":\"es\",\"@id\":\"https:\\\/\\\/llarscompartides.org\\\/es\\\/#\\\/schema\\\/logo\\\/image\\\/\",\"url\":\"https:\\\/\\\/llarscompartides.org\\\/wp-content\\\/uploads\\\/2023\\\/06\\\/logo-llars-compartides-001.jpg\",\"contentUrl\":\"https:\\\/\\\/llarscompartides.org\\\/wp-content\\\/uploads\\\/2023\\\/06\\\/logo-llars-compartides-001.jpg\",\"width\":1684,\"height\":1191,\"caption\":\"Fundaci\u00f3 Llars Compartides\"},\"image\":{\"@id\":\"https:\\\/\\\/llarscompartides.org\\\/es\\\/#\\\/schema\\\/logo\\\/image\\\/\"},\"sameAs\":[\"https:\\\/\\\/x.com\\\/LlarsCompartids\",\"https:\\\/\\\/www.linkedin.com\\\/in\\\/fundaci-privada-llars-compartides-930216a6\\\/\"]},{\"@type\":\"Person\",\"@id\":\"https:\\\/\\\/llarscompartides.org\\\/es\\\/#\\\/schema\\\/person\\\/53f7ef669aa691003a8d419d39534274\",\"name\":\"Alicia\",\"url\":\"https:\\\/\\\/llarscompartides.org\\\/es\\\/author\\\/fundacio\\\/\"}]}<\/script>\n<!-- \/ Yoast SEO plugin. -->","yoast_head_json":{"title":"Ya est\u00e1n llegando los \"Reyes Majos\" - FLLC","robots":{"index":"index","follow":"follow","max-snippet":"max-snippet:-1","max-image-preview":"max-image-preview:large","max-video-preview":"max-video-preview:-1"},"canonical":"https:\/\/llarscompartides.org\/es\/ya-esan-llegando-los-reyes-majos\/","og_locale":"es_ES","og_type":"article","og_title":"Ya est\u00e1n llegando los \"Reyes Majos\" - FLLC","og_description":"Qu\u00e9 momento m\u00e1s m\u00e1gico y especial la llegada de los Reyes Majos. M\u00e1s de 2500 personas voluntarias han recibido su carta escrita a mano por otra persona, que pide un deseo para Navidad Cada Rey Majo de forma desinteresada, est\u00e1 atendiendo con ilusi\u00f3n a una...","og_url":"https:\/\/llarscompartides.org\/es\/ya-esan-llegando-los-reyes-majos\/","og_site_name":"FLLC","article_published_time":"2023-12-18T17:08:08+00:00","article_modified_time":"2023-12-18T17:59:30+00:00","og_image":[{"width":800,"height":600,"url":"https:\/\/llarscompartides.org\/wp-content\/uploads\/2023\/12\/unnamed.png","type":"image\/png"}],"author":"Alicia","twitter_card":"summary_large_image","twitter_creator":"@LlarsCompartids","twitter_site":"@LlarsCompartids","twitter_misc":{"Escrito por":"Alicia","Tiempo de lectura":"1 minuto"},"schema":{"@context":"https:\/\/schema.org","@graph":[{"@type":"Article","@id":"https:\/\/llarscompartides.org\/es\/ya-esan-llegando-los-reyes-majos\/#article","isPartOf":{"@id":"https:\/\/llarscompartides.org\/es\/ya-esan-llegando-los-reyes-majos\/"},"author":{"name":"Alicia","@id":"https:\/\/llarscompartides.org\/es\/#\/schema\/person\/53f7ef669aa691003a8d419d39534274"},"headline":"Ya est\u00e1n llegando los \u00abReyes Majos\u00bb","datePublished":"2023-12-18T17:08:08+00:00","dateModified":"2023-12-18T17:59:30+00:00","mainEntityOfPage":{"@id":"https:\/\/llarscompartides.org\/es\/ya-esan-llegando-los-reyes-majos\/"},"wordCount":173,"publisher":{"@id":"https:\/\/llarscompartides.org\/es\/#organization"},"image":{"@id":"https:\/\/llarscompartides.org\/es\/ya-esan-llegando-los-reyes-majos\/#primaryimage"},"thumbnailUrl":"https:\/\/llarscompartides.org\/wp-content\/uploads\/2023\/12\/unnamed.png","articleSection":["Sin categorizar"],"inLanguage":"es"},{"@type":"WebPage","@id":"https:\/\/llarscompartides.org\/es\/ya-esan-llegando-los-reyes-majos\/","url":"https:\/\/llarscompartides.org\/es\/ya-esan-llegando-los-reyes-majos\/","name":"Ya est\u00e1n llegando los \"Reyes Majos\" - FLLC","isPartOf":{"@id":"https:\/\/llarscompartides.org\/es\/#website"},"primaryImageOfPage":{"@id":"https:\/\/llarscompartides.org\/es\/ya-esan-llegando-los-reyes-majos\/#primaryimage"},"image":{"@id":"https:\/\/llarscompartides.org\/es\/ya-esan-llegando-los-reyes-majos\/#primaryimage"},"thumbnailUrl":"https:\/\/llarscompartides.org\/wp-content\/uploads\/2023\/12\/unnamed.png","datePublished":"2023-12-18T17:08:08+00:00","dateModified":"2023-12-18T17:59:30+00:00","breadcrumb":{"@id":"https:\/\/llarscompartides.org\/es\/ya-esan-llegando-los-reyes-majos\/#breadcrumb"},"inLanguage":"es","potentialAction":[{"@type":"ReadAction","target":["https:\/\/llarscompartides.org\/es\/ya-esan-llegando-los-reyes-majos\/"]}]},{"@type":"ImageObject","inLanguage":"es","@id":"https:\/\/llarscompartides.org\/es\/ya-esan-llegando-los-reyes-majos\/#primaryimage","url":"https:\/\/llarscompartides.org\/wp-content\/uploads\/2023\/12\/unnamed.png","contentUrl":"https:\/\/llarscompartides.org\/wp-content\/uploads\/2023\/12\/unnamed.png","width":800,"height":600},{"@type":"BreadcrumbList","@id":"https:\/\/llarscompartides.org\/es\/ya-esan-llegando-los-reyes-majos\/#breadcrumb","itemListElement":[{"@type":"ListItem","position":1,"name":"Home","item":"https:\/\/llarscompartides.org\/es\/inicio-nueva\/"},{"@type":"ListItem","position":2,"name":"Ya est\u00e1n llegando los &#8220;Reyes Majos&#8221;"}]},{"@type":"WebSite","@id":"https:\/\/llarscompartides.org\/es\/#website","url":"https:\/\/llarscompartides.org\/es\/","name":"llarscompartides.com","description":"Fundaci\u00f3 llars compartides","publisher":{"@id":"https:\/\/llarscompartides.org\/es\/#organization"},"potentialAction":[{"@type":"SearchAction","target":{"@type":"EntryPoint","urlTemplate":"https:\/\/llarscompartides.org\/es\/?s={search_term_string}"},"query-input":{"@type":"PropertyValueSpecification","valueRequired":true,"valueName":"search_term_string"}}],"inLanguage":"es"},{"@type":"Organization","@id":"https:\/\/llarscompartides.org\/es\/#organization","name":"Fundaci\u00f3 Llars Compartides","url":"https:\/\/llarscompartides.org\/es\/","logo":{"@type":"ImageObject","inLanguage":"es","@id":"https:\/\/llarscompartides.org\/es\/#\/schema\/logo\/image\/","url":"https:\/\/llarscompartides.org\/wp-content\/uploads\/2023\/06\/logo-llars-compartides-001.jpg","contentUrl":"https:\/\/llarscompartides.org\/wp-content\/uploads\/2023\/06\/logo-llars-compartides-001.jpg","width":1684,"height":1191,"caption":"Fundaci\u00f3 Llars Compartides"},"image":{"@id":"https:\/\/llarscompartides.org\/es\/#\/schema\/logo\/image\/"},"sameAs":["https:\/\/x.com\/LlarsCompartids","https:\/\/www.linkedin.com\/in\/fundaci-privada-llars-compartides-930216a6\/"]},{"@type":"Person","@id":"https:\/\/llarscompartides.org\/es\/#\/schema\/person\/53f7ef669aa691003a8d419d39534274","name":"Alicia","url":"https:\/\/llarscompartides.org\/es\/author\/fundacio\/"}]}},"_links":{"self":[{"href":"https:\/\/llarscompartides.org\/es\/wp-json\/wp\/v2\/posts\/2404","targetHints":{"allow":["GET"]}}],"collection":[{"href":"https:\/\/llarscompartides.org\/es\/wp-json\/wp\/v2\/posts"}],"about":[{"href":"https:\/\/llarscompartides.org\/es\/wp-json\/wp\/v2\/types\/post"}],"author":[{"embeddable":true,"href":"https:\/\/llarscompartides.org\/es\/wp-json\/wp\/v2\/users\/4"}],"replies":[{"embeddable":true,"href":"https:\/\/llarscompartides.org\/es\/wp-json\/wp\/v2\/comments?post=2404"}],"version-history":[{"count":1,"href":"https:\/\/llarscompartides.org\/es\/wp-json\/wp\/v2\/posts\/2404\/revisions"}],"predecessor-version":[{"id":2407,"href":"https:\/\/llarscompartides.org\/es\/wp-json\/wp\/v2\/posts\/2404\/revisions\/2407"}],"wp:featuredmedia":[{"embeddable":true,"href":"https:\/\/llarscompartides.org\/es\/wp-json\/wp\/v2\/media\/2401"}],"wp:attachment":[{"href":"https:\/\/llarscompartides.org\/es\/wp-json\/wp\/v2\/media?parent=2404"}],"wp:term":[{"taxonomy":"category","embeddable":true,"href":"https:\/\/llarscompartides.org\/es\/wp-json\/wp\/v2\/categories?post=2404"},{"taxonomy":"post_tag","embeddable":true,"href":"https:\/\/llarscompartides.org\/es\/wp-json\/wp\/v2\/tags?post=2404"}],"curies":[{"name":"wp","href":"https:\/\/api.w.org\/{rel}","templated":true}]}}