{"id":2330,"date":"2023-10-16T10:39:19","date_gmt":"2023-10-16T08:39:19","guid":{"rendered":"https:\/\/llarscompartides.org\/buscamos-empresas-solidarias-para-participar-en-reyes-majos\/"},"modified":"2024-06-05T18:58:25","modified_gmt":"2024-06-05T16:58:25","slug":"buscamos-empresas-solidarias-para-participar-en-reyes-majos","status":"publish","type":"post","link":"https:\/\/llarscompartides.org\/es\/buscamos-empresas-solidarias-para-participar-en-reyes-majos\/","title":{"rendered":"Buscamos empresas solidarias para participar en Reyes Majos"},"content":{"rendered":"<div class=\"summary\">Reyes Majos, un proyecto social de Navidad, destinado a la ciudadan\u00eda y a las empresas socialmente responsables.<\/p>\n<\/div>\n<div class=\"text\">Durante 14 a\u00f1os, la Fundaci\u00f3n Miaportaci\u00f3n ha organizado el proyecto social de Navidad, <strong class=\"bb strong_bb\">Reyes Majos.<\/strong> Un proyecto que se lleva a cabo en colaboraci\u00f3n con entidades sociales de Espa\u00f1a para vivir la Navidad con esp\u00edritu solidario, en el cual personas vulnerables escriben su carta a los Reyes y gracias a la magia de los Reyes Majos, ven cumplidos sus deseos.<\/p>\n<p>El hecho de que las empresas acojan este proyecto para vivir una Navidad solidaria entre los trabajadores es muy significativo. Es un claro ejemplo de c\u00f3mo una empresa puede buscar acciones concretas para que sus valores y compromisos sociales se vivan desde dentro y ser as\u00ed coherente con su responsabilidad social. Proyectos como Reyes Majos contribuyen a construir marcas amables, sociales y atractivas, y a crear empresas donde el ambiente de trabajo sea agradable. Acoger este tipo de iniciativas es tambi\u00e9n una forma de provocar un impacto en los empleados, en los clientes y en la sociedad.<\/p>\n<p>Ya est\u00e1n abiertas las inscripciones para las empresas socialmente responsables interesadas en participar. Las inscripciones de los particulares comenzar\u00e1n el 2 de noviembre. Esperamos con ilusi\u00f3n que muchas empresas acojan esta oportunidad para vivir de manera solidaria la Navidad y poder cumplir todos los deseos que se piden a los Reyes Majos.<\/p>\n<p><strong class=\"bb strong_bb\"><span class=\"bb span_bb\">La Fundaci\u00f3n Llars Compartides, participa en esta iniciativa desde sus inicios.<\/span><\/strong><\/p>\n<p><a class=\"bb a_bb\" href=\"https:\/\/www.reyesmajos.org\/\">Ampliar informaci\u00f3n<\/a><\/div>\n<div><\/div>\n<div><\/div>\n<div><\/div>\n<div><\/div>\n<div><\/div>\n<div><\/div>\n","protected":false},"excerpt":{"rendered":"<p>Reyes Majos, un proyecto social de Navidad, destinado a la ciudadan\u00eda y a las empresas socialmente responsables. Durante 14 a\u00f1os, la Fundaci\u00f3n Miaportaci\u00f3n ha organizado el proyecto social de Navidad, Reyes Majos. Un proyecto que se lleva a cabo en colaboraci\u00f3n con entidades sociales de&#8230;<\/p>\n","protected":false},"author":3,"featured_media":2328,"comment_status":"closed","ping_status":"closed","sticky":false,"template":"","format":"standard","meta":{"footnotes":""},"categories":[16],"tags":[],"class_list":["post-2330","post","type-post","status-publish","format-standard","has-post-thumbnail","hentry","category-sin-categorizar-es"],"yoast_head":"<!-- This site is optimized with the Yoast SEO plugin v27.5 - https:\/\/yoast.com\/product\/yoast-seo-wordpress\/ -->\n<title>Buscamos empresas solidarias para participar en Reyes Majos - FLLC<\/title>\n<meta name=\"description\" content=\"Durante 14 a\u00f1os, la Fundaci\u00f3n Miaportaci\u00f3n ha organizado el proyecto social de Navidad, Reyes Majos. Un proyecto que se lleva a cabo en colaboraci\u00f3n con entidades sociales de Espa\u00f1a para vivir la Navidad con esp\u00edritu solidario, en el cual personas vulnerables escriben su carta a los Reyes y gracias a la magia de los Reyes Majos, ven cumplidos sus deseos.\" \/>\n<meta name=\"robots\" content=\"index, follow, max-snippet:-1, max-image-preview:large, max-video-preview:-1\" \/>\n<link rel=\"canonical\" href=\"https:\/\/llarscompartides.org\/es\/buscamos-empresas-solidarias-para-participar-en-reyes-majos\/\" \/>\n<meta property=\"og:locale\" content=\"es_ES\" \/>\n<meta property=\"og:type\" content=\"article\" \/>\n<meta property=\"og:title\" content=\"Buscamos empresas solidarias para participar en Reyes Majos - FLLC\" \/>\n<meta property=\"og:description\" content=\"Durante 14 a\u00f1os, la Fundaci\u00f3n Miaportaci\u00f3n ha organizado el proyecto social de Navidad, Reyes Majos. Un proyecto que se lleva a cabo en colaboraci\u00f3n con entidades sociales de Espa\u00f1a para vivir la Navidad con esp\u00edritu solidario, en el cual personas vulnerables escriben su carta a los Reyes y gracias a la magia de los Reyes Majos, ven cumplidos sus deseos.\" \/>\n<meta property=\"og:url\" content=\"https:\/\/llarscompartides.org\/es\/buscamos-empresas-solidarias-para-participar-en-reyes-majos\/\" \/>\n<meta property=\"og:site_name\" content=\"FLLC\" \/>\n<meta property=\"article:published_time\" content=\"2023-10-16T08:39:19+00:00\" \/>\n<meta property=\"article:modified_time\" content=\"2024-06-05T16:58:25+00:00\" \/>\n<meta property=\"og:image\" content=\"https:\/\/llarscompartides.org\/wp-content\/uploads\/2023\/10\/Captura-de-Pantalla-2023-10-27-a-las-10.38.46.png\" \/>\n\t<meta property=\"og:image:width\" content=\"586\" \/>\n\t<meta property=\"og:image:height\" content=\"298\" \/>\n\t<meta property=\"og:image:type\" content=\"image\/png\" \/>\n<meta name=\"author\" content=\"Mar\u00eda Cruz Parayre\" \/>\n<meta name=\"twitter:card\" content=\"summary_large_image\" \/>\n<meta name=\"twitter:creator\" content=\"@LlarsCompartids\" \/>\n<meta name=\"twitter:site\" content=\"@LlarsCompartids\" \/>\n<meta name=\"twitter:label1\" content=\"Escrito por\" \/>\n\t<meta name=\"twitter:data1\" content=\"Mar\u00eda Cruz Parayre\" \/>\n\t<meta name=\"twitter:label2\" content=\"Tiempo de lectura\" \/>\n\t<meta name=\"twitter:data2\" content=\"1 minuto\" \/>\n<script type=\"application\/ld+json\" class=\"yoast-schema-graph\">{\"@context\":\"https:\\\/\\\/schema.org\",\"@graph\":[{\"@type\":\"Article\",\"@id\":\"https:\\\/\\\/llarscompartides.org\\\/es\\\/buscamos-empresas-solidarias-para-participar-en-reyes-majos\\\/#article\",\"isPartOf\":{\"@id\":\"https:\\\/\\\/llarscompartides.org\\\/es\\\/buscamos-empresas-solidarias-para-participar-en-reyes-majos\\\/\"},\"author\":{\"name\":\"Mar\u00eda Cruz Parayre\",\"@id\":\"https:\\\/\\\/llarscompartides.org\\\/es\\\/#\\\/schema\\\/person\\\/62c802948bbb446ac7fb8080a0f1564f\"},\"headline\":\"Buscamos empresas solidarias para participar en Reyes Majos\",\"datePublished\":\"2023-10-16T08:39:19+00:00\",\"dateModified\":\"2024-06-05T16:58:25+00:00\",\"mainEntityOfPage\":{\"@id\":\"https:\\\/\\\/llarscompartides.org\\\/es\\\/buscamos-empresas-solidarias-para-participar-en-reyes-majos\\\/\"},\"wordCount\":259,\"publisher\":{\"@id\":\"https:\\\/\\\/llarscompartides.org\\\/es\\\/#organization\"},\"image\":{\"@id\":\"https:\\\/\\\/llarscompartides.org\\\/es\\\/buscamos-empresas-solidarias-para-participar-en-reyes-majos\\\/#primaryimage\"},\"thumbnailUrl\":\"https:\\\/\\\/llarscompartides.org\\\/wp-content\\\/uploads\\\/2023\\\/10\\\/Captura-de-Pantalla-2023-10-27-a-las-10.38.46.png\",\"articleSection\":[\"Sin categorizar\"],\"inLanguage\":\"es\"},{\"@type\":\"WebPage\",\"@id\":\"https:\\\/\\\/llarscompartides.org\\\/es\\\/buscamos-empresas-solidarias-para-participar-en-reyes-majos\\\/\",\"url\":\"https:\\\/\\\/llarscompartides.org\\\/es\\\/buscamos-empresas-solidarias-para-participar-en-reyes-majos\\\/\",\"name\":\"Buscamos empresas solidarias para participar en Reyes Majos - FLLC\",\"isPartOf\":{\"@id\":\"https:\\\/\\\/llarscompartides.org\\\/es\\\/#website\"},\"primaryImageOfPage\":{\"@id\":\"https:\\\/\\\/llarscompartides.org\\\/es\\\/buscamos-empresas-solidarias-para-participar-en-reyes-majos\\\/#primaryimage\"},\"image\":{\"@id\":\"https:\\\/\\\/llarscompartides.org\\\/es\\\/buscamos-empresas-solidarias-para-participar-en-reyes-majos\\\/#primaryimage\"},\"thumbnailUrl\":\"https:\\\/\\\/llarscompartides.org\\\/wp-content\\\/uploads\\\/2023\\\/10\\\/Captura-de-Pantalla-2023-10-27-a-las-10.38.46.png\",\"datePublished\":\"2023-10-16T08:39:19+00:00\",\"dateModified\":\"2024-06-05T16:58:25+00:00\",\"description\":\"Durante 14 a\u00f1os, la Fundaci\u00f3n Miaportaci\u00f3n ha organizado el proyecto social de Navidad, Reyes Majos. Un proyecto que se lleva a cabo en colaboraci\u00f3n con entidades sociales de Espa\u00f1a para vivir la Navidad con esp\u00edritu solidario, en el cual personas vulnerables escriben su carta a los Reyes y gracias a la magia de los Reyes Majos, ven cumplidos sus deseos.\",\"breadcrumb\":{\"@id\":\"https:\\\/\\\/llarscompartides.org\\\/es\\\/buscamos-empresas-solidarias-para-participar-en-reyes-majos\\\/#breadcrumb\"},\"inLanguage\":\"es\",\"potentialAction\":[{\"@type\":\"ReadAction\",\"target\":[\"https:\\\/\\\/llarscompartides.org\\\/es\\\/buscamos-empresas-solidarias-para-participar-en-reyes-majos\\\/\"]}]},{\"@type\":\"ImageObject\",\"inLanguage\":\"es\",\"@id\":\"https:\\\/\\\/llarscompartides.org\\\/es\\\/buscamos-empresas-solidarias-para-participar-en-reyes-majos\\\/#primaryimage\",\"url\":\"https:\\\/\\\/llarscompartides.org\\\/wp-content\\\/uploads\\\/2023\\\/10\\\/Captura-de-Pantalla-2023-10-27-a-las-10.38.46.png\",\"contentUrl\":\"https:\\\/\\\/llarscompartides.org\\\/wp-content\\\/uploads\\\/2023\\\/10\\\/Captura-de-Pantalla-2023-10-27-a-las-10.38.46.png\",\"width\":586,\"height\":298},{\"@type\":\"BreadcrumbList\",\"@id\":\"https:\\\/\\\/llarscompartides.org\\\/es\\\/buscamos-empresas-solidarias-para-participar-en-reyes-majos\\\/#breadcrumb\",\"itemListElement\":[{\"@type\":\"ListItem\",\"position\":1,\"name\":\"Home\",\"item\":\"https:\\\/\\\/llarscompartides.org\\\/es\\\/inicio-nueva\\\/\"},{\"@type\":\"ListItem\",\"position\":2,\"name\":\"Buscamos empresas solidarias para participar en Reyes Majos\"}]},{\"@type\":\"WebSite\",\"@id\":\"https:\\\/\\\/llarscompartides.org\\\/es\\\/#website\",\"url\":\"https:\\\/\\\/llarscompartides.org\\\/es\\\/\",\"name\":\"llarscompartides.com\",\"description\":\"Fundaci\u00f3 llars compartides\",\"publisher\":{\"@id\":\"https:\\\/\\\/llarscompartides.org\\\/es\\\/#organization\"},\"potentialAction\":[{\"@type\":\"SearchAction\",\"target\":{\"@type\":\"EntryPoint\",\"urlTemplate\":\"https:\\\/\\\/llarscompartides.org\\\/es\\\/?s={search_term_string}\"},\"query-input\":{\"@type\":\"PropertyValueSpecification\",\"valueRequired\":true,\"valueName\":\"search_term_string\"}}],\"inLanguage\":\"es\"},{\"@type\":\"Organization\",\"@id\":\"https:\\\/\\\/llarscompartides.org\\\/es\\\/#organization\",\"name\":\"Fundaci\u00f3 Llars Compartides\",\"url\":\"https:\\\/\\\/llarscompartides.org\\\/es\\\/\",\"logo\":{\"@type\":\"ImageObject\",\"inLanguage\":\"es\",\"@id\":\"https:\\\/\\\/llarscompartides.org\\\/es\\\/#\\\/schema\\\/logo\\\/image\\\/\",\"url\":\"https:\\\/\\\/llarscompartides.org\\\/wp-content\\\/uploads\\\/2023\\\/06\\\/logo-llars-compartides-001.jpg\",\"contentUrl\":\"https:\\\/\\\/llarscompartides.org\\\/wp-content\\\/uploads\\\/2023\\\/06\\\/logo-llars-compartides-001.jpg\",\"width\":1684,\"height\":1191,\"caption\":\"Fundaci\u00f3 Llars Compartides\"},\"image\":{\"@id\":\"https:\\\/\\\/llarscompartides.org\\\/es\\\/#\\\/schema\\\/logo\\\/image\\\/\"},\"sameAs\":[\"https:\\\/\\\/x.com\\\/LlarsCompartids\",\"https:\\\/\\\/www.linkedin.com\\\/in\\\/fundaci-privada-llars-compartides-930216a6\\\/\"]},{\"@type\":\"Person\",\"@id\":\"https:\\\/\\\/llarscompartides.org\\\/es\\\/#\\\/schema\\\/person\\\/62c802948bbb446ac7fb8080a0f1564f\",\"name\":\"Mar\u00eda Cruz Parayre\",\"url\":\"https:\\\/\\\/llarscompartides.org\\\/es\\\/author\\\/llarscompartides\\\/\"}]}<\/script>\n<!-- \/ Yoast SEO plugin. -->","yoast_head_json":{"title":"Buscamos empresas solidarias para participar en Reyes Majos - FLLC","description":"Durante 14 a\u00f1os, la Fundaci\u00f3n Miaportaci\u00f3n ha organizado el proyecto social de Navidad, Reyes Majos. Un proyecto que se lleva a cabo en colaboraci\u00f3n con entidades sociales de Espa\u00f1a para vivir la Navidad con esp\u00edritu solidario, en el cual personas vulnerables escriben su carta a los Reyes y gracias a la magia de los Reyes Majos, ven cumplidos sus deseos.","robots":{"index":"index","follow":"follow","max-snippet":"max-snippet:-1","max-image-preview":"max-image-preview:large","max-video-preview":"max-video-preview:-1"},"canonical":"https:\/\/llarscompartides.org\/es\/buscamos-empresas-solidarias-para-participar-en-reyes-majos\/","og_locale":"es_ES","og_type":"article","og_title":"Buscamos empresas solidarias para participar en Reyes Majos - FLLC","og_description":"Durante 14 a\u00f1os, la Fundaci\u00f3n Miaportaci\u00f3n ha organizado el proyecto social de Navidad, Reyes Majos. Un proyecto que se lleva a cabo en colaboraci\u00f3n con entidades sociales de Espa\u00f1a para vivir la Navidad con esp\u00edritu solidario, en el cual personas vulnerables escriben su carta a los Reyes y gracias a la magia de los Reyes Majos, ven cumplidos sus deseos.","og_url":"https:\/\/llarscompartides.org\/es\/buscamos-empresas-solidarias-para-participar-en-reyes-majos\/","og_site_name":"FLLC","article_published_time":"2023-10-16T08:39:19+00:00","article_modified_time":"2024-06-05T16:58:25+00:00","og_image":[{"width":586,"height":298,"url":"https:\/\/llarscompartides.org\/wp-content\/uploads\/2023\/10\/Captura-de-Pantalla-2023-10-27-a-las-10.38.46.png","type":"image\/png"}],"author":"Mar\u00eda Cruz Parayre","twitter_card":"summary_large_image","twitter_creator":"@LlarsCompartids","twitter_site":"@LlarsCompartids","twitter_misc":{"Escrito por":"Mar\u00eda Cruz Parayre","Tiempo de lectura":"1 minuto"},"schema":{"@context":"https:\/\/schema.org","@graph":[{"@type":"Article","@id":"https:\/\/llarscompartides.org\/es\/buscamos-empresas-solidarias-para-participar-en-reyes-majos\/#article","isPartOf":{"@id":"https:\/\/llarscompartides.org\/es\/buscamos-empresas-solidarias-para-participar-en-reyes-majos\/"},"author":{"name":"Mar\u00eda Cruz Parayre","@id":"https:\/\/llarscompartides.org\/es\/#\/schema\/person\/62c802948bbb446ac7fb8080a0f1564f"},"headline":"Buscamos empresas solidarias para participar en Reyes Majos","datePublished":"2023-10-16T08:39:19+00:00","dateModified":"2024-06-05T16:58:25+00:00","mainEntityOfPage":{"@id":"https:\/\/llarscompartides.org\/es\/buscamos-empresas-solidarias-para-participar-en-reyes-majos\/"},"wordCount":259,"publisher":{"@id":"https:\/\/llarscompartides.org\/es\/#organization"},"image":{"@id":"https:\/\/llarscompartides.org\/es\/buscamos-empresas-solidarias-para-participar-en-reyes-majos\/#primaryimage"},"thumbnailUrl":"https:\/\/llarscompartides.org\/wp-content\/uploads\/2023\/10\/Captura-de-Pantalla-2023-10-27-a-las-10.38.46.png","articleSection":["Sin categorizar"],"inLanguage":"es"},{"@type":"WebPage","@id":"https:\/\/llarscompartides.org\/es\/buscamos-empresas-solidarias-para-participar-en-reyes-majos\/","url":"https:\/\/llarscompartides.org\/es\/buscamos-empresas-solidarias-para-participar-en-reyes-majos\/","name":"Buscamos empresas solidarias para participar en Reyes Majos - FLLC","isPartOf":{"@id":"https:\/\/llarscompartides.org\/es\/#website"},"primaryImageOfPage":{"@id":"https:\/\/llarscompartides.org\/es\/buscamos-empresas-solidarias-para-participar-en-reyes-majos\/#primaryimage"},"image":{"@id":"https:\/\/llarscompartides.org\/es\/buscamos-empresas-solidarias-para-participar-en-reyes-majos\/#primaryimage"},"thumbnailUrl":"https:\/\/llarscompartides.org\/wp-content\/uploads\/2023\/10\/Captura-de-Pantalla-2023-10-27-a-las-10.38.46.png","datePublished":"2023-10-16T08:39:19+00:00","dateModified":"2024-06-05T16:58:25+00:00","description":"Durante 14 a\u00f1os, la Fundaci\u00f3n Miaportaci\u00f3n ha organizado el proyecto social de Navidad, Reyes Majos. Un proyecto que se lleva a cabo en colaboraci\u00f3n con entidades sociales de Espa\u00f1a para vivir la Navidad con esp\u00edritu solidario, en el cual personas vulnerables escriben su carta a los Reyes y gracias a la magia de los Reyes Majos, ven cumplidos sus deseos.","breadcrumb":{"@id":"https:\/\/llarscompartides.org\/es\/buscamos-empresas-solidarias-para-participar-en-reyes-majos\/#breadcrumb"},"inLanguage":"es","potentialAction":[{"@type":"ReadAction","target":["https:\/\/llarscompartides.org\/es\/buscamos-empresas-solidarias-para-participar-en-reyes-majos\/"]}]},{"@type":"ImageObject","inLanguage":"es","@id":"https:\/\/llarscompartides.org\/es\/buscamos-empresas-solidarias-para-participar-en-reyes-majos\/#primaryimage","url":"https:\/\/llarscompartides.org\/wp-content\/uploads\/2023\/10\/Captura-de-Pantalla-2023-10-27-a-las-10.38.46.png","contentUrl":"https:\/\/llarscompartides.org\/wp-content\/uploads\/2023\/10\/Captura-de-Pantalla-2023-10-27-a-las-10.38.46.png","width":586,"height":298},{"@type":"BreadcrumbList","@id":"https:\/\/llarscompartides.org\/es\/buscamos-empresas-solidarias-para-participar-en-reyes-majos\/#breadcrumb","itemListElement":[{"@type":"ListItem","position":1,"name":"Home","item":"https:\/\/llarscompartides.org\/es\/inicio-nueva\/"},{"@type":"ListItem","position":2,"name":"Buscamos empresas solidarias para participar en Reyes Majos"}]},{"@type":"WebSite","@id":"https:\/\/llarscompartides.org\/es\/#website","url":"https:\/\/llarscompartides.org\/es\/","name":"llarscompartides.com","description":"Fundaci\u00f3 llars compartides","publisher":{"@id":"https:\/\/llarscompartides.org\/es\/#organization"},"potentialAction":[{"@type":"SearchAction","target":{"@type":"EntryPoint","urlTemplate":"https:\/\/llarscompartides.org\/es\/?s={search_term_string}"},"query-input":{"@type":"PropertyValueSpecification","valueRequired":true,"valueName":"search_term_string"}}],"inLanguage":"es"},{"@type":"Organization","@id":"https:\/\/llarscompartides.org\/es\/#organization","name":"Fundaci\u00f3 Llars Compartides","url":"https:\/\/llarscompartides.org\/es\/","logo":{"@type":"ImageObject","inLanguage":"es","@id":"https:\/\/llarscompartides.org\/es\/#\/schema\/logo\/image\/","url":"https:\/\/llarscompartides.org\/wp-content\/uploads\/2023\/06\/logo-llars-compartides-001.jpg","contentUrl":"https:\/\/llarscompartides.org\/wp-content\/uploads\/2023\/06\/logo-llars-compartides-001.jpg","width":1684,"height":1191,"caption":"Fundaci\u00f3 Llars Compartides"},"image":{"@id":"https:\/\/llarscompartides.org\/es\/#\/schema\/logo\/image\/"},"sameAs":["https:\/\/x.com\/LlarsCompartids","https:\/\/www.linkedin.com\/in\/fundaci-privada-llars-compartides-930216a6\/"]},{"@type":"Person","@id":"https:\/\/llarscompartides.org\/es\/#\/schema\/person\/62c802948bbb446ac7fb8080a0f1564f","name":"Mar\u00eda Cruz Parayre","url":"https:\/\/llarscompartides.org\/es\/author\/llarscompartides\/"}]}},"_links":{"self":[{"href":"https:\/\/llarscompartides.org\/es\/wp-json\/wp\/v2\/posts\/2330","targetHints":{"allow":["GET"]}}],"collection":[{"href":"https:\/\/llarscompartides.org\/es\/wp-json\/wp\/v2\/posts"}],"about":[{"href":"https:\/\/llarscompartides.org\/es\/wp-json\/wp\/v2\/types\/post"}],"author":[{"embeddable":true,"href":"https:\/\/llarscompartides.org\/es\/wp-json\/wp\/v2\/users\/3"}],"replies":[{"embeddable":true,"href":"https:\/\/llarscompartides.org\/es\/wp-json\/wp\/v2\/comments?post=2330"}],"version-history":[{"count":1,"href":"https:\/\/llarscompartides.org\/es\/wp-json\/wp\/v2\/posts\/2330\/revisions"}],"predecessor-version":[{"id":2331,"href":"https:\/\/llarscompartides.org\/es\/wp-json\/wp\/v2\/posts\/2330\/revisions\/2331"}],"wp:featuredmedia":[{"embeddable":true,"href":"https:\/\/llarscompartides.org\/es\/wp-json\/wp\/v2\/media\/2328"}],"wp:attachment":[{"href":"https:\/\/llarscompartides.org\/es\/wp-json\/wp\/v2\/media?parent=2330"}],"wp:term":[{"taxonomy":"category","embeddable":true,"href":"https:\/\/llarscompartides.org\/es\/wp-json\/wp\/v2\/categories?post=2330"},{"taxonomy":"post_tag","embeddable":true,"href":"https:\/\/llarscompartides.org\/es\/wp-json\/wp\/v2\/tags?post=2330"}],"curies":[{"name":"wp","href":"https:\/\/api.w.org\/{rel}","templated":true}]}}