{"id":2279,"date":"2023-09-27T09:14:31","date_gmt":"2023-09-27T07:14:31","guid":{"rendered":"https:\/\/llarscompartides.org\/actividades-65-por-el-dia-internacional-de-las-personas-mayores\/"},"modified":"2023-09-27T09:14:31","modified_gmt":"2023-09-27T07:14:31","slug":"actividades-65-por-el-dia-internacional-de-las-personas-mayores","status":"publish","type":"post","link":"https:\/\/llarscompartides.org\/es\/actividades-65-por-el-dia-internacional-de-las-personas-mayores\/","title":{"rendered":"Actividades +65 por el D\u00eda Internacional de las Personas Mayores"},"content":{"rendered":"<div class=\"summary\">Los distritos de la ciudad programan un amplio abanico de actividades para conmemorar el D\u00eda Internacional de las Personas Mayores, que se celebra el d\u00eda 1 de octubre desde el a\u00f1o 1990.<\/div>\n<div class=\"text\"><\/div>\n<div>Habaneras, bailes, caminatas, conferencias, teatro, cine\u2026 e incluso un bingo musical: la ciudad se llena de actividades especialmente dedicadas a las personas mayores desde finales de septiembre hasta mediados de octubre para conmemorar el D\u00eda Internacional de las Personas Mayores, que se celebra cada 1 de octubre desde 1990, cuando la Asamblea General de las Naciones Unidas lo marc\u00f3 en el calendario.<\/div>\n<div class=\"text\">\nEsta fecha sirve para evidenciar el cambio demogr\u00e1fico en la poblaci\u00f3n mundial y la necesidad de crear nuevas pol\u00edticas y programas para este colectivo, de 65 a\u00f1os y m\u00e1s, que en Barcelona representa m\u00e1s del 20 % del total de la poblaci\u00f3n. Para fomentar su participaci\u00f3n, en la ciudad destacan herramientas como el plan \u201cBarcelona ciudad amigable con las personas mayores 2022-2030\u201d, que versa sobre los siguientes puntos:<\/p>\n<p>&#8211; Empoderamentio, respeto y buen trato<br \/>\n&#8211; Erradicaci\u00f3n de la soledad no deseada y el aislamiento social<br \/>\n&#8211; Promoci\u00f3n de las relaciones intergeneracionales<br \/>\nParticipaci\u00f3n c\u00edvica y social &#8211; Espacios, esquipamientos y serviciosv<br \/>\n&#8211; Espacios, esquipamientos y servicios<\/p>\n<p><a class=\"bb a_bb\" href=\"https:\/\/ajuntament.barcelona.cat\/personesgrans\/ca\/noticia\/activitats-65-per-al-dia-internacional-de-les-persones-grans_1321598\">Continuar leyendo<\/a><\/div>\n","protected":false},"excerpt":{"rendered":"<p>Los distritos de la ciudad programan un amplio abanico de actividades para conmemorar el D\u00eda Internacional de las Personas Mayores, que se celebra el d\u00eda 1 de octubre desde el a\u00f1o 1990. Habaneras, bailes, caminatas, conferencias, teatro, cine\u2026 e incluso un bingo musical: la ciudad&#8230;<\/p>\n","protected":false},"author":3,"featured_media":2260,"comment_status":"open","ping_status":"open","sticky":false,"template":"","format":"standard","meta":{"footnotes":""},"categories":[16],"tags":[],"class_list":["post-2279","post","type-post","status-publish","format-standard","has-post-thumbnail","hentry","category-sin-categorizar-es"],"yoast_head":"<!-- This site is optimized with the Yoast SEO plugin v27.5 - https:\/\/yoast.com\/product\/yoast-seo-wordpress\/ -->\n<title>Actividades +65 por el D\u00eda Internacional de las Personas Mayores - FLLC<\/title>\n<meta name=\"robots\" content=\"index, follow, max-snippet:-1, max-image-preview:large, max-video-preview:-1\" \/>\n<link rel=\"canonical\" href=\"https:\/\/llarscompartides.org\/es\/actividades-65-por-el-dia-internacional-de-las-personas-mayores\/\" \/>\n<meta property=\"og:locale\" content=\"es_ES\" \/>\n<meta property=\"og:type\" content=\"article\" \/>\n<meta property=\"og:title\" content=\"Actividades +65 por el D\u00eda Internacional de las Personas Mayores - FLLC\" \/>\n<meta property=\"og:description\" content=\"Los distritos de la ciudad programan un amplio abanico de actividades para conmemorar el D\u00eda Internacional de las Personas Mayores, que se celebra el d\u00eda 1 de octubre desde el a\u00f1o 1990. Habaneras, bailes, caminatas, conferencias, teatro, cine\u2026 e incluso un bingo musical: la ciudad...\" \/>\n<meta property=\"og:url\" content=\"https:\/\/llarscompartides.org\/es\/actividades-65-por-el-dia-internacional-de-las-personas-mayores\/\" \/>\n<meta property=\"og:site_name\" content=\"FLLC\" \/>\n<meta property=\"article:published_time\" content=\"2023-09-27T07:14:31+00:00\" \/>\n<meta property=\"og:image\" content=\"https:\/\/llarscompartides.org\/wp-content\/uploads\/2023\/10\/tres-participants-de-la-caminada-barn-760x428-1.jpeg\" \/>\n\t<meta property=\"og:image:width\" content=\"760\" \/>\n\t<meta property=\"og:image:height\" content=\"428\" \/>\n\t<meta property=\"og:image:type\" content=\"image\/jpeg\" \/>\n<meta name=\"author\" content=\"Mar\u00eda Cruz Parayre\" \/>\n<meta name=\"twitter:card\" content=\"summary_large_image\" \/>\n<meta name=\"twitter:creator\" content=\"@LlarsCompartids\" \/>\n<meta name=\"twitter:site\" content=\"@LlarsCompartids\" \/>\n<meta name=\"twitter:label1\" content=\"Escrito por\" \/>\n\t<meta name=\"twitter:data1\" content=\"Mar\u00eda Cruz Parayre\" \/>\n\t<meta name=\"twitter:label2\" content=\"Tiempo de lectura\" \/>\n\t<meta name=\"twitter:data2\" content=\"1 minuto\" \/>\n<script type=\"application\/ld+json\" class=\"yoast-schema-graph\">{\"@context\":\"https:\\\/\\\/schema.org\",\"@graph\":[{\"@type\":\"Article\",\"@id\":\"https:\\\/\\\/llarscompartides.org\\\/es\\\/actividades-65-por-el-dia-internacional-de-las-personas-mayores\\\/#article\",\"isPartOf\":{\"@id\":\"https:\\\/\\\/llarscompartides.org\\\/es\\\/actividades-65-por-el-dia-internacional-de-las-personas-mayores\\\/\"},\"author\":{\"name\":\"Mar\u00eda Cruz Parayre\",\"@id\":\"https:\\\/\\\/llarscompartides.org\\\/es\\\/#\\\/schema\\\/person\\\/62c802948bbb446ac7fb8080a0f1564f\"},\"headline\":\"Actividades +65 por el D\u00eda Internacional de las Personas Mayores\",\"datePublished\":\"2023-09-27T07:14:31+00:00\",\"mainEntityOfPage\":{\"@id\":\"https:\\\/\\\/llarscompartides.org\\\/es\\\/actividades-65-por-el-dia-internacional-de-las-personas-mayores\\\/\"},\"wordCount\":220,\"commentCount\":0,\"publisher\":{\"@id\":\"https:\\\/\\\/llarscompartides.org\\\/es\\\/#organization\"},\"image\":{\"@id\":\"https:\\\/\\\/llarscompartides.org\\\/es\\\/actividades-65-por-el-dia-internacional-de-las-personas-mayores\\\/#primaryimage\"},\"thumbnailUrl\":\"https:\\\/\\\/llarscompartides.org\\\/wp-content\\\/uploads\\\/2023\\\/10\\\/tres-participants-de-la-caminada-barn-760x428-1.jpeg\",\"articleSection\":[\"Sin categorizar\"],\"inLanguage\":\"es\",\"potentialAction\":[{\"@type\":\"CommentAction\",\"name\":\"Comment\",\"target\":[\"https:\\\/\\\/llarscompartides.org\\\/es\\\/actividades-65-por-el-dia-internacional-de-las-personas-mayores\\\/#respond\"]}]},{\"@type\":\"WebPage\",\"@id\":\"https:\\\/\\\/llarscompartides.org\\\/es\\\/actividades-65-por-el-dia-internacional-de-las-personas-mayores\\\/\",\"url\":\"https:\\\/\\\/llarscompartides.org\\\/es\\\/actividades-65-por-el-dia-internacional-de-las-personas-mayores\\\/\",\"name\":\"Actividades +65 por el D\u00eda Internacional de las Personas Mayores - FLLC\",\"isPartOf\":{\"@id\":\"https:\\\/\\\/llarscompartides.org\\\/es\\\/#website\"},\"primaryImageOfPage\":{\"@id\":\"https:\\\/\\\/llarscompartides.org\\\/es\\\/actividades-65-por-el-dia-internacional-de-las-personas-mayores\\\/#primaryimage\"},\"image\":{\"@id\":\"https:\\\/\\\/llarscompartides.org\\\/es\\\/actividades-65-por-el-dia-internacional-de-las-personas-mayores\\\/#primaryimage\"},\"thumbnailUrl\":\"https:\\\/\\\/llarscompartides.org\\\/wp-content\\\/uploads\\\/2023\\\/10\\\/tres-participants-de-la-caminada-barn-760x428-1.jpeg\",\"datePublished\":\"2023-09-27T07:14:31+00:00\",\"breadcrumb\":{\"@id\":\"https:\\\/\\\/llarscompartides.org\\\/es\\\/actividades-65-por-el-dia-internacional-de-las-personas-mayores\\\/#breadcrumb\"},\"inLanguage\":\"es\",\"potentialAction\":[{\"@type\":\"ReadAction\",\"target\":[\"https:\\\/\\\/llarscompartides.org\\\/es\\\/actividades-65-por-el-dia-internacional-de-las-personas-mayores\\\/\"]}]},{\"@type\":\"ImageObject\",\"inLanguage\":\"es\",\"@id\":\"https:\\\/\\\/llarscompartides.org\\\/es\\\/actividades-65-por-el-dia-internacional-de-las-personas-mayores\\\/#primaryimage\",\"url\":\"https:\\\/\\\/llarscompartides.org\\\/wp-content\\\/uploads\\\/2023\\\/10\\\/tres-participants-de-la-caminada-barn-760x428-1.jpeg\",\"contentUrl\":\"https:\\\/\\\/llarscompartides.org\\\/wp-content\\\/uploads\\\/2023\\\/10\\\/tres-participants-de-la-caminada-barn-760x428-1.jpeg\",\"width\":760,\"height\":428},{\"@type\":\"BreadcrumbList\",\"@id\":\"https:\\\/\\\/llarscompartides.org\\\/es\\\/actividades-65-por-el-dia-internacional-de-las-personas-mayores\\\/#breadcrumb\",\"itemListElement\":[{\"@type\":\"ListItem\",\"position\":1,\"name\":\"Home\",\"item\":\"https:\\\/\\\/llarscompartides.org\\\/es\\\/inicio-nueva\\\/\"},{\"@type\":\"ListItem\",\"position\":2,\"name\":\"Actividades +65 por el D\u00eda Internacional de las Personas Mayores\"}]},{\"@type\":\"WebSite\",\"@id\":\"https:\\\/\\\/llarscompartides.org\\\/es\\\/#website\",\"url\":\"https:\\\/\\\/llarscompartides.org\\\/es\\\/\",\"name\":\"llarscompartides.com\",\"description\":\"Fundaci\u00f3 llars compartides\",\"publisher\":{\"@id\":\"https:\\\/\\\/llarscompartides.org\\\/es\\\/#organization\"},\"potentialAction\":[{\"@type\":\"SearchAction\",\"target\":{\"@type\":\"EntryPoint\",\"urlTemplate\":\"https:\\\/\\\/llarscompartides.org\\\/es\\\/?s={search_term_string}\"},\"query-input\":{\"@type\":\"PropertyValueSpecification\",\"valueRequired\":true,\"valueName\":\"search_term_string\"}}],\"inLanguage\":\"es\"},{\"@type\":\"Organization\",\"@id\":\"https:\\\/\\\/llarscompartides.org\\\/es\\\/#organization\",\"name\":\"Fundaci\u00f3 Llars Compartides\",\"url\":\"https:\\\/\\\/llarscompartides.org\\\/es\\\/\",\"logo\":{\"@type\":\"ImageObject\",\"inLanguage\":\"es\",\"@id\":\"https:\\\/\\\/llarscompartides.org\\\/es\\\/#\\\/schema\\\/logo\\\/image\\\/\",\"url\":\"https:\\\/\\\/llarscompartides.org\\\/wp-content\\\/uploads\\\/2023\\\/06\\\/logo-llars-compartides-001.jpg\",\"contentUrl\":\"https:\\\/\\\/llarscompartides.org\\\/wp-content\\\/uploads\\\/2023\\\/06\\\/logo-llars-compartides-001.jpg\",\"width\":1684,\"height\":1191,\"caption\":\"Fundaci\u00f3 Llars Compartides\"},\"image\":{\"@id\":\"https:\\\/\\\/llarscompartides.org\\\/es\\\/#\\\/schema\\\/logo\\\/image\\\/\"},\"sameAs\":[\"https:\\\/\\\/x.com\\\/LlarsCompartids\",\"https:\\\/\\\/www.linkedin.com\\\/in\\\/fundaci-privada-llars-compartides-930216a6\\\/\"]},{\"@type\":\"Person\",\"@id\":\"https:\\\/\\\/llarscompartides.org\\\/es\\\/#\\\/schema\\\/person\\\/62c802948bbb446ac7fb8080a0f1564f\",\"name\":\"Mar\u00eda Cruz Parayre\",\"url\":\"https:\\\/\\\/llarscompartides.org\\\/es\\\/author\\\/llarscompartides\\\/\"}]}<\/script>\n<!-- \/ Yoast SEO plugin. -->","yoast_head_json":{"title":"Actividades +65 por el D\u00eda Internacional de las Personas Mayores - FLLC","robots":{"index":"index","follow":"follow","max-snippet":"max-snippet:-1","max-image-preview":"max-image-preview:large","max-video-preview":"max-video-preview:-1"},"canonical":"https:\/\/llarscompartides.org\/es\/actividades-65-por-el-dia-internacional-de-las-personas-mayores\/","og_locale":"es_ES","og_type":"article","og_title":"Actividades +65 por el D\u00eda Internacional de las Personas Mayores - FLLC","og_description":"Los distritos de la ciudad programan un amplio abanico de actividades para conmemorar el D\u00eda Internacional de las Personas Mayores, que se celebra el d\u00eda 1 de octubre desde el a\u00f1o 1990. Habaneras, bailes, caminatas, conferencias, teatro, cine\u2026 e incluso un bingo musical: la ciudad...","og_url":"https:\/\/llarscompartides.org\/es\/actividades-65-por-el-dia-internacional-de-las-personas-mayores\/","og_site_name":"FLLC","article_published_time":"2023-09-27T07:14:31+00:00","og_image":[{"width":760,"height":428,"url":"https:\/\/llarscompartides.org\/wp-content\/uploads\/2023\/10\/tres-participants-de-la-caminada-barn-760x428-1.jpeg","type":"image\/jpeg"}],"author":"Mar\u00eda Cruz Parayre","twitter_card":"summary_large_image","twitter_creator":"@LlarsCompartids","twitter_site":"@LlarsCompartids","twitter_misc":{"Escrito por":"Mar\u00eda Cruz Parayre","Tiempo de lectura":"1 minuto"},"schema":{"@context":"https:\/\/schema.org","@graph":[{"@type":"Article","@id":"https:\/\/llarscompartides.org\/es\/actividades-65-por-el-dia-internacional-de-las-personas-mayores\/#article","isPartOf":{"@id":"https:\/\/llarscompartides.org\/es\/actividades-65-por-el-dia-internacional-de-las-personas-mayores\/"},"author":{"name":"Mar\u00eda Cruz Parayre","@id":"https:\/\/llarscompartides.org\/es\/#\/schema\/person\/62c802948bbb446ac7fb8080a0f1564f"},"headline":"Actividades +65 por el D\u00eda Internacional de las Personas Mayores","datePublished":"2023-09-27T07:14:31+00:00","mainEntityOfPage":{"@id":"https:\/\/llarscompartides.org\/es\/actividades-65-por-el-dia-internacional-de-las-personas-mayores\/"},"wordCount":220,"commentCount":0,"publisher":{"@id":"https:\/\/llarscompartides.org\/es\/#organization"},"image":{"@id":"https:\/\/llarscompartides.org\/es\/actividades-65-por-el-dia-internacional-de-las-personas-mayores\/#primaryimage"},"thumbnailUrl":"https:\/\/llarscompartides.org\/wp-content\/uploads\/2023\/10\/tres-participants-de-la-caminada-barn-760x428-1.jpeg","articleSection":["Sin categorizar"],"inLanguage":"es","potentialAction":[{"@type":"CommentAction","name":"Comment","target":["https:\/\/llarscompartides.org\/es\/actividades-65-por-el-dia-internacional-de-las-personas-mayores\/#respond"]}]},{"@type":"WebPage","@id":"https:\/\/llarscompartides.org\/es\/actividades-65-por-el-dia-internacional-de-las-personas-mayores\/","url":"https:\/\/llarscompartides.org\/es\/actividades-65-por-el-dia-internacional-de-las-personas-mayores\/","name":"Actividades +65 por el D\u00eda Internacional de las Personas Mayores - FLLC","isPartOf":{"@id":"https:\/\/llarscompartides.org\/es\/#website"},"primaryImageOfPage":{"@id":"https:\/\/llarscompartides.org\/es\/actividades-65-por-el-dia-internacional-de-las-personas-mayores\/#primaryimage"},"image":{"@id":"https:\/\/llarscompartides.org\/es\/actividades-65-por-el-dia-internacional-de-las-personas-mayores\/#primaryimage"},"thumbnailUrl":"https:\/\/llarscompartides.org\/wp-content\/uploads\/2023\/10\/tres-participants-de-la-caminada-barn-760x428-1.jpeg","datePublished":"2023-09-27T07:14:31+00:00","breadcrumb":{"@id":"https:\/\/llarscompartides.org\/es\/actividades-65-por-el-dia-internacional-de-las-personas-mayores\/#breadcrumb"},"inLanguage":"es","potentialAction":[{"@type":"ReadAction","target":["https:\/\/llarscompartides.org\/es\/actividades-65-por-el-dia-internacional-de-las-personas-mayores\/"]}]},{"@type":"ImageObject","inLanguage":"es","@id":"https:\/\/llarscompartides.org\/es\/actividades-65-por-el-dia-internacional-de-las-personas-mayores\/#primaryimage","url":"https:\/\/llarscompartides.org\/wp-content\/uploads\/2023\/10\/tres-participants-de-la-caminada-barn-760x428-1.jpeg","contentUrl":"https:\/\/llarscompartides.org\/wp-content\/uploads\/2023\/10\/tres-participants-de-la-caminada-barn-760x428-1.jpeg","width":760,"height":428},{"@type":"BreadcrumbList","@id":"https:\/\/llarscompartides.org\/es\/actividades-65-por-el-dia-internacional-de-las-personas-mayores\/#breadcrumb","itemListElement":[{"@type":"ListItem","position":1,"name":"Home","item":"https:\/\/llarscompartides.org\/es\/inicio-nueva\/"},{"@type":"ListItem","position":2,"name":"Actividades +65 por el D\u00eda Internacional de las Personas Mayores"}]},{"@type":"WebSite","@id":"https:\/\/llarscompartides.org\/es\/#website","url":"https:\/\/llarscompartides.org\/es\/","name":"llarscompartides.com","description":"Fundaci\u00f3 llars compartides","publisher":{"@id":"https:\/\/llarscompartides.org\/es\/#organization"},"potentialAction":[{"@type":"SearchAction","target":{"@type":"EntryPoint","urlTemplate":"https:\/\/llarscompartides.org\/es\/?s={search_term_string}"},"query-input":{"@type":"PropertyValueSpecification","valueRequired":true,"valueName":"search_term_string"}}],"inLanguage":"es"},{"@type":"Organization","@id":"https:\/\/llarscompartides.org\/es\/#organization","name":"Fundaci\u00f3 Llars Compartides","url":"https:\/\/llarscompartides.org\/es\/","logo":{"@type":"ImageObject","inLanguage":"es","@id":"https:\/\/llarscompartides.org\/es\/#\/schema\/logo\/image\/","url":"https:\/\/llarscompartides.org\/wp-content\/uploads\/2023\/06\/logo-llars-compartides-001.jpg","contentUrl":"https:\/\/llarscompartides.org\/wp-content\/uploads\/2023\/06\/logo-llars-compartides-001.jpg","width":1684,"height":1191,"caption":"Fundaci\u00f3 Llars Compartides"},"image":{"@id":"https:\/\/llarscompartides.org\/es\/#\/schema\/logo\/image\/"},"sameAs":["https:\/\/x.com\/LlarsCompartids","https:\/\/www.linkedin.com\/in\/fundaci-privada-llars-compartides-930216a6\/"]},{"@type":"Person","@id":"https:\/\/llarscompartides.org\/es\/#\/schema\/person\/62c802948bbb446ac7fb8080a0f1564f","name":"Mar\u00eda Cruz Parayre","url":"https:\/\/llarscompartides.org\/es\/author\/llarscompartides\/"}]}},"_links":{"self":[{"href":"https:\/\/llarscompartides.org\/es\/wp-json\/wp\/v2\/posts\/2279","targetHints":{"allow":["GET"]}}],"collection":[{"href":"https:\/\/llarscompartides.org\/es\/wp-json\/wp\/v2\/posts"}],"about":[{"href":"https:\/\/llarscompartides.org\/es\/wp-json\/wp\/v2\/types\/post"}],"author":[{"embeddable":true,"href":"https:\/\/llarscompartides.org\/es\/wp-json\/wp\/v2\/users\/3"}],"replies":[{"embeddable":true,"href":"https:\/\/llarscompartides.org\/es\/wp-json\/wp\/v2\/comments?post=2279"}],"version-history":[{"count":0,"href":"https:\/\/llarscompartides.org\/es\/wp-json\/wp\/v2\/posts\/2279\/revisions"}],"wp:featuredmedia":[{"embeddable":true,"href":"https:\/\/llarscompartides.org\/es\/wp-json\/wp\/v2\/media\/2260"}],"wp:attachment":[{"href":"https:\/\/llarscompartides.org\/es\/wp-json\/wp\/v2\/media?parent=2279"}],"wp:term":[{"taxonomy":"category","embeddable":true,"href":"https:\/\/llarscompartides.org\/es\/wp-json\/wp\/v2\/categories?post=2279"},{"taxonomy":"post_tag","embeddable":true,"href":"https:\/\/llarscompartides.org\/es\/wp-json\/wp\/v2\/tags?post=2279"}],"curies":[{"name":"wp","href":"https:\/\/api.w.org\/{rel}","templated":true}]}}