{"id":2041,"date":"2023-04-19T13:29:32","date_gmt":"2023-04-19T11:29:32","guid":{"rendered":"https:\/\/llarscompartides.org\/participa-en-los-talleres-y-conferencias-gratuitos-de-conex-en-firagran-2023\/"},"modified":"2023-04-19T13:29:32","modified_gmt":"2023-04-19T11:29:32","slug":"participa-en-los-talleres-y-conferencias-gratuitos-de-conex-en-firagran-2023","status":"publish","type":"post","link":"https:\/\/llarscompartides.org\/es\/participa-en-los-talleres-y-conferencias-gratuitos-de-conex-en-firagran-2023\/","title":{"rendered":"Participa en los talleres y conferencias gratuitos de CONEX en FiraGran 2023"},"content":{"rendered":"<div class=\"summary\"><strong class=\"bb strong_bb\">24\u00ba Sal\u00f3n de las Personas Mayores de Catalu\u00f1a.<\/strong><\/p>\n<p>Del 26 al 28 de abril en la Farga de L&#8217;Hospitalet de 10 a 19h. Entrada gratuita.<br \/>\n24\u00ba Sal\u00f3n de las Personas Mayores de Catalu\u00f1a<\/p><\/div>\n<div class=\"text\"><strong class=\"bb strong_bb\">19.04.23.  <\/strong>La Fundaci\u00f3n FiraGran es una entidad sin \u00e1nimo de lucro que tiene como objetivo realizar acciones para mejorar la calidad de vida de las personas mayores, promover un envejecimiento activo y participativo y defender sus intereses. La Fundaci\u00f3n est\u00e1 comprometida con los distintos Objetivos de Desarrollo Sostenible (ODS) de la agenda 2030.<\/p>\n<p>Entre las acciones que se desarrollan desde la Fundaci\u00f3n FiraGran destaca la de organizar y promocionar <a class=\"bb a_bb\" href=\"https:\/\/firagran.com\/\"><strong class=\"bb strong_bb\">FiraGran<\/strong><\/a>, el Sal\u00f3n de las Personas Mayores de Catalu\u00f1a. A trav\u00e9s de la Fundaci\u00f3n se pretende abrir el evento a nuevos p\u00fablicos, nuevas actividades y nuevos expositores, que hagan del evento un referente para la gente mayor y para los profesionales que trabajan en su atenci\u00f3n.<\/p>\n<p>CONEX te oferec demostraciones de las clases que imparten durante el curso anual: pintura sobre tierra, expresi\u00f3n corporal, emolog\u00eda y cata de vinos, el mundo de la vi\u00f1a y yoga Kundalini, son, s\u00f3lo algunas de las actividades previstas.<\/p>\n<p>Inscripciones <a class=\"bb a_bb\" href=\"https:\/\/firagran.com\/salo-de-la-gent-gran-de-catalunya\/activitats-conex-a-firagran-2023\/\">aqu\u00ed<\/a><br \/>\n<strong class=\"bb strong_bb\"><br \/>\n\u00a1No te lo pierdas!<\/strong><\/div>\n","protected":false},"excerpt":{"rendered":"<p>24\u00ba Sal\u00f3n de las Personas Mayores de Catalu\u00f1a. Del 26 al 28 de abril en la Farga de L&#8217;Hospitalet de 10 a 19h. Entrada gratuita. 24\u00ba Sal\u00f3n de las Personas Mayores de Catalu\u00f1a 19.04.23. La Fundaci\u00f3n FiraGran es una entidad sin \u00e1nimo de lucro que&#8230;<\/p>\n","protected":false},"author":3,"featured_media":913,"comment_status":"open","ping_status":"open","sticky":false,"template":"","format":"standard","meta":{"footnotes":""},"categories":[16],"tags":[],"class_list":["post-2041","post","type-post","status-publish","format-standard","has-post-thumbnail","hentry","category-sin-categorizar-es"],"yoast_head":"<!-- This site is optimized with the Yoast SEO plugin v27.5 - https:\/\/yoast.com\/product\/yoast-seo-wordpress\/ -->\n<title>Participa en los talleres y conferencias gratuitos de CONEX en FiraGran 2023 - FLLC<\/title>\n<meta name=\"description\" content=\"Del 26 al 28 de abril en la Farga de L&#039;Hospitalet de 10 a 19h. Entrada gratuita. Una feria activa y participativa, con un amplio abanico de actividades dirigidas y realizadas por personas mayores.\" \/>\n<meta name=\"robots\" content=\"index, follow, max-snippet:-1, max-image-preview:large, max-video-preview:-1\" \/>\n<link rel=\"canonical\" href=\"https:\/\/llarscompartides.org\/es\/participa-en-los-talleres-y-conferencias-gratuitos-de-conex-en-firagran-2023\/\" \/>\n<meta property=\"og:locale\" content=\"es_ES\" \/>\n<meta property=\"og:type\" content=\"article\" \/>\n<meta property=\"og:title\" content=\"Participa en los talleres y conferencias gratuitos de CONEX en FiraGran 2023 - FLLC\" \/>\n<meta property=\"og:description\" content=\"Del 26 al 28 de abril en la Farga de L&#039;Hospitalet de 10 a 19h. Entrada gratuita. Una feria activa y participativa, con un amplio abanico de actividades dirigidas y realizadas por personas mayores.\" \/>\n<meta property=\"og:url\" content=\"https:\/\/llarscompartides.org\/es\/participa-en-los-talleres-y-conferencias-gratuitos-de-conex-en-firagran-2023\/\" \/>\n<meta property=\"og:site_name\" content=\"FLLC\" \/>\n<meta property=\"article:published_time\" content=\"2023-04-19T11:29:32+00:00\" \/>\n<meta property=\"og:image\" content=\"https:\/\/llarscompartides.org\/wp-content\/uploads\/2023\/06\/Captura-de-Pantalla-2023-06-19-a-las-13.04.31.png\" \/>\n\t<meta property=\"og:image:width\" content=\"1186\" \/>\n\t<meta property=\"og:image:height\" content=\"1198\" \/>\n\t<meta property=\"og:image:type\" content=\"image\/png\" \/>\n<meta name=\"author\" content=\"Mar\u00eda Cruz Parayre\" \/>\n<meta name=\"twitter:card\" content=\"summary_large_image\" \/>\n<meta name=\"twitter:creator\" content=\"@LlarsCompartids\" \/>\n<meta name=\"twitter:site\" content=\"@LlarsCompartids\" \/>\n<meta name=\"twitter:label1\" content=\"Escrito por\" \/>\n\t<meta name=\"twitter:data1\" content=\"Mar\u00eda Cruz Parayre\" \/>\n\t<meta name=\"twitter:label2\" content=\"Tiempo de lectura\" \/>\n\t<meta name=\"twitter:data2\" content=\"1 minuto\" \/>\n<script type=\"application\/ld+json\" class=\"yoast-schema-graph\">{\"@context\":\"https:\\\/\\\/schema.org\",\"@graph\":[{\"@type\":\"Article\",\"@id\":\"https:\\\/\\\/llarscompartides.org\\\/es\\\/participa-en-los-talleres-y-conferencias-gratuitos-de-conex-en-firagran-2023\\\/#article\",\"isPartOf\":{\"@id\":\"https:\\\/\\\/llarscompartides.org\\\/es\\\/participa-en-los-talleres-y-conferencias-gratuitos-de-conex-en-firagran-2023\\\/\"},\"author\":{\"name\":\"Mar\u00eda Cruz Parayre\",\"@id\":\"https:\\\/\\\/llarscompartides.org\\\/es\\\/#\\\/schema\\\/person\\\/62c802948bbb446ac7fb8080a0f1564f\"},\"headline\":\"Participa en los talleres y conferencias gratuitos de CONEX en FiraGran 2023\",\"datePublished\":\"2023-04-19T11:29:32+00:00\",\"mainEntityOfPage\":{\"@id\":\"https:\\\/\\\/llarscompartides.org\\\/es\\\/participa-en-los-talleres-y-conferencias-gratuitos-de-conex-en-firagran-2023\\\/\"},\"wordCount\":214,\"commentCount\":0,\"publisher\":{\"@id\":\"https:\\\/\\\/llarscompartides.org\\\/es\\\/#organization\"},\"image\":{\"@id\":\"https:\\\/\\\/llarscompartides.org\\\/es\\\/participa-en-los-talleres-y-conferencias-gratuitos-de-conex-en-firagran-2023\\\/#primaryimage\"},\"thumbnailUrl\":\"https:\\\/\\\/llarscompartides.org\\\/wp-content\\\/uploads\\\/2023\\\/06\\\/Captura-de-Pantalla-2023-06-19-a-las-13.04.31.png\",\"articleSection\":[\"Sin categorizar\"],\"inLanguage\":\"es\",\"potentialAction\":[{\"@type\":\"CommentAction\",\"name\":\"Comment\",\"target\":[\"https:\\\/\\\/llarscompartides.org\\\/es\\\/participa-en-los-talleres-y-conferencias-gratuitos-de-conex-en-firagran-2023\\\/#respond\"]}]},{\"@type\":\"WebPage\",\"@id\":\"https:\\\/\\\/llarscompartides.org\\\/es\\\/participa-en-los-talleres-y-conferencias-gratuitos-de-conex-en-firagran-2023\\\/\",\"url\":\"https:\\\/\\\/llarscompartides.org\\\/es\\\/participa-en-los-talleres-y-conferencias-gratuitos-de-conex-en-firagran-2023\\\/\",\"name\":\"Participa en los talleres y conferencias gratuitos de CONEX en FiraGran 2023 - FLLC\",\"isPartOf\":{\"@id\":\"https:\\\/\\\/llarscompartides.org\\\/es\\\/#website\"},\"primaryImageOfPage\":{\"@id\":\"https:\\\/\\\/llarscompartides.org\\\/es\\\/participa-en-los-talleres-y-conferencias-gratuitos-de-conex-en-firagran-2023\\\/#primaryimage\"},\"image\":{\"@id\":\"https:\\\/\\\/llarscompartides.org\\\/es\\\/participa-en-los-talleres-y-conferencias-gratuitos-de-conex-en-firagran-2023\\\/#primaryimage\"},\"thumbnailUrl\":\"https:\\\/\\\/llarscompartides.org\\\/wp-content\\\/uploads\\\/2023\\\/06\\\/Captura-de-Pantalla-2023-06-19-a-las-13.04.31.png\",\"datePublished\":\"2023-04-19T11:29:32+00:00\",\"description\":\"Del 26 al 28 de abril en la Farga de L'Hospitalet de 10 a 19h. Entrada gratuita. Una feria activa y participativa, con un amplio abanico de actividades dirigidas y realizadas por personas mayores.\",\"breadcrumb\":{\"@id\":\"https:\\\/\\\/llarscompartides.org\\\/es\\\/participa-en-los-talleres-y-conferencias-gratuitos-de-conex-en-firagran-2023\\\/#breadcrumb\"},\"inLanguage\":\"es\",\"potentialAction\":[{\"@type\":\"ReadAction\",\"target\":[\"https:\\\/\\\/llarscompartides.org\\\/es\\\/participa-en-los-talleres-y-conferencias-gratuitos-de-conex-en-firagran-2023\\\/\"]}]},{\"@type\":\"ImageObject\",\"inLanguage\":\"es\",\"@id\":\"https:\\\/\\\/llarscompartides.org\\\/es\\\/participa-en-los-talleres-y-conferencias-gratuitos-de-conex-en-firagran-2023\\\/#primaryimage\",\"url\":\"https:\\\/\\\/llarscompartides.org\\\/wp-content\\\/uploads\\\/2023\\\/06\\\/Captura-de-Pantalla-2023-06-19-a-las-13.04.31.png\",\"contentUrl\":\"https:\\\/\\\/llarscompartides.org\\\/wp-content\\\/uploads\\\/2023\\\/06\\\/Captura-de-Pantalla-2023-06-19-a-las-13.04.31.png\",\"width\":1186,\"height\":1198},{\"@type\":\"BreadcrumbList\",\"@id\":\"https:\\\/\\\/llarscompartides.org\\\/es\\\/participa-en-los-talleres-y-conferencias-gratuitos-de-conex-en-firagran-2023\\\/#breadcrumb\",\"itemListElement\":[{\"@type\":\"ListItem\",\"position\":1,\"name\":\"Home\",\"item\":\"https:\\\/\\\/llarscompartides.org\\\/es\\\/inicio-nueva\\\/\"},{\"@type\":\"ListItem\",\"position\":2,\"name\":\"Participa en los talleres y conferencias gratuitos de CONEX en FiraGran 2023\"}]},{\"@type\":\"WebSite\",\"@id\":\"https:\\\/\\\/llarscompartides.org\\\/es\\\/#website\",\"url\":\"https:\\\/\\\/llarscompartides.org\\\/es\\\/\",\"name\":\"llarscompartides.com\",\"description\":\"Fundaci\u00f3 llars compartides\",\"publisher\":{\"@id\":\"https:\\\/\\\/llarscompartides.org\\\/es\\\/#organization\"},\"potentialAction\":[{\"@type\":\"SearchAction\",\"target\":{\"@type\":\"EntryPoint\",\"urlTemplate\":\"https:\\\/\\\/llarscompartides.org\\\/es\\\/?s={search_term_string}\"},\"query-input\":{\"@type\":\"PropertyValueSpecification\",\"valueRequired\":true,\"valueName\":\"search_term_string\"}}],\"inLanguage\":\"es\"},{\"@type\":\"Organization\",\"@id\":\"https:\\\/\\\/llarscompartides.org\\\/es\\\/#organization\",\"name\":\"Fundaci\u00f3 Llars Compartides\",\"url\":\"https:\\\/\\\/llarscompartides.org\\\/es\\\/\",\"logo\":{\"@type\":\"ImageObject\",\"inLanguage\":\"es\",\"@id\":\"https:\\\/\\\/llarscompartides.org\\\/es\\\/#\\\/schema\\\/logo\\\/image\\\/\",\"url\":\"https:\\\/\\\/llarscompartides.org\\\/wp-content\\\/uploads\\\/2023\\\/06\\\/logo-llars-compartides-001.jpg\",\"contentUrl\":\"https:\\\/\\\/llarscompartides.org\\\/wp-content\\\/uploads\\\/2023\\\/06\\\/logo-llars-compartides-001.jpg\",\"width\":1684,\"height\":1191,\"caption\":\"Fundaci\u00f3 Llars Compartides\"},\"image\":{\"@id\":\"https:\\\/\\\/llarscompartides.org\\\/es\\\/#\\\/schema\\\/logo\\\/image\\\/\"},\"sameAs\":[\"https:\\\/\\\/x.com\\\/LlarsCompartids\",\"https:\\\/\\\/www.linkedin.com\\\/in\\\/fundaci-privada-llars-compartides-930216a6\\\/\"]},{\"@type\":\"Person\",\"@id\":\"https:\\\/\\\/llarscompartides.org\\\/es\\\/#\\\/schema\\\/person\\\/62c802948bbb446ac7fb8080a0f1564f\",\"name\":\"Mar\u00eda Cruz Parayre\",\"url\":\"https:\\\/\\\/llarscompartides.org\\\/es\\\/author\\\/llarscompartides\\\/\"}]}<\/script>\n<!-- \/ Yoast SEO plugin. -->","yoast_head_json":{"title":"Participa en los talleres y conferencias gratuitos de CONEX en FiraGran 2023 - FLLC","description":"Del 26 al 28 de abril en la Farga de L'Hospitalet de 10 a 19h. Entrada gratuita. Una feria activa y participativa, con un amplio abanico de actividades dirigidas y realizadas por personas mayores.","robots":{"index":"index","follow":"follow","max-snippet":"max-snippet:-1","max-image-preview":"max-image-preview:large","max-video-preview":"max-video-preview:-1"},"canonical":"https:\/\/llarscompartides.org\/es\/participa-en-los-talleres-y-conferencias-gratuitos-de-conex-en-firagran-2023\/","og_locale":"es_ES","og_type":"article","og_title":"Participa en los talleres y conferencias gratuitos de CONEX en FiraGran 2023 - FLLC","og_description":"Del 26 al 28 de abril en la Farga de L'Hospitalet de 10 a 19h. Entrada gratuita. Una feria activa y participativa, con un amplio abanico de actividades dirigidas y realizadas por personas mayores.","og_url":"https:\/\/llarscompartides.org\/es\/participa-en-los-talleres-y-conferencias-gratuitos-de-conex-en-firagran-2023\/","og_site_name":"FLLC","article_published_time":"2023-04-19T11:29:32+00:00","og_image":[{"width":1186,"height":1198,"url":"https:\/\/llarscompartides.org\/wp-content\/uploads\/2023\/06\/Captura-de-Pantalla-2023-06-19-a-las-13.04.31.png","type":"image\/png"}],"author":"Mar\u00eda Cruz Parayre","twitter_card":"summary_large_image","twitter_creator":"@LlarsCompartids","twitter_site":"@LlarsCompartids","twitter_misc":{"Escrito por":"Mar\u00eda Cruz Parayre","Tiempo de lectura":"1 minuto"},"schema":{"@context":"https:\/\/schema.org","@graph":[{"@type":"Article","@id":"https:\/\/llarscompartides.org\/es\/participa-en-los-talleres-y-conferencias-gratuitos-de-conex-en-firagran-2023\/#article","isPartOf":{"@id":"https:\/\/llarscompartides.org\/es\/participa-en-los-talleres-y-conferencias-gratuitos-de-conex-en-firagran-2023\/"},"author":{"name":"Mar\u00eda Cruz Parayre","@id":"https:\/\/llarscompartides.org\/es\/#\/schema\/person\/62c802948bbb446ac7fb8080a0f1564f"},"headline":"Participa en los talleres y conferencias gratuitos de CONEX en FiraGran 2023","datePublished":"2023-04-19T11:29:32+00:00","mainEntityOfPage":{"@id":"https:\/\/llarscompartides.org\/es\/participa-en-los-talleres-y-conferencias-gratuitos-de-conex-en-firagran-2023\/"},"wordCount":214,"commentCount":0,"publisher":{"@id":"https:\/\/llarscompartides.org\/es\/#organization"},"image":{"@id":"https:\/\/llarscompartides.org\/es\/participa-en-los-talleres-y-conferencias-gratuitos-de-conex-en-firagran-2023\/#primaryimage"},"thumbnailUrl":"https:\/\/llarscompartides.org\/wp-content\/uploads\/2023\/06\/Captura-de-Pantalla-2023-06-19-a-las-13.04.31.png","articleSection":["Sin categorizar"],"inLanguage":"es","potentialAction":[{"@type":"CommentAction","name":"Comment","target":["https:\/\/llarscompartides.org\/es\/participa-en-los-talleres-y-conferencias-gratuitos-de-conex-en-firagran-2023\/#respond"]}]},{"@type":"WebPage","@id":"https:\/\/llarscompartides.org\/es\/participa-en-los-talleres-y-conferencias-gratuitos-de-conex-en-firagran-2023\/","url":"https:\/\/llarscompartides.org\/es\/participa-en-los-talleres-y-conferencias-gratuitos-de-conex-en-firagran-2023\/","name":"Participa en los talleres y conferencias gratuitos de CONEX en FiraGran 2023 - FLLC","isPartOf":{"@id":"https:\/\/llarscompartides.org\/es\/#website"},"primaryImageOfPage":{"@id":"https:\/\/llarscompartides.org\/es\/participa-en-los-talleres-y-conferencias-gratuitos-de-conex-en-firagran-2023\/#primaryimage"},"image":{"@id":"https:\/\/llarscompartides.org\/es\/participa-en-los-talleres-y-conferencias-gratuitos-de-conex-en-firagran-2023\/#primaryimage"},"thumbnailUrl":"https:\/\/llarscompartides.org\/wp-content\/uploads\/2023\/06\/Captura-de-Pantalla-2023-06-19-a-las-13.04.31.png","datePublished":"2023-04-19T11:29:32+00:00","description":"Del 26 al 28 de abril en la Farga de L'Hospitalet de 10 a 19h. Entrada gratuita. Una feria activa y participativa, con un amplio abanico de actividades dirigidas y realizadas por personas mayores.","breadcrumb":{"@id":"https:\/\/llarscompartides.org\/es\/participa-en-los-talleres-y-conferencias-gratuitos-de-conex-en-firagran-2023\/#breadcrumb"},"inLanguage":"es","potentialAction":[{"@type":"ReadAction","target":["https:\/\/llarscompartides.org\/es\/participa-en-los-talleres-y-conferencias-gratuitos-de-conex-en-firagran-2023\/"]}]},{"@type":"ImageObject","inLanguage":"es","@id":"https:\/\/llarscompartides.org\/es\/participa-en-los-talleres-y-conferencias-gratuitos-de-conex-en-firagran-2023\/#primaryimage","url":"https:\/\/llarscompartides.org\/wp-content\/uploads\/2023\/06\/Captura-de-Pantalla-2023-06-19-a-las-13.04.31.png","contentUrl":"https:\/\/llarscompartides.org\/wp-content\/uploads\/2023\/06\/Captura-de-Pantalla-2023-06-19-a-las-13.04.31.png","width":1186,"height":1198},{"@type":"BreadcrumbList","@id":"https:\/\/llarscompartides.org\/es\/participa-en-los-talleres-y-conferencias-gratuitos-de-conex-en-firagran-2023\/#breadcrumb","itemListElement":[{"@type":"ListItem","position":1,"name":"Home","item":"https:\/\/llarscompartides.org\/es\/inicio-nueva\/"},{"@type":"ListItem","position":2,"name":"Participa en los talleres y conferencias gratuitos de CONEX en FiraGran 2023"}]},{"@type":"WebSite","@id":"https:\/\/llarscompartides.org\/es\/#website","url":"https:\/\/llarscompartides.org\/es\/","name":"llarscompartides.com","description":"Fundaci\u00f3 llars compartides","publisher":{"@id":"https:\/\/llarscompartides.org\/es\/#organization"},"potentialAction":[{"@type":"SearchAction","target":{"@type":"EntryPoint","urlTemplate":"https:\/\/llarscompartides.org\/es\/?s={search_term_string}"},"query-input":{"@type":"PropertyValueSpecification","valueRequired":true,"valueName":"search_term_string"}}],"inLanguage":"es"},{"@type":"Organization","@id":"https:\/\/llarscompartides.org\/es\/#organization","name":"Fundaci\u00f3 Llars Compartides","url":"https:\/\/llarscompartides.org\/es\/","logo":{"@type":"ImageObject","inLanguage":"es","@id":"https:\/\/llarscompartides.org\/es\/#\/schema\/logo\/image\/","url":"https:\/\/llarscompartides.org\/wp-content\/uploads\/2023\/06\/logo-llars-compartides-001.jpg","contentUrl":"https:\/\/llarscompartides.org\/wp-content\/uploads\/2023\/06\/logo-llars-compartides-001.jpg","width":1684,"height":1191,"caption":"Fundaci\u00f3 Llars Compartides"},"image":{"@id":"https:\/\/llarscompartides.org\/es\/#\/schema\/logo\/image\/"},"sameAs":["https:\/\/x.com\/LlarsCompartids","https:\/\/www.linkedin.com\/in\/fundaci-privada-llars-compartides-930216a6\/"]},{"@type":"Person","@id":"https:\/\/llarscompartides.org\/es\/#\/schema\/person\/62c802948bbb446ac7fb8080a0f1564f","name":"Mar\u00eda Cruz Parayre","url":"https:\/\/llarscompartides.org\/es\/author\/llarscompartides\/"}]}},"_links":{"self":[{"href":"https:\/\/llarscompartides.org\/es\/wp-json\/wp\/v2\/posts\/2041","targetHints":{"allow":["GET"]}}],"collection":[{"href":"https:\/\/llarscompartides.org\/es\/wp-json\/wp\/v2\/posts"}],"about":[{"href":"https:\/\/llarscompartides.org\/es\/wp-json\/wp\/v2\/types\/post"}],"author":[{"embeddable":true,"href":"https:\/\/llarscompartides.org\/es\/wp-json\/wp\/v2\/users\/3"}],"replies":[{"embeddable":true,"href":"https:\/\/llarscompartides.org\/es\/wp-json\/wp\/v2\/comments?post=2041"}],"version-history":[{"count":0,"href":"https:\/\/llarscompartides.org\/es\/wp-json\/wp\/v2\/posts\/2041\/revisions"}],"wp:featuredmedia":[{"embeddable":true,"href":"https:\/\/llarscompartides.org\/es\/wp-json\/wp\/v2\/media\/913"}],"wp:attachment":[{"href":"https:\/\/llarscompartides.org\/es\/wp-json\/wp\/v2\/media?parent=2041"}],"wp:term":[{"taxonomy":"category","embeddable":true,"href":"https:\/\/llarscompartides.org\/es\/wp-json\/wp\/v2\/categories?post=2041"},{"taxonomy":"post_tag","embeddable":true,"href":"https:\/\/llarscompartides.org\/es\/wp-json\/wp\/v2\/tags?post=2041"}],"curies":[{"name":"wp","href":"https:\/\/api.w.org\/{rel}","templated":true}]}}