{"id":1066,"date":"2023-06-19T11:33:26","date_gmt":"2023-06-19T09:33:26","guid":{"rendered":"https:\/\/llarscompartides.org\/jubilats-que-viuen-junts-per-arribar-a-final-de-mes\/"},"modified":"2023-06-20T11:40:13","modified_gmt":"2023-06-20T09:40:13","slug":"jubilats-que-viuen-junts-per-arribar-a-final-de-mes","status":"publish","type":"post","link":"https:\/\/llarscompartides.org\/es\/jubilats-que-viuen-junts-per-arribar-a-final-de-mes\/","title":{"rendered":"Jubilados que viven juntos, para llegar a final de mes"},"content":{"rendered":"<div class=\"summary\">Entrevista en La Vanguardia a un grupo de residentes que conviven juntos en un hogar compartido.<\/div>\n<div><\/div>\n<div class=\"text\">\n<p>Ayer en <a class=\"bb a_bb\" href=\"https:\/\/www.lavanguardia.com\/vida\/20230618\/9044628\/jubilados-viven-llegar-mes.html\">La Vanguardia<\/a>, se public\u00f3 un reportaje en papel y a doble p\u00e1gina, sobre la convivencia en cohabitaje, de la mano de cuatro residentes que conviven juntos en el modelo de cohousing senior que gestiona la Fundaci\u00f3m: 12 pisos compartidos, 49 personas atendidas.<\/p>\n<p>Y en <a class=\"bb a_bb\" href=\"https:\/\/www.ccma.cat\/catradio\/catalunya-migdia-cap-de-setmana\/compartir-pis-passats-els-60-es-dificil-que-ens-vulguin-llogar-una-habitacio\/noticia\/3235865\/\">Catalunya R\u00e0dio<\/a>: Catalunya Informaci\u00f3.<\/p>\n<p>Seg\u00fan los datos del 2022, el 2,1% de las personas mayores de 65 a\u00f1os de Barcelona, dicen que se sienten solas a menudo. Per aix\u00f2, neix una Guia per a la prevenci\u00f3, detecci\u00f3 i acompanyament de persones grans en situacions de soledat.<\/p>\n<\/div>\n<div><\/div>\n<div><\/div>\n<div>\n\n\t\t<style type=\"text\/css\">\n\t\t\t#gallery-1 {\n\t\t\t\tmargin: auto;\n\t\t\t}\n\t\t\t#gallery-1 .gallery-item {\n\t\t\t\tfloat: left;\n\t\t\t\tmargin-top: 10px;\n\t\t\t\ttext-align: center;\n\t\t\t\twidth: 50%;\n\t\t\t}\n\t\t\t#gallery-1 img {\n\t\t\t\tborder: 2px solid #cfcfcf;\n\t\t\t}\n\t\t\t#gallery-1 .gallery-caption {\n\t\t\t\tmargin-left: 0;\n\t\t\t}\n\t\t\t\/* see gallery_shortcode() in wp-includes\/media.php *\/\n\t\t<\/style>\n\t\t<div id='gallery-1' class='gallery galleryid-1066 gallery-columns-2 gallery-size-full'><dl class='gallery-item'>\n\t\t\t<dt class='gallery-icon portrait'>\n\t\t\t\t<a href='https:\/\/llarscompartides.org\/wp-content\/uploads\/2023\/06\/IMG-20230618-WA0002.jpg'><img fetchpriority=\"high\" decoding=\"async\" width=\"920\" height=\"1233\" src=\"https:\/\/llarscompartides.org\/wp-content\/uploads\/2023\/06\/IMG-20230618-WA0002.jpg\" class=\"attachment-full size-full\" alt=\"\" srcset=\"https:\/\/llarscompartides.org\/wp-content\/uploads\/2023\/06\/IMG-20230618-WA0002.jpg 920w, https:\/\/llarscompartides.org\/wp-content\/uploads\/2023\/06\/IMG-20230618-WA0002-224x300.jpg 224w, https:\/\/llarscompartides.org\/wp-content\/uploads\/2023\/06\/IMG-20230618-WA0002-764x1024.jpg 764w, https:\/\/llarscompartides.org\/wp-content\/uploads\/2023\/06\/IMG-20230618-WA0002-768x1029.jpg 768w, https:\/\/llarscompartides.org\/wp-content\/uploads\/2023\/06\/IMG-20230618-WA0002-700x938.jpg 700w\" sizes=\"(max-width: 920px) 100vw, 920px\" \/><\/a>\n\t\t\t<\/dt><\/dl><dl class='gallery-item'>\n\t\t\t<dt class='gallery-icon portrait'>\n\t\t\t\t<a href='https:\/\/llarscompartides.org\/wp-content\/uploads\/2023\/06\/La-Vanguardia.jpeg'><img decoding=\"async\" width=\"882\" height=\"1200\" src=\"https:\/\/llarscompartides.org\/wp-content\/uploads\/2023\/06\/La-Vanguardia.jpeg\" class=\"attachment-full size-full\" alt=\"\" srcset=\"https:\/\/llarscompartides.org\/wp-content\/uploads\/2023\/06\/La-Vanguardia.jpeg 882w, https:\/\/llarscompartides.org\/wp-content\/uploads\/2023\/06\/La-Vanguardia-221x300.jpeg 221w, https:\/\/llarscompartides.org\/wp-content\/uploads\/2023\/06\/La-Vanguardia-753x1024.jpeg 753w, https:\/\/llarscompartides.org\/wp-content\/uploads\/2023\/06\/La-Vanguardia-768x1045.jpeg 768w, https:\/\/llarscompartides.org\/wp-content\/uploads\/2023\/06\/La-Vanguardia-700x952.jpeg 700w\" sizes=\"(max-width: 882px) 100vw, 882px\" \/><\/a>\n\t\t\t<\/dt><\/dl><br style=\"clear: both\" \/>\n\t\t<\/div>\n\n<\/div>\n","protected":false},"excerpt":{"rendered":"<p>Entrevista en La Vanguardia a un grupo de residentes que conviven juntos en un hogar compartido. Ayer en La Vanguardia, se public\u00f3 un reportaje en papel y a doble p\u00e1gina, sobre la convivencia en cohabitaje, de la mano de cuatro residentes que conviven juntos en&#8230;<\/p>\n","protected":false},"author":3,"featured_media":1064,"comment_status":"open","ping_status":"open","sticky":false,"template":"","format":"standard","meta":{"footnotes":""},"categories":[],"tags":[],"class_list":["post-1066","post","type-post","status-publish","format-standard","has-post-thumbnail","hentry"],"yoast_head":"<!-- This site is optimized with the Yoast SEO plugin v27.5 - https:\/\/yoast.com\/product\/yoast-seo-wordpress\/ -->\n<title>Jubilados que viven juntos, para llegar a final de mes - FLLC<\/title>\n<meta name=\"description\" content=\"Entrevista en La Vanguardia a un grupo de residentes que conviven juntos en un hogar compartido.\" \/>\n<meta name=\"robots\" content=\"index, follow, max-snippet:-1, max-image-preview:large, max-video-preview:-1\" \/>\n<link rel=\"canonical\" href=\"https:\/\/llarscompartides.org\/es\/jubilats-que-viuen-junts-per-arribar-a-final-de-mes\/\" \/>\n<meta property=\"og:locale\" content=\"es_ES\" \/>\n<meta property=\"og:type\" content=\"article\" \/>\n<meta property=\"og:title\" content=\"Jubilados que viven juntos, para llegar a final de mes - FLLC\" \/>\n<meta property=\"og:description\" content=\"Entrevista en La Vanguardia a un grupo de residentes que conviven juntos en un hogar compartido.\" \/>\n<meta property=\"og:url\" content=\"https:\/\/llarscompartides.org\/es\/jubilats-que-viuen-junts-per-arribar-a-final-de-mes\/\" \/>\n<meta property=\"og:site_name\" content=\"FLLC\" \/>\n<meta property=\"article:published_time\" content=\"2023-06-19T09:33:26+00:00\" \/>\n<meta property=\"article:modified_time\" content=\"2023-06-20T09:40:13+00:00\" \/>\n<meta property=\"og:image\" content=\"https:\/\/llarscompartides.org\/wp-content\/uploads\/2023\/06\/La-Vanguardia2.jpg\" \/>\n\t<meta property=\"og:image:width\" content=\"757\" \/>\n\t<meta property=\"og:image:height\" content=\"453\" \/>\n\t<meta property=\"og:image:type\" content=\"image\/jpeg\" \/>\n<meta name=\"author\" content=\"Mar\u00eda Cruz Parayre\" \/>\n<meta name=\"twitter:card\" content=\"summary_large_image\" \/>\n<meta name=\"twitter:creator\" content=\"@LlarsCompartids\" \/>\n<meta name=\"twitter:site\" content=\"@LlarsCompartids\" \/>\n<meta name=\"twitter:label1\" content=\"Escrito por\" \/>\n\t<meta name=\"twitter:data1\" content=\"Mar\u00eda Cruz Parayre\" \/>\n\t<meta name=\"twitter:label2\" content=\"Tiempo de lectura\" \/>\n\t<meta name=\"twitter:data2\" content=\"1 minuto\" \/>\n<script type=\"application\/ld+json\" class=\"yoast-schema-graph\">{\"@context\":\"https:\\\/\\\/schema.org\",\"@graph\":[{\"@type\":\"Article\",\"@id\":\"https:\\\/\\\/llarscompartides.org\\\/es\\\/jubilats-que-viuen-junts-per-arribar-a-final-de-mes\\\/#article\",\"isPartOf\":{\"@id\":\"https:\\\/\\\/llarscompartides.org\\\/es\\\/jubilats-que-viuen-junts-per-arribar-a-final-de-mes\\\/\"},\"author\":{\"name\":\"Mar\u00eda Cruz Parayre\",\"@id\":\"https:\\\/\\\/llarscompartides.org\\\/es\\\/#\\\/schema\\\/person\\\/62c802948bbb446ac7fb8080a0f1564f\"},\"headline\":\"Jubilados que viven juntos, para llegar a final de mes\",\"datePublished\":\"2023-06-19T09:33:26+00:00\",\"dateModified\":\"2023-06-20T09:40:13+00:00\",\"mainEntityOfPage\":{\"@id\":\"https:\\\/\\\/llarscompartides.org\\\/es\\\/jubilats-que-viuen-junts-per-arribar-a-final-de-mes\\\/\"},\"wordCount\":125,\"commentCount\":0,\"publisher\":{\"@id\":\"https:\\\/\\\/llarscompartides.org\\\/es\\\/#organization\"},\"image\":{\"@id\":\"https:\\\/\\\/llarscompartides.org\\\/es\\\/jubilats-que-viuen-junts-per-arribar-a-final-de-mes\\\/#primaryimage\"},\"thumbnailUrl\":\"https:\\\/\\\/llarscompartides.org\\\/wp-content\\\/uploads\\\/2023\\\/06\\\/La-Vanguardia2.jpg\",\"inLanguage\":\"es\",\"potentialAction\":[{\"@type\":\"CommentAction\",\"name\":\"Comment\",\"target\":[\"https:\\\/\\\/llarscompartides.org\\\/es\\\/jubilats-que-viuen-junts-per-arribar-a-final-de-mes\\\/#respond\"]}]},{\"@type\":\"WebPage\",\"@id\":\"https:\\\/\\\/llarscompartides.org\\\/es\\\/jubilats-que-viuen-junts-per-arribar-a-final-de-mes\\\/\",\"url\":\"https:\\\/\\\/llarscompartides.org\\\/es\\\/jubilats-que-viuen-junts-per-arribar-a-final-de-mes\\\/\",\"name\":\"Jubilados que viven juntos, para llegar a final de mes - FLLC\",\"isPartOf\":{\"@id\":\"https:\\\/\\\/llarscompartides.org\\\/es\\\/#website\"},\"primaryImageOfPage\":{\"@id\":\"https:\\\/\\\/llarscompartides.org\\\/es\\\/jubilats-que-viuen-junts-per-arribar-a-final-de-mes\\\/#primaryimage\"},\"image\":{\"@id\":\"https:\\\/\\\/llarscompartides.org\\\/es\\\/jubilats-que-viuen-junts-per-arribar-a-final-de-mes\\\/#primaryimage\"},\"thumbnailUrl\":\"https:\\\/\\\/llarscompartides.org\\\/wp-content\\\/uploads\\\/2023\\\/06\\\/La-Vanguardia2.jpg\",\"datePublished\":\"2023-06-19T09:33:26+00:00\",\"dateModified\":\"2023-06-20T09:40:13+00:00\",\"description\":\"Entrevista en La Vanguardia a un grupo de residentes que conviven juntos en un hogar compartido.\",\"breadcrumb\":{\"@id\":\"https:\\\/\\\/llarscompartides.org\\\/es\\\/jubilats-que-viuen-junts-per-arribar-a-final-de-mes\\\/#breadcrumb\"},\"inLanguage\":\"es\",\"potentialAction\":[{\"@type\":\"ReadAction\",\"target\":[\"https:\\\/\\\/llarscompartides.org\\\/es\\\/jubilats-que-viuen-junts-per-arribar-a-final-de-mes\\\/\"]}]},{\"@type\":\"ImageObject\",\"inLanguage\":\"es\",\"@id\":\"https:\\\/\\\/llarscompartides.org\\\/es\\\/jubilats-que-viuen-junts-per-arribar-a-final-de-mes\\\/#primaryimage\",\"url\":\"https:\\\/\\\/llarscompartides.org\\\/wp-content\\\/uploads\\\/2023\\\/06\\\/La-Vanguardia2.jpg\",\"contentUrl\":\"https:\\\/\\\/llarscompartides.org\\\/wp-content\\\/uploads\\\/2023\\\/06\\\/La-Vanguardia2.jpg\",\"width\":757,\"height\":453},{\"@type\":\"BreadcrumbList\",\"@id\":\"https:\\\/\\\/llarscompartides.org\\\/es\\\/jubilats-que-viuen-junts-per-arribar-a-final-de-mes\\\/#breadcrumb\",\"itemListElement\":[{\"@type\":\"ListItem\",\"position\":1,\"name\":\"Home\",\"item\":\"https:\\\/\\\/llarscompartides.org\\\/es\\\/inicio-nueva\\\/\"},{\"@type\":\"ListItem\",\"position\":2,\"name\":\"Jubilados que viven juntos, para llegar a final de mes\"}]},{\"@type\":\"WebSite\",\"@id\":\"https:\\\/\\\/llarscompartides.org\\\/es\\\/#website\",\"url\":\"https:\\\/\\\/llarscompartides.org\\\/es\\\/\",\"name\":\"llarscompartides.com\",\"description\":\"Fundaci\u00f3 llars compartides\",\"publisher\":{\"@id\":\"https:\\\/\\\/llarscompartides.org\\\/es\\\/#organization\"},\"potentialAction\":[{\"@type\":\"SearchAction\",\"target\":{\"@type\":\"EntryPoint\",\"urlTemplate\":\"https:\\\/\\\/llarscompartides.org\\\/es\\\/?s={search_term_string}\"},\"query-input\":{\"@type\":\"PropertyValueSpecification\",\"valueRequired\":true,\"valueName\":\"search_term_string\"}}],\"inLanguage\":\"es\"},{\"@type\":\"Organization\",\"@id\":\"https:\\\/\\\/llarscompartides.org\\\/es\\\/#organization\",\"name\":\"Fundaci\u00f3 Llars Compartides\",\"url\":\"https:\\\/\\\/llarscompartides.org\\\/es\\\/\",\"logo\":{\"@type\":\"ImageObject\",\"inLanguage\":\"es\",\"@id\":\"https:\\\/\\\/llarscompartides.org\\\/es\\\/#\\\/schema\\\/logo\\\/image\\\/\",\"url\":\"https:\\\/\\\/llarscompartides.org\\\/wp-content\\\/uploads\\\/2023\\\/06\\\/logo-llars-compartides-001.jpg\",\"contentUrl\":\"https:\\\/\\\/llarscompartides.org\\\/wp-content\\\/uploads\\\/2023\\\/06\\\/logo-llars-compartides-001.jpg\",\"width\":1684,\"height\":1191,\"caption\":\"Fundaci\u00f3 Llars Compartides\"},\"image\":{\"@id\":\"https:\\\/\\\/llarscompartides.org\\\/es\\\/#\\\/schema\\\/logo\\\/image\\\/\"},\"sameAs\":[\"https:\\\/\\\/x.com\\\/LlarsCompartids\",\"https:\\\/\\\/www.linkedin.com\\\/in\\\/fundaci-privada-llars-compartides-930216a6\\\/\"]},{\"@type\":\"Person\",\"@id\":\"https:\\\/\\\/llarscompartides.org\\\/es\\\/#\\\/schema\\\/person\\\/62c802948bbb446ac7fb8080a0f1564f\",\"name\":\"Mar\u00eda Cruz Parayre\",\"url\":\"https:\\\/\\\/llarscompartides.org\\\/es\\\/author\\\/llarscompartides\\\/\"}]}<\/script>\n<!-- \/ Yoast SEO plugin. -->","yoast_head_json":{"title":"Jubilados que viven juntos, para llegar a final de mes - FLLC","description":"Entrevista en La Vanguardia a un grupo de residentes que conviven juntos en un hogar compartido.","robots":{"index":"index","follow":"follow","max-snippet":"max-snippet:-1","max-image-preview":"max-image-preview:large","max-video-preview":"max-video-preview:-1"},"canonical":"https:\/\/llarscompartides.org\/es\/jubilats-que-viuen-junts-per-arribar-a-final-de-mes\/","og_locale":"es_ES","og_type":"article","og_title":"Jubilados que viven juntos, para llegar a final de mes - FLLC","og_description":"Entrevista en La Vanguardia a un grupo de residentes que conviven juntos en un hogar compartido.","og_url":"https:\/\/llarscompartides.org\/es\/jubilats-que-viuen-junts-per-arribar-a-final-de-mes\/","og_site_name":"FLLC","article_published_time":"2023-06-19T09:33:26+00:00","article_modified_time":"2023-06-20T09:40:13+00:00","og_image":[{"width":757,"height":453,"url":"https:\/\/llarscompartides.org\/wp-content\/uploads\/2023\/06\/La-Vanguardia2.jpg","type":"image\/jpeg"}],"author":"Mar\u00eda Cruz Parayre","twitter_card":"summary_large_image","twitter_creator":"@LlarsCompartids","twitter_site":"@LlarsCompartids","twitter_misc":{"Escrito por":"Mar\u00eda Cruz Parayre","Tiempo de lectura":"1 minuto"},"schema":{"@context":"https:\/\/schema.org","@graph":[{"@type":"Article","@id":"https:\/\/llarscompartides.org\/es\/jubilats-que-viuen-junts-per-arribar-a-final-de-mes\/#article","isPartOf":{"@id":"https:\/\/llarscompartides.org\/es\/jubilats-que-viuen-junts-per-arribar-a-final-de-mes\/"},"author":{"name":"Mar\u00eda Cruz Parayre","@id":"https:\/\/llarscompartides.org\/es\/#\/schema\/person\/62c802948bbb446ac7fb8080a0f1564f"},"headline":"Jubilados que viven juntos, para llegar a final de mes","datePublished":"2023-06-19T09:33:26+00:00","dateModified":"2023-06-20T09:40:13+00:00","mainEntityOfPage":{"@id":"https:\/\/llarscompartides.org\/es\/jubilats-que-viuen-junts-per-arribar-a-final-de-mes\/"},"wordCount":125,"commentCount":0,"publisher":{"@id":"https:\/\/llarscompartides.org\/es\/#organization"},"image":{"@id":"https:\/\/llarscompartides.org\/es\/jubilats-que-viuen-junts-per-arribar-a-final-de-mes\/#primaryimage"},"thumbnailUrl":"https:\/\/llarscompartides.org\/wp-content\/uploads\/2023\/06\/La-Vanguardia2.jpg","inLanguage":"es","potentialAction":[{"@type":"CommentAction","name":"Comment","target":["https:\/\/llarscompartides.org\/es\/jubilats-que-viuen-junts-per-arribar-a-final-de-mes\/#respond"]}]},{"@type":"WebPage","@id":"https:\/\/llarscompartides.org\/es\/jubilats-que-viuen-junts-per-arribar-a-final-de-mes\/","url":"https:\/\/llarscompartides.org\/es\/jubilats-que-viuen-junts-per-arribar-a-final-de-mes\/","name":"Jubilados que viven juntos, para llegar a final de mes - FLLC","isPartOf":{"@id":"https:\/\/llarscompartides.org\/es\/#website"},"primaryImageOfPage":{"@id":"https:\/\/llarscompartides.org\/es\/jubilats-que-viuen-junts-per-arribar-a-final-de-mes\/#primaryimage"},"image":{"@id":"https:\/\/llarscompartides.org\/es\/jubilats-que-viuen-junts-per-arribar-a-final-de-mes\/#primaryimage"},"thumbnailUrl":"https:\/\/llarscompartides.org\/wp-content\/uploads\/2023\/06\/La-Vanguardia2.jpg","datePublished":"2023-06-19T09:33:26+00:00","dateModified":"2023-06-20T09:40:13+00:00","description":"Entrevista en La Vanguardia a un grupo de residentes que conviven juntos en un hogar compartido.","breadcrumb":{"@id":"https:\/\/llarscompartides.org\/es\/jubilats-que-viuen-junts-per-arribar-a-final-de-mes\/#breadcrumb"},"inLanguage":"es","potentialAction":[{"@type":"ReadAction","target":["https:\/\/llarscompartides.org\/es\/jubilats-que-viuen-junts-per-arribar-a-final-de-mes\/"]}]},{"@type":"ImageObject","inLanguage":"es","@id":"https:\/\/llarscompartides.org\/es\/jubilats-que-viuen-junts-per-arribar-a-final-de-mes\/#primaryimage","url":"https:\/\/llarscompartides.org\/wp-content\/uploads\/2023\/06\/La-Vanguardia2.jpg","contentUrl":"https:\/\/llarscompartides.org\/wp-content\/uploads\/2023\/06\/La-Vanguardia2.jpg","width":757,"height":453},{"@type":"BreadcrumbList","@id":"https:\/\/llarscompartides.org\/es\/jubilats-que-viuen-junts-per-arribar-a-final-de-mes\/#breadcrumb","itemListElement":[{"@type":"ListItem","position":1,"name":"Home","item":"https:\/\/llarscompartides.org\/es\/inicio-nueva\/"},{"@type":"ListItem","position":2,"name":"Jubilados que viven juntos, para llegar a final de mes"}]},{"@type":"WebSite","@id":"https:\/\/llarscompartides.org\/es\/#website","url":"https:\/\/llarscompartides.org\/es\/","name":"llarscompartides.com","description":"Fundaci\u00f3 llars compartides","publisher":{"@id":"https:\/\/llarscompartides.org\/es\/#organization"},"potentialAction":[{"@type":"SearchAction","target":{"@type":"EntryPoint","urlTemplate":"https:\/\/llarscompartides.org\/es\/?s={search_term_string}"},"query-input":{"@type":"PropertyValueSpecification","valueRequired":true,"valueName":"search_term_string"}}],"inLanguage":"es"},{"@type":"Organization","@id":"https:\/\/llarscompartides.org\/es\/#organization","name":"Fundaci\u00f3 Llars Compartides","url":"https:\/\/llarscompartides.org\/es\/","logo":{"@type":"ImageObject","inLanguage":"es","@id":"https:\/\/llarscompartides.org\/es\/#\/schema\/logo\/image\/","url":"https:\/\/llarscompartides.org\/wp-content\/uploads\/2023\/06\/logo-llars-compartides-001.jpg","contentUrl":"https:\/\/llarscompartides.org\/wp-content\/uploads\/2023\/06\/logo-llars-compartides-001.jpg","width":1684,"height":1191,"caption":"Fundaci\u00f3 Llars Compartides"},"image":{"@id":"https:\/\/llarscompartides.org\/es\/#\/schema\/logo\/image\/"},"sameAs":["https:\/\/x.com\/LlarsCompartids","https:\/\/www.linkedin.com\/in\/fundaci-privada-llars-compartides-930216a6\/"]},{"@type":"Person","@id":"https:\/\/llarscompartides.org\/es\/#\/schema\/person\/62c802948bbb446ac7fb8080a0f1564f","name":"Mar\u00eda Cruz Parayre","url":"https:\/\/llarscompartides.org\/es\/author\/llarscompartides\/"}]}},"_links":{"self":[{"href":"https:\/\/llarscompartides.org\/es\/wp-json\/wp\/v2\/posts\/1066","targetHints":{"allow":["GET"]}}],"collection":[{"href":"https:\/\/llarscompartides.org\/es\/wp-json\/wp\/v2\/posts"}],"about":[{"href":"https:\/\/llarscompartides.org\/es\/wp-json\/wp\/v2\/types\/post"}],"author":[{"embeddable":true,"href":"https:\/\/llarscompartides.org\/es\/wp-json\/wp\/v2\/users\/3"}],"replies":[{"embeddable":true,"href":"https:\/\/llarscompartides.org\/es\/wp-json\/wp\/v2\/comments?post=1066"}],"version-history":[{"count":2,"href":"https:\/\/llarscompartides.org\/es\/wp-json\/wp\/v2\/posts\/1066\/revisions"}],"predecessor-version":[{"id":1069,"href":"https:\/\/llarscompartides.org\/es\/wp-json\/wp\/v2\/posts\/1066\/revisions\/1069"}],"wp:featuredmedia":[{"embeddable":true,"href":"https:\/\/llarscompartides.org\/es\/wp-json\/wp\/v2\/media\/1064"}],"wp:attachment":[{"href":"https:\/\/llarscompartides.org\/es\/wp-json\/wp\/v2\/media?parent=1066"}],"wp:term":[{"taxonomy":"category","embeddable":true,"href":"https:\/\/llarscompartides.org\/es\/wp-json\/wp\/v2\/categories?post=1066"},{"taxonomy":"post_tag","embeddable":true,"href":"https:\/\/llarscompartides.org\/es\/wp-json\/wp\/v2\/tags?post=1066"}],"curies":[{"name":"wp","href":"https:\/\/api.w.org\/{rel}","templated":true}]}}